{"id":9998,"date":"2013-12-17T00:10:12","date_gmt":"2013-12-17T03:10:12","guid":{"rendered":"http:\/\/putaendouno.cl\/?p=9998"},"modified":"2013-12-17T00:10:12","modified_gmt":"2013-12-17T03:10:12","slug":"asombrosas-ofertas-en-feria-navidena-de-putaendo","status":"publish","type":"post","link":"https:\/\/putaendouno.cl\/?p=9998","title":{"rendered":"\u00a1Asombrosas ofertas en Feria Navide\u00f1a de Putaendo!"},"content":{"rendered":"<div class=\"lazysocialbuttons\" data-float=\"left\" data-buttons=\"google,twitter,facebook\" data-twshareurl=\"https:\/\/putaendouno.cl\/?p=9998\" data-twtext=\"\" data-shareurl=\"https:\/\/putaendouno.cl\/?p=9998\" data-fbhideflyout=\"false\" data-backgroundtype=\"light\"><\/div><h3><span style=\"color: #0000ff;\"><a href=\"http:\/\/putaendouno.cl\/wp-content\/uploads\/2013\/12\/feria-port.jpg\"><img loading=\"lazy\" decoding=\"async\" class=\"aligncenter size-full wp-image-9999\" alt=\"feria port\" src=\"http:\/\/putaendouno.cl\/wp-content\/uploads\/2013\/12\/feria-port.jpg\" width=\"640\" height=\"320\" srcset=\"https:\/\/putaendouno.cl\/wp-content\/uploads\/2013\/12\/feria-port.jpg 640w, https:\/\/putaendouno.cl\/wp-content\/uploads\/2013\/12\/feria-port-300x150.jpg 300w\" sizes=\"auto, (max-width: 640px) 100vw, 640px\" \/><\/a>&#8220;Tenemos los mejores precios y la gente prefiere comprar en Putaendo antes que ir a otras ciudades&#8221;, dijo Cristina Soto.-<\/span><\/h3>\n<p>Microemprendedores, artesanos, comerciantes y socios del Fondo Esperanza son los orgullosos expositores que presentan sus productos en la Feria Navide\u00f1a 2013 de Putaendo, ubicada en la vereda sur de la Alameda Alessandri.<\/p>\n<p>Esta semana ya se entra en tierra derecha para la Navidad, y todos hacen gala de su mejor labia para ofrecer sus productos, cuya diversidad es dif\u00edcil de encontrar en otra parte.<\/p>\n<p>Cristina Soto (foto der.), una de las organizadoras y entusiasta emprendedora, se\u00f1al\u00f3 a <span style=\"color: #0000ff;\">Putaendo Uno<\/span> que &#8220;Queremos invitar a todos los <a href=\"http:\/\/putaendouno.cl\/wp-content\/uploads\/2013\/12\/cristina-soto.jpg\"><img loading=\"lazy\" decoding=\"async\" class=\"alignright  wp-image-10000\" alt=\"cristina soto\" src=\"http:\/\/putaendouno.cl\/wp-content\/uploads\/2013\/12\/cristina-soto-300x224.jpg\" width=\"240\" height=\"179\" srcset=\"https:\/\/putaendouno.cl\/wp-content\/uploads\/2013\/12\/cristina-soto-300x224.jpg 300w, https:\/\/putaendouno.cl\/wp-content\/uploads\/2013\/12\/cristina-soto.jpg 448w\" sizes=\"auto, (max-width: 240px) 100vw, 240px\" \/><\/a>putaendinos para que no se vayan a comprar a otra ciudad. Ac\u00e1 van a encontrar todos los regalos que andan buscando, ropa, zapatos, artesan\u00eda, art\u00edculos de bazar, plantas, productos gastron\u00f3micos, juguetes, electr\u00f3nicos, pintura y dise\u00f1o de u\u00f1as. En fin, son mas de 20 locales este a\u00f1o, a lo que debemos agregar que el lugar es muy bonito, con una temperatura fresca y agradable, \u00a1si hasta jugos naturales hay para nuestros visitantes!. Y lo m\u00e1s importante, tenemos el servicio para que se lleven sus regalos empaquetados, para que ayuden al Viejito Pascuero en su casa&#8221;, dijo la locataria.<\/p>\n<p><a href=\"http:\/\/putaendouno.cl\/wp-content\/uploads\/2013\/12\/Feria-Carmen-V\u00e9liz.jpg\"><img loading=\"lazy\" decoding=\"async\" class=\"alignleft  wp-image-10001\" alt=\"Feria Carmen V\u00e9liz\" src=\"http:\/\/putaendouno.cl\/wp-content\/uploads\/2013\/12\/Feria-Carmen-V\u00e9liz-300x224.jpg\" width=\"240\" height=\"179\" srcset=\"https:\/\/putaendouno.cl\/wp-content\/uploads\/2013\/12\/Feria-Carmen-V\u00e9liz-300x224.jpg 300w, https:\/\/putaendouno.cl\/wp-content\/uploads\/2013\/12\/Feria-Carmen-V\u00e9liz.jpg 448w\" sizes=\"auto, (max-width: 240px) 100vw, 240px\" \/><\/a>Junto con el esfuerzo y trabajo que les demanda la realizaci\u00f3n de la feria navide\u00f1a, se aprecia adem\u00e1s un grato ambiente de camarader\u00eda y amistad entre los locatarios, lo que permite una compra y recorrido muy distendidos, tranquilo, y lo m\u00e1s importante, con seguridad, sin tener que andar con sobresaltos y miedos como sucede en estas fechas en ciudades m\u00e1s grandes. Eso es parte de lo que ofrecen Marianela, Carmen V. (fot izq.), Cristina S., Rossana O., Elizabeth M., Mar\u00eda Jos\u00e9 C., Teresa N. y Leidy L., entre muchas otras.<\/p>\n<p>El Fondo Esperanza ha sido una herramienta muy importante para apoyar los esforzados emprendimientos de algunas vecinas, muchas veces mujeres jefes de hogar, dispuestas a dar todo de si para sacar adelante a sus familias. Es justo que la comunidad de Putaendo muestre esa &#8220;garra solidaria&#8221; que tantas veces ha caracterizado a la gente de esta tierra, y se vayan a dar una vuelta por la feria, que funciona hasta cerca de las 10 de la noche, y m\u00e1s. Se sorprender\u00e1n con la calidad y variedad de la oferta pascuera, y de paso, se regala un poco de ese &#8220;esp\u00edritu navide\u00f1o&#8221; a estos dignos representantes de Putaendo.<\/p>\n\n\t\t<style type=\"text\/css\">\n\t\t\t#gallery-1 {\n\t\t\t\tmargin: auto;\n\t\t\t}\n\t\t\t#gallery-1 .gallery-item {\n\t\t\t\tfloat: left;\n\t\t\t\tmargin-top: 10px;\n\t\t\t\ttext-align: center;\n\t\t\t\twidth: 33%;\n\t\t\t}\n\t\t\t#gallery-1 img {\n\t\t\t\tborder: 2px solid #cfcfcf;\n\t\t\t}\n\t\t\t#gallery-1 .gallery-caption {\n\t\t\t\tmargin-left: 0;\n\t\t\t}\n\t\t\t\/* see gallery_shortcode() in wp-includes\/media.php *\/\n\t\t<\/style>\n\t\t<div id='gallery-1' class='gallery galleryid-9998 gallery-columns-3 gallery-size-thumbnail'><dl class='gallery-item'>\n\t\t\t<dt class='gallery-icon landscape'>\n\t\t\t\t<a href='https:\/\/putaendouno.cl\/?attachment_id=10002'><img loading=\"lazy\" decoding=\"async\" width=\"150\" height=\"150\" src=\"https:\/\/putaendouno.cl\/wp-content\/uploads\/2013\/12\/feria1-150x150.jpg\" class=\"attachment-thumbnail size-thumbnail\" alt=\"\" \/><\/a>\n\t\t\t<\/dt><\/dl><dl class='gallery-item'>\n\t\t\t<dt class='gallery-icon landscape'>\n\t\t\t\t<a href='https:\/\/putaendouno.cl\/?attachment_id=10003'><img loading=\"lazy\" decoding=\"async\" width=\"150\" height=\"150\" src=\"https:\/\/putaendouno.cl\/wp-content\/uploads\/2013\/12\/feria2-150x150.jpg\" class=\"attachment-thumbnail size-thumbnail\" alt=\"\" \/><\/a>\n\t\t\t<\/dt><\/dl><dl class='gallery-item'>\n\t\t\t<dt class='gallery-icon landscape'>\n\t\t\t\t<a href='https:\/\/putaendouno.cl\/?attachment_id=10004'><img loading=\"lazy\" decoding=\"async\" width=\"150\" height=\"150\" src=\"https:\/\/putaendouno.cl\/wp-content\/uploads\/2013\/12\/feria3-150x150.jpg\" class=\"attachment-thumbnail size-thumbnail\" alt=\"\" \/><\/a>\n\t\t\t<\/dt><\/dl><br style=\"clear: both\" \/><dl class='gallery-item'>\n\t\t\t<dt class='gallery-icon landscape'>\n\t\t\t\t<a href='https:\/\/putaendouno.cl\/?attachment_id=10005'><img loading=\"lazy\" decoding=\"async\" width=\"150\" height=\"150\" src=\"https:\/\/putaendouno.cl\/wp-content\/uploads\/2013\/12\/feria4-150x150.jpg\" class=\"attachment-thumbnail size-thumbnail\" alt=\"\" \/><\/a>\n\t\t\t<\/dt><\/dl><dl class='gallery-item'>\n\t\t\t<dt class='gallery-icon landscape'>\n\t\t\t\t<a href='https:\/\/putaendouno.cl\/?attachment_id=10006'><img loading=\"lazy\" decoding=\"async\" width=\"150\" height=\"150\" src=\"https:\/\/putaendouno.cl\/wp-content\/uploads\/2013\/12\/feria5-150x150.jpg\" class=\"attachment-thumbnail size-thumbnail\" alt=\"\" \/><\/a>\n\t\t\t<\/dt><\/dl><dl class='gallery-item'>\n\t\t\t<dt class='gallery-icon landscape'>\n\t\t\t\t<a href='https:\/\/putaendouno.cl\/?attachment_id=10007'><img loading=\"lazy\" decoding=\"async\" width=\"150\" height=\"150\" src=\"https:\/\/putaendouno.cl\/wp-content\/uploads\/2013\/12\/feria6-Nela-150x150.jpg\" class=\"attachment-thumbnail size-thumbnail\" alt=\"\" \/><\/a>\n\t\t\t<\/dt><\/dl><br style=\"clear: both\" \/><dl class='gallery-item'>\n\t\t\t<dt class='gallery-icon landscape'>\n\t\t\t\t<a href='https:\/\/putaendouno.cl\/?attachment_id=10008'><img loading=\"lazy\" decoding=\"async\" width=\"150\" height=\"150\" src=\"https:\/\/putaendouno.cl\/wp-content\/uploads\/2013\/12\/feria7-150x150.jpg\" class=\"attachment-thumbnail size-thumbnail\" alt=\"\" \/><\/a>\n\t\t\t<\/dt><\/dl><dl class='gallery-item'>\n\t\t\t<dt class='gallery-icon landscape'>\n\t\t\t\t<a href='https:\/\/putaendouno.cl\/?attachment_id=10009'><img loading=\"lazy\" decoding=\"async\" width=\"150\" height=\"150\" src=\"https:\/\/putaendouno.cl\/wp-content\/uploads\/2013\/12\/feria8-150x150.jpg\" class=\"attachment-thumbnail size-thumbnail\" alt=\"\" \/><\/a>\n\t\t\t<\/dt><\/dl><dl class='gallery-item'>\n\t\t\t<dt class='gallery-icon landscape'>\n\t\t\t\t<a href='https:\/\/putaendouno.cl\/?attachment_id=10010'><img loading=\"lazy\" decoding=\"async\" width=\"150\" height=\"150\" src=\"https:\/\/putaendouno.cl\/wp-content\/uploads\/2013\/12\/feria9-Leidy-Lazcano-150x150.jpg\" class=\"attachment-thumbnail size-thumbnail\" alt=\"\" \/><\/a>\n\t\t\t<\/dt><\/dl><br style=\"clear: both\" \/>\n\t\t<\/div>\n\n","protected":false},"excerpt":{"rendered":"<p>&#8220;Tenemos los mejores precios y la gente prefiere comprar en Putaendo antes que ir a otras ciudades&#8221;, dijo Cristina Soto.- Microemprendedores, artesanos, comerciantes y socios del Fondo Esperanza son los orgullosos expositores que presentan sus productos en la Feria Navide\u00f1a 2013 de Putaendo, ubicada en la vereda sur de la Alameda Alessandri. Esta semana ya [&hellip;]<\/p>\n","protected":false},"author":1,"featured_media":9999,"comment_status":"open","ping_status":"open","sticky":false,"template":"","format":"standard","meta":{"footnotes":""},"categories":[15,4],"tags":[],"class_list":["post-9998","post","type-post","status-publish","format-standard","has-post-thumbnail","hentry","category-general","category-putaendo"],"jetpack_sharing_enabled":true,"jetpack_featured_media_url":"https:\/\/putaendouno.cl\/wp-content\/uploads\/2013\/12\/feria-port.jpg","_links":{"self":[{"href":"https:\/\/putaendouno.cl\/index.php?rest_route=\/wp\/v2\/posts\/9998","targetHints":{"allow":["GET"]}}],"collection":[{"href":"https:\/\/putaendouno.cl\/index.php?rest_route=\/wp\/v2\/posts"}],"about":[{"href":"https:\/\/putaendouno.cl\/index.php?rest_route=\/wp\/v2\/types\/post"}],"author":[{"embeddable":true,"href":"https:\/\/putaendouno.cl\/index.php?rest_route=\/wp\/v2\/users\/1"}],"replies":[{"embeddable":true,"href":"https:\/\/putaendouno.cl\/index.php?rest_route=%2Fwp%2Fv2%2Fcomments&post=9998"}],"version-history":[{"count":1,"href":"https:\/\/putaendouno.cl\/index.php?rest_route=\/wp\/v2\/posts\/9998\/revisions"}],"predecessor-version":[{"id":10011,"href":"https:\/\/putaendouno.cl\/index.php?rest_route=\/wp\/v2\/posts\/9998\/revisions\/10011"}],"wp:featuredmedia":[{"embeddable":true,"href":"https:\/\/putaendouno.cl\/index.php?rest_route=\/wp\/v2\/media\/9999"}],"wp:attachment":[{"href":"https:\/\/putaendouno.cl\/index.php?rest_route=%2Fwp%2Fv2%2Fmedia&parent=9998"}],"wp:term":[{"taxonomy":"category","embeddable":true,"href":"https:\/\/putaendouno.cl\/index.php?rest_route=%2Fwp%2Fv2%2Fcategories&post=9998"},{"taxonomy":"post_tag","embeddable":true,"href":"https:\/\/putaendouno.cl\/index.php?rest_route=%2Fwp%2Fv2%2Ftags&post=9998"}],"curies":[{"name":"wp","href":"https:\/\/api.w.org\/{rel}","templated":true}]}}