{"id":9991,"date":"2013-12-16T01:16:50","date_gmt":"2013-12-16T04:16:50","guid":{"rendered":"http:\/\/putaendouno.cl\/?p=9991"},"modified":"2013-12-16T01:16:50","modified_gmt":"2013-12-16T04:16:50","slug":"michelle-bachelet-electa-presidenta-con-historico-62","status":"publish","type":"post","link":"https:\/\/putaendouno.cl\/?p=9991","title":{"rendered":"Michelle Bachelet electa Presidenta con hist\u00f3rico 62%"},"content":{"rendered":"<div class=\"lazysocialbuttons\" data-float=\"left\" data-buttons=\"google,twitter,facebook\" data-twshareurl=\"https:\/\/putaendouno.cl\/?p=9991\" data-twtext=\"\" data-shareurl=\"https:\/\/putaendouno.cl\/?p=9991\" data-fbhideflyout=\"false\" data-backgroundtype=\"light\"><\/div><h3 align=\"justify\"><span style=\"color: #0000ff;\"><a href=\"http:\/\/putaendouno.cl\/wp-content\/uploads\/2013\/12\/mb-gana.jpeg\"><img loading=\"lazy\" decoding=\"async\" class=\"aligncenter size-full wp-image-9992\" alt=\"mb gana\" src=\"http:\/\/putaendouno.cl\/wp-content\/uploads\/2013\/12\/mb-gana.jpeg\" width=\"640\" height=\"321\" srcset=\"https:\/\/putaendouno.cl\/wp-content\/uploads\/2013\/12\/mb-gana.jpeg 640w, https:\/\/putaendouno.cl\/wp-content\/uploads\/2013\/12\/mb-gana-300x150.jpeg 300w\" sizes=\"auto, (max-width: 640px) 100vw, 640px\" \/><\/a>Porcentaje es record en historia republicana de Chile. Casi 25 puntos por sobre su contendora.-<\/span><\/h3>\n<p align=\"justify\">Michelle Bachelet se transform\u00f3 en la <span style=\"text-decoration: underline;\"><span style=\"color: #0000ff; text-decoration: underline;\">Presidenta Electa de Chile<\/span><\/span> al triunfar este domingo en la\u00a0segunda vuelta presidencial, donde se midi\u00f3 con la candidata de la\u00a0Alianza, Evelyn Matthei.<\/p>\n<p align=\"justify\">La carta de\u00a0Nueva Mayor\u00eda\u00a0ratific\u00f3 en el balotaje la alta adhesi\u00f3n que obtuvo el pasado 17 de noviembre, qued\u00e1ndose con un\u00a062,16%\u00a0de las preferencias, con un\u00a099,96%\u00a0de las mesas escrutadas.<\/p>\n<p align=\"justify\">Matthei, por su parte,\u00a0logr\u00f3 subir su porcentaje respecto a la primera vuelta, pero no fue suficiente. El alza fue de un 25,01% a un\u00a037,83%.\u00a0La ex ministra del Trabajo, tras conocer los resultados, no dud\u00f3 en reconocer la derrota.\u00a0&#8220;Obviamente. Ya est\u00e1 claro, ella (Michelle Bachelet) gan\u00f3 y la felicito&#8221;, expres\u00f3.<\/p>\n<p align=\"justify\">Pasadas las 19.30 horas y ya con casi un 100% de las mesas escrutadas, el\u00a0Presidente de la Rep\u00fablica, Sebasti\u00e1n Pi\u00f1era, llam\u00f3 desde La Moneda a Bachelet, felicit\u00e1ndola por su triunfo.\u00a0&#8220;Quer\u00eda felicitarla y admirarla porque yo s\u00e9 que una campa\u00f1a de nueve meses es dura, pero ha obtenido un gran triunfo, los\u00a0chilenos se han expresado con claridad, en una elecci\u00f3n v\u00e1lida y transparente y es un gran orgullo&#8221;, dijo el actual Mandatario, quien entregar\u00e1 el 11 de marzo de 2014 la banda a Bachelet.<\/p>\n<p align=\"justify\">La Presidenta electa, desde la tarima dispuesta en la Alameda, agradeci\u00f3 a la ciudadan\u00eda la alta votaci\u00f3n obtenida y destac\u00f3 que lleg\u00f3 el momento de las &#8220;transformaciones de fondo&#8221;, tales como impulsar una\u00a0<span style=\"color: #0000ff;\">nueva Constituci\u00f3n<\/span>, establecer la<span style=\"color: #0000ff;\"> gratuidad universal en la educaci\u00f3n<\/span> y permitir el <span style=\"color: #0000ff;\">voto de chilenos en el extranjero<\/span>.<\/p>\n<p align=\"justify\">&#8220;En este tiempo Chile se ha mirado a s\u00ed mismo, ha mirado su trayectoria, su pasado reciente, sus heridas, sus gestas, sus tareas pendiente y\u00a0este Chile ha decidido que es momento de iniciar transformaciones de fondo, con responsabilidad y energ\u00eda, con amplitud y voluntad de di\u00e1logo&#8221;, declar\u00f3.<\/p>\n","protected":false},"excerpt":{"rendered":"<p>Porcentaje es record en historia republicana de Chile. Casi 25 puntos por sobre su contendora.- Michelle Bachelet se transform\u00f3 en la Presidenta Electa de Chile al triunfar este domingo en la\u00a0segunda vuelta presidencial, donde se midi\u00f3 con la candidata de la\u00a0Alianza, Evelyn Matthei. La carta de\u00a0Nueva Mayor\u00eda\u00a0ratific\u00f3 en el balotaje la alta adhesi\u00f3n que obtuvo [&hellip;]<\/p>\n","protected":false},"author":1,"featured_media":9992,"comment_status":"open","ping_status":"open","sticky":false,"template":"","format":"standard","meta":{"footnotes":""},"categories":[15],"tags":[],"class_list":["post-9991","post","type-post","status-publish","format-standard","has-post-thumbnail","hentry","category-general"],"jetpack_sharing_enabled":true,"jetpack_featured_media_url":"https:\/\/putaendouno.cl\/wp-content\/uploads\/2013\/12\/mb-gana.jpeg","_links":{"self":[{"href":"https:\/\/putaendouno.cl\/index.php?rest_route=\/wp\/v2\/posts\/9991","targetHints":{"allow":["GET"]}}],"collection":[{"href":"https:\/\/putaendouno.cl\/index.php?rest_route=\/wp\/v2\/posts"}],"about":[{"href":"https:\/\/putaendouno.cl\/index.php?rest_route=\/wp\/v2\/types\/post"}],"author":[{"embeddable":true,"href":"https:\/\/putaendouno.cl\/index.php?rest_route=\/wp\/v2\/users\/1"}],"replies":[{"embeddable":true,"href":"https:\/\/putaendouno.cl\/index.php?rest_route=%2Fwp%2Fv2%2Fcomments&post=9991"}],"version-history":[{"count":1,"href":"https:\/\/putaendouno.cl\/index.php?rest_route=\/wp\/v2\/posts\/9991\/revisions"}],"predecessor-version":[{"id":9993,"href":"https:\/\/putaendouno.cl\/index.php?rest_route=\/wp\/v2\/posts\/9991\/revisions\/9993"}],"wp:featuredmedia":[{"embeddable":true,"href":"https:\/\/putaendouno.cl\/index.php?rest_route=\/wp\/v2\/media\/9992"}],"wp:attachment":[{"href":"https:\/\/putaendouno.cl\/index.php?rest_route=%2Fwp%2Fv2%2Fmedia&parent=9991"}],"wp:term":[{"taxonomy":"category","embeddable":true,"href":"https:\/\/putaendouno.cl\/index.php?rest_route=%2Fwp%2Fv2%2Fcategories&post=9991"},{"taxonomy":"post_tag","embeddable":true,"href":"https:\/\/putaendouno.cl\/index.php?rest_route=%2Fwp%2Fv2%2Ftags&post=9991"}],"curies":[{"name":"wp","href":"https:\/\/api.w.org\/{rel}","templated":true}]}}