{"id":9977,"date":"2013-12-15T20:01:25","date_gmt":"2013-12-15T23:01:25","guid":{"rendered":"http:\/\/putaendouno.cl\/?p=9977"},"modified":"2013-12-15T20:42:29","modified_gmt":"2013-12-15T23:42:29","slug":"putaendo-bachelet-7725-matthei-2274","status":"publish","type":"post","link":"https:\/\/putaendouno.cl\/?p=9977","title":{"rendered":"PUTAENDO: Bachelet 77,25% &#8211; Matthei 22,74%"},"content":{"rendered":"<div class=\"lazysocialbuttons\" data-float=\"left\" data-buttons=\"google,twitter,facebook\" data-twshareurl=\"https:\/\/putaendouno.cl\/?p=9977\" data-twtext=\"\" data-shareurl=\"https:\/\/putaendouno.cl\/?p=9977\" data-fbhideflyout=\"false\" data-backgroundtype=\"light\"><\/div><h3><span style=\"color: #0000ff;\"><a href=\"http:\/\/putaendouno.cl\/wp-content\/uploads\/2013\/12\/a-portada.jpg\"><img loading=\"lazy\" decoding=\"async\" class=\"aligncenter size-full wp-image-9982\" alt=\"a portada\" src=\"http:\/\/putaendouno.cl\/wp-content\/uploads\/2013\/12\/a-portada.jpg\" width=\"640\" height=\"321\" srcset=\"https:\/\/putaendouno.cl\/wp-content\/uploads\/2013\/12\/a-portada.jpg 640w, https:\/\/putaendouno.cl\/wp-content\/uploads\/2013\/12\/a-portada-300x150.jpg 300w\" sizes=\"auto, (max-width: 640px) 100vw, 640px\" \/><\/a>Gran votaci\u00f3n de Nueva Mayor\u00eda en Putaendo es una de las m\u00e1s altas del pa\u00eds. Apresuradas aspiraciones de candidatos a alcaldes se ven muy remotas.-<\/span><\/h3>\n<p>A la 19 hrs ya estaban los c\u00f3mputos finales en Putaendo, y objeciones m\u00e1s o menos, votaron 5.921 personas, de las cuales, un 77,25% lo hizo por la candidata de la Nueva Mayor\u00eda, Michelle Bachelet, es decir, 4.574 personas le entregaron su preferencia.<\/p>\n<p>En tanto la candidata de la Alianza, Evelyn Matthei, logr\u00f3 un magro 22,74%, con s\u00f3lo 1.347 votos a su favor.<\/p>\n<p>Estos resultados seguramente dejar\u00e1n a Putaendo como una de las primeras mayor\u00edas regionales, si no nacionales. Las primeras informaciones de c\u00f3mputos en Putaendo fueron entregadas por el Comando Comunal de Michelle Bachelet, cuyo registro fue gestionado por Edgardo Olivares.<\/p>\n<p>Pasado las 19 hrs, el SERVEL emiti\u00f3 los resultados definitivos, ratificando la informaci\u00f3n preliminar que nuestro medio emiti\u00f3 por las redes sociales:<\/p>\n<table>\n<tbody>\n<tr>\n<td><span style=\"color: #0000ff;\">Informaci\u00f3n Comuna de Putaendo<\/span><\/td>\n<td>\n<div id=\"noprint\"><span style=\"color: #0000ff;\"><a href=\"http:\/\/www.eleccionservel.cl\/ELECCIONES2013\/segundaVuelta#\" target=\"_self\"><span style=\"color: #0000ff;\"><img decoding=\"async\" title=\"Imprimir\" alt=\"\" src=\"http:\/\/www.eleccionservel.cl\/ELECCIONES2013\/img\/ico-print.png\" width=\"24px\" height=\"26px\" \/><\/span><\/a><\/span><\/div>\n<\/td>\n<\/tr>\n<\/tbody>\n<\/table>\n<table>\n<tbody>\n<tr>\n<td width=\"70%\"><span style=\"color: #0000ff;\">\u00a0<\/span><\/td>\n<td><span style=\"color: #0000ff;\">\u00a0<\/span><\/td>\n<td><span style=\"color: #0000ff;\">Votos<\/span><\/td>\n<td><span style=\"color: #0000ff;\">%<\/span><\/td>\n<\/tr>\n<tr>\n<td><span style=\"color: #0000ff;\">6 MICHELLE BACHELET JERIA\u00a0<\/span><\/td>\n<td><span style=\"color: #0000ff;\">PS<\/span><\/td>\n<td><span style=\"color: #0000ff;\">4.574\u00a0<\/span><\/td>\n<td><span style=\"color: #0000ff;\">77,25\u00a0<\/span><\/td>\n<\/tr>\n<tr>\n<td><span style=\"color: #0000ff;\">7 EVELYN MATTHEI FORNET\u00a0<\/span><\/td>\n<td><span style=\"color: #0000ff;\">UDI<\/span><\/td>\n<td><span style=\"color: #0000ff;\">1.347\u00a0<\/span><\/td>\n<td><span style=\"color: #0000ff;\">22,74\u00a0<\/span><\/td>\n<\/tr>\n<tr>\n<td><span style=\"color: #0000ff;\">\u00a0<\/span><\/td>\n<td><span style=\"color: #0000ff;\">\u00a0<\/span><\/td>\n<td><span style=\"color: #0000ff;\">\u00a0<\/span><\/td>\n<td><span style=\"color: #0000ff;\">\u00a0<\/span><\/td>\n<\/tr>\n<tr>\n<td><span style=\"color: #0000ff;\">V\u00e1lidamente emitidos\u00a0<\/span><\/td>\n<td><span style=\"color: #0000ff;\">\u00a0<\/span><\/td>\n<td><span style=\"color: #0000ff;\">5.921\u00a0<\/span><\/td>\n<td><span style=\"color: #0000ff;\">98,55\u00a0<\/span><\/td>\n<\/tr>\n<tr>\n<td><span style=\"color: #0000ff;\">Nulos\u00a0<\/span><\/td>\n<td><span style=\"color: #0000ff;\">\u00a0<\/span><\/td>\n<td><span style=\"color: #0000ff;\">61\u00a0<\/span><\/td>\n<td><span style=\"color: #0000ff;\">\u00a0<\/span><\/td>\n<\/tr>\n<tr>\n<td><span style=\"color: #0000ff;\">Blancos\u00a0<\/span><\/td>\n<td><span style=\"color: #0000ff;\">\u00a0<\/span><\/td>\n<td><span style=\"color: #0000ff;\">26\u00a0<\/span><\/td>\n<td><span style=\"color: #0000ff;\">\u00a0<\/span><\/td>\n<\/tr>\n<tr>\n<td><span style=\"color: #0000ff;\">TOTAL EMITIDOS\u00a0<\/span><\/td>\n<td><span style=\"color: #0000ff;\">\u00a0<\/span><\/td>\n<td><span style=\"color: #0000ff;\">6.008\u00a0<\/span><\/td>\n<td><span style=\"color: #0000ff;\">\u00a0<\/span><\/td>\n<\/tr>\n<tr>\n<td><span style=\"color: #0000ff;\">\u00a0<\/span><\/td>\n<td><span style=\"color: #0000ff;\">\u00a0<\/span><\/td>\n<td><span style=\"color: #0000ff;\">\u00a0<\/span><\/td>\n<td><span style=\"color: #0000ff;\">\u00a0<\/span><\/td>\n<\/tr>\n<tr>\n<td><span style=\"color: #0000ff;\">MESAS ESCRUTADAS\u00a0<\/span><\/td>\n<td colspan=\"3\"><span style=\"color: #0000ff;\">100,00%, 38 de 38\u00a0<\/span><\/td>\n<\/tr>\n<tr>\n<td>\n<form id=\"mesasDescuadradasForm\" action=\"http:\/\/www.eleccionservel.cl\/ELECCIONES2013\/mesasDescuadradas\" method=\"POST\" name=\"mesasDescuadradasForm\"><\/form>\n<div title=\"MESA DESCUADRADA: Es aquella en donde la suma de las preferencias por los candidatos y candidatas, m\u00e1s nulos y blancos, no coincide con el total de los sufragios emitidos. Los resultados de las mesas &quot;descuadradas&quot; est\u00e1n consideradas dentro de las mesas escrutadas.\"><span style=\"color: #0000ff;\">MESAS DESCUADRADAS\u00a0<\/span><\/div>\n<\/td>\n<td colspan=\"3\"><span style=\"color: #0000ff;\">1 de 38\u00a0<\/span><\/td>\n<\/tr>\n<tr>\n<td><span style=\"color: #0000ff;\">\u00a0<\/span><\/td>\n<td><span style=\"color: #0000ff;\">\u00a0<\/span><\/td>\n<td><span style=\"color: #0000ff;\">\u00a0<\/span><\/td>\n<td><span style=\"color: #0000ff;\">\u00a0<\/span><\/td>\n<\/tr>\n<tr>\n<td colspan=\"5\"><span style=\"color: #0000ff;\"><i>&#8220;Los resultados son preliminares en virtud de la Ley 18.700, art\u00edculo 175 bis, tienen car\u00e1cter meramente informativo y no constituyen escrutinio para efecto legal alguno.&#8221;<\/i>\u00a0<\/span><\/td>\n<\/tr>\n<\/tbody>\n<\/table>\n<p>Con estos resultados comunales, sin duda las pretensiones de algunos candidatos oficialistas, como el ex alcalde Mart\u00ednez y el concejal Julio Aravena, que anunciaron tempranamente estar &#8220;disponibles&#8221; para ser candidatos a alcalde el 2017, quedan muy desdibujadas y con posibilidades muy remotas de lograr su aspiraci\u00f3n.<\/p>\n","protected":false},"excerpt":{"rendered":"<p>Gran votaci\u00f3n de Nueva Mayor\u00eda en Putaendo es una de las m\u00e1s altas del pa\u00eds. Apresuradas aspiraciones de candidatos a alcaldes se ven muy remotas.- A la 19 hrs ya estaban los c\u00f3mputos finales en Putaendo, y objeciones m\u00e1s o menos, votaron 5.921 personas, de las cuales, un 77,25% lo hizo por la candidata de [&hellip;]<\/p>\n","protected":false},"author":1,"featured_media":9982,"comment_status":"open","ping_status":"open","sticky":false,"template":"","format":"standard","meta":{"footnotes":""},"categories":[15,4],"tags":[],"class_list":["post-9977","post","type-post","status-publish","format-standard","has-post-thumbnail","hentry","category-general","category-putaendo"],"jetpack_sharing_enabled":true,"jetpack_featured_media_url":"https:\/\/putaendouno.cl\/wp-content\/uploads\/2013\/12\/a-portada.jpg","_links":{"self":[{"href":"https:\/\/putaendouno.cl\/index.php?rest_route=\/wp\/v2\/posts\/9977","targetHints":{"allow":["GET"]}}],"collection":[{"href":"https:\/\/putaendouno.cl\/index.php?rest_route=\/wp\/v2\/posts"}],"about":[{"href":"https:\/\/putaendouno.cl\/index.php?rest_route=\/wp\/v2\/types\/post"}],"author":[{"embeddable":true,"href":"https:\/\/putaendouno.cl\/index.php?rest_route=\/wp\/v2\/users\/1"}],"replies":[{"embeddable":true,"href":"https:\/\/putaendouno.cl\/index.php?rest_route=%2Fwp%2Fv2%2Fcomments&post=9977"}],"version-history":[{"count":5,"href":"https:\/\/putaendouno.cl\/index.php?rest_route=\/wp\/v2\/posts\/9977\/revisions"}],"predecessor-version":[{"id":9980,"href":"https:\/\/putaendouno.cl\/index.php?rest_route=\/wp\/v2\/posts\/9977\/revisions\/9980"}],"wp:featuredmedia":[{"embeddable":true,"href":"https:\/\/putaendouno.cl\/index.php?rest_route=\/wp\/v2\/media\/9982"}],"wp:attachment":[{"href":"https:\/\/putaendouno.cl\/index.php?rest_route=%2Fwp%2Fv2%2Fmedia&parent=9977"}],"wp:term":[{"taxonomy":"category","embeddable":true,"href":"https:\/\/putaendouno.cl\/index.php?rest_route=%2Fwp%2Fv2%2Fcategories&post=9977"},{"taxonomy":"post_tag","embeddable":true,"href":"https:\/\/putaendouno.cl\/index.php?rest_route=%2Fwp%2Fv2%2Ftags&post=9977"}],"curies":[{"name":"wp","href":"https:\/\/api.w.org\/{rel}","templated":true}]}}