{"id":9963,"date":"2013-12-13T21:49:42","date_gmt":"2013-12-14T00:49:42","guid":{"rendered":"http:\/\/putaendouno.cl\/?p=9963"},"modified":"2013-12-13T21:49:43","modified_gmt":"2013-12-14T00:49:43","slug":"entregan-restauracion-de-gobernacion-los-andes","status":"publish","type":"post","link":"https:\/\/putaendouno.cl\/?p=9963","title":{"rendered":"Entregan restauraci\u00f3n de Gobernaci\u00f3n Los Andes"},"content":{"rendered":"<div class=\"lazysocialbuttons\" data-float=\"left\" data-buttons=\"google,twitter,facebook\" data-twshareurl=\"https:\/\/putaendouno.cl\/?p=9963\" data-twtext=\"\" data-shareurl=\"https:\/\/putaendouno.cl\/?p=9963\" data-fbhideflyout=\"false\" data-backgroundtype=\"light\"><\/div><h3 style=\"text-align: left;\" align=\"center\"><span style=\"color: #0000ff;\"><b><a href=\"http:\/\/putaendouno.cl\/wp-content\/uploads\/2013\/12\/778_3.jpg\"><img loading=\"lazy\" decoding=\"async\" class=\"aligncenter size-full wp-image-9964\" alt=\"778_3\" src=\"http:\/\/putaendouno.cl\/wp-content\/uploads\/2013\/12\/778_3.jpg\" width=\"640\" height=\"319\" srcset=\"https:\/\/putaendouno.cl\/wp-content\/uploads\/2013\/12\/778_3.jpg 640w, https:\/\/putaendouno.cl\/wp-content\/uploads\/2013\/12\/778_3-300x149.jpg 300w\" sizes=\"auto, (max-width: 640px) 100vw, 640px\" \/><\/a>Gobierno finaliza las obras de restauraci\u00f3n del Edificio Patrimonial de la Gobernaci\u00f3n Provincial de Los Andes.-<\/b><\/span><\/h3>\n<p style=\"text-align: left;\" align=\"center\">En una masiva ceremonia con m\u00e1s 500 asistentes, la Gobernadora Provincial de Los Andes, Edith Quiroz celebr\u00f3 la finalizaci\u00f3n de las obras de restauraci\u00f3n del Edificio Patrimonial de la Gobernaci\u00f3n Provincial de Los Andes.<\/p>\n<p>El evento estuvo encabezado por el Intendente Regional de Valpara\u00edso, Ra\u00fal Celis, y tambi\u00e9n estuvieron presentes autoridades tales como Seremis y Directores Regionales, Gobernadores Provinciales, Consejeros Regionales, Concejales y l\u00edderes sociales tales como empresarios, religiosos, representantes de instituciones y pueblos originarios, adem\u00e1s de dirigentes sociales y vecinales.<\/p>\n<p>Se procedi\u00f3 a solicitar la protecci\u00f3n de Dios a trav\u00e9s de una oraci\u00f3n de bienvenida por parte del Pastor Carlos Villas de la Iglesia Evang\u00e9lica Pentecostal y con la bendici\u00f3n de dependencias realizada por el Obispo de San Felipe de Aconcagua, Monse\u00f1or Cristi\u00e1n Contreras. Tambi\u00e9n el evento fue amenizado por el conjunto coral &#8220;Pasi\u00f3n L\u00edrica&#8221;.<\/p>\n<p>En la ceremonia, la seremi de Bienes Nacionales, Paola La Rocca hizo entrega a la Gobernadora Provincial, Edith Quiroz, de documentos que forman parte de la oficializaci\u00f3n de la destinaci\u00f3n por parte del fisco de Chile al Ministerio del Interior, explicando que adem\u00e1s en el Edificio Patrimonial funcionar\u00e1n el Registro Civil, el Instituto Nacional de Estad\u00edsticas, el Cant\u00f3n de Reclutamiento, Correos de Chile y el Centro de la Mujer Sernam Los Andes.<\/p>\n<p>La Gobernadora Edith Quiroz agradeci\u00f3 tambi\u00e9n al Seremi de Obras P\u00fablicas, Pedro Sariego, y al Director Regional de Arquitectura, Rodrigo Pereira, recordando que el Ministerio de Obras P\u00fablicas invirti\u00f3\u00a0 m\u00e1s de $1.400 millones para recuperar este inmueble declarado monumento hist\u00f3rico.<\/p>\n<p>\u201cEste edificio cuyas obras hoy finalizan, es un gran legado del Gobierno para cada uno de nosotros. No es el momento de egos ni de mezquindades pol\u00edticas que quieren ensuciar este emblem\u00e1tico edificio, que nuestra comunidad tanto necesita\u201d, afirm\u00f3 la m\u00e1xima autoridad provincial de Los Andes, destacando que desde la pr\u00f3xima semana se utilizar\u00e1n los salones para diversos eventos p\u00fablicos, y que desde enero se comenzar\u00e1 la atenci\u00f3n al p\u00fablico.<\/p>\n","protected":false},"excerpt":{"rendered":"<p>Gobierno finaliza las obras de restauraci\u00f3n del Edificio Patrimonial de la Gobernaci\u00f3n Provincial de Los Andes.- En una masiva ceremonia con m\u00e1s 500 asistentes, la Gobernadora Provincial de Los Andes, Edith Quiroz celebr\u00f3 la finalizaci\u00f3n de las obras de restauraci\u00f3n del Edificio Patrimonial de la Gobernaci\u00f3n Provincial de Los Andes. El evento estuvo encabezado por [&hellip;]<\/p>\n","protected":false},"author":1,"featured_media":9964,"comment_status":"open","ping_status":"open","sticky":false,"template":"","format":"standard","meta":{"footnotes":""},"categories":[15,5],"tags":[],"class_list":["post-9963","post","type-post","status-publish","format-standard","has-post-thumbnail","hentry","category-general","category-aconcagua"],"jetpack_sharing_enabled":true,"jetpack_featured_media_url":"https:\/\/putaendouno.cl\/wp-content\/uploads\/2013\/12\/778_3.jpg","_links":{"self":[{"href":"https:\/\/putaendouno.cl\/index.php?rest_route=\/wp\/v2\/posts\/9963","targetHints":{"allow":["GET"]}}],"collection":[{"href":"https:\/\/putaendouno.cl\/index.php?rest_route=\/wp\/v2\/posts"}],"about":[{"href":"https:\/\/putaendouno.cl\/index.php?rest_route=\/wp\/v2\/types\/post"}],"author":[{"embeddable":true,"href":"https:\/\/putaendouno.cl\/index.php?rest_route=\/wp\/v2\/users\/1"}],"replies":[{"embeddable":true,"href":"https:\/\/putaendouno.cl\/index.php?rest_route=%2Fwp%2Fv2%2Fcomments&post=9963"}],"version-history":[{"count":1,"href":"https:\/\/putaendouno.cl\/index.php?rest_route=\/wp\/v2\/posts\/9963\/revisions"}],"predecessor-version":[{"id":9965,"href":"https:\/\/putaendouno.cl\/index.php?rest_route=\/wp\/v2\/posts\/9963\/revisions\/9965"}],"wp:featuredmedia":[{"embeddable":true,"href":"https:\/\/putaendouno.cl\/index.php?rest_route=\/wp\/v2\/media\/9964"}],"wp:attachment":[{"href":"https:\/\/putaendouno.cl\/index.php?rest_route=%2Fwp%2Fv2%2Fmedia&parent=9963"}],"wp:term":[{"taxonomy":"category","embeddable":true,"href":"https:\/\/putaendouno.cl\/index.php?rest_route=%2Fwp%2Fv2%2Fcategories&post=9963"},{"taxonomy":"post_tag","embeddable":true,"href":"https:\/\/putaendouno.cl\/index.php?rest_route=%2Fwp%2Fv2%2Ftags&post=9963"}],"curies":[{"name":"wp","href":"https:\/\/api.w.org\/{rel}","templated":true}]}}