{"id":9903,"date":"2013-12-12T00:59:12","date_gmt":"2013-12-12T03:59:12","guid":{"rendered":"http:\/\/putaendouno.cl\/?p=9903"},"modified":"2013-12-12T01:11:00","modified_gmt":"2013-12-12T04:11:00","slug":"cola-de-raton-en-hamburguesa-mcdonalds-en-temuco","status":"publish","type":"post","link":"https:\/\/putaendouno.cl\/?p=9903","title":{"rendered":"\u00a1Cola de rat\u00f3n en hamburguesa McDonald&#8217;s en Temuco!"},"content":{"rendered":"<div class=\"lazysocialbuttons\" data-float=\"left\" data-buttons=\"google,twitter,facebook\" data-twshareurl=\"https:\/\/putaendouno.cl\/?p=9903\" data-twtext=\"\" data-shareurl=\"https:\/\/putaendouno.cl\/?p=9903\" data-fbhideflyout=\"false\" data-backgroundtype=\"light\"><\/div><h3><span style=\"color: #0000ff;\"><a href=\"http:\/\/putaendouno.cl\/wp-content\/uploads\/2013\/12\/A_UNO_069824-730x350-1.jpg\"><img loading=\"lazy\" decoding=\"async\" class=\"aligncenter size-full wp-image-9904\" alt=\"A_UNO_069824-730x350 (1)\" src=\"http:\/\/putaendouno.cl\/wp-content\/uploads\/2013\/12\/A_UNO_069824-730x350-1.jpg\" width=\"640\" height=\"307\" srcset=\"https:\/\/putaendouno.cl\/wp-content\/uploads\/2013\/12\/A_UNO_069824-730x350-1.jpg 640w, https:\/\/putaendouno.cl\/wp-content\/uploads\/2013\/12\/A_UNO_069824-730x350-1-300x143.jpg 300w\" sizes=\"auto, (max-width: 640px) 100vw, 640px\" \/><\/a>Arcadas fue la primera reacci\u00f3n del cliente. En local de la empresa en el Mall Portal Temuco apareci\u00f3 el largo ap\u00e9ndice del &#8220;cola pelada&#8221;.-\u00a0<\/span><\/h3>\n<p>Este mi\u00e9rcoles, el Juzgado de Polic\u00eda Local de Temuco aplic\u00f3 una segunda sanci\u00f3n contra la empresa McDonald\u2019s de esa ciudad, por el caso de la presencia de una cola de rat\u00f3n encontrada dentro de un s\u00e1ndwich por parte de un cliente, en el local ubicado en el patio de comidas del Mall Portal Temuco.<\/p>\n<p>Pedro Vald\u00e9s, el comensal que se encontr\u00f3 esta desagradable sorpresa, coment\u00f3 la noticia en el programa Podr\u00eda Ser Peor, comentando que cree que el local sigue con las mismas condiciones de higiene desde esa ocasi\u00f3n. \u201cPoca fe le tengo\u201d, declar\u00f3.<\/p>\n<p>Adem\u00e1s, indic\u00f3 que \u201cMe parece bien esta sanci\u00f3n (de m\u00e1s de dos millones de pesos), ya que fue la multa m\u00e1xima que se le puede dar por parte de Fiscal\u00eda.<\/p>\n<p>Por otro lado, coment\u00f3 c\u00f3mo fue el momento en que se encontr\u00f3 la cola de rat\u00f3n dentro del sandwich. Dijo que su primera reacci\u00f3n fueron arcadas y luego vomitar. \u201cHab\u00eda gente al lado y para no hacer alboroto le dije a los dem\u00e1s que estaba todo bien, que no estaba pasando nada\u201d, agreg\u00f3. En ese momento, llamaron al gerente del local que ofreci\u00f3 llevar este \u201cobjeto\u201d hasta sus laboratorios, pero una se\u00f1ora que transitaba por ah\u00ed vio la situaci\u00f3n y sugiri\u00f3 que lo llevaran a Carabineros.<\/p>\n<p>Recordemos que el dinero que tendr\u00e1 que pagar McDonald\u2019s por concepto de multa no se entregar\u00e1 al afectado, ya que no es una querella civil, sin embargo, Vald\u00e9s declar\u00f3 que est\u00e1 estudiando presentar acciones legales en forma particular.<\/p>\n<p>(Rb\/P1\/Foto: A1)<\/p>\n","protected":false},"excerpt":{"rendered":"<p>Arcadas fue la primera reacci\u00f3n del cliente. En local de la empresa en el Mall Portal Temuco apareci\u00f3 el largo ap\u00e9ndice del &#8220;cola pelada&#8221;.-\u00a0 Este mi\u00e9rcoles, el Juzgado de Polic\u00eda Local de Temuco aplic\u00f3 una segunda sanci\u00f3n contra la empresa McDonald\u2019s de esa ciudad, por el caso de la presencia de una cola de rat\u00f3n [&hellip;]<\/p>\n","protected":false},"author":1,"featured_media":9904,"comment_status":"open","ping_status":"open","sticky":false,"template":"","format":"standard","meta":{"footnotes":""},"categories":[7,15],"tags":[],"class_list":["post-9903","post","type-post","status-publish","format-standard","has-post-thumbnail","hentry","category-nacionales-y-otras","category-general"],"jetpack_sharing_enabled":true,"jetpack_featured_media_url":"https:\/\/putaendouno.cl\/wp-content\/uploads\/2013\/12\/A_UNO_069824-730x350-1.jpg","_links":{"self":[{"href":"https:\/\/putaendouno.cl\/index.php?rest_route=\/wp\/v2\/posts\/9903","targetHints":{"allow":["GET"]}}],"collection":[{"href":"https:\/\/putaendouno.cl\/index.php?rest_route=\/wp\/v2\/posts"}],"about":[{"href":"https:\/\/putaendouno.cl\/index.php?rest_route=\/wp\/v2\/types\/post"}],"author":[{"embeddable":true,"href":"https:\/\/putaendouno.cl\/index.php?rest_route=\/wp\/v2\/users\/1"}],"replies":[{"embeddable":true,"href":"https:\/\/putaendouno.cl\/index.php?rest_route=%2Fwp%2Fv2%2Fcomments&post=9903"}],"version-history":[{"count":3,"href":"https:\/\/putaendouno.cl\/index.php?rest_route=\/wp\/v2\/posts\/9903\/revisions"}],"predecessor-version":[{"id":9907,"href":"https:\/\/putaendouno.cl\/index.php?rest_route=\/wp\/v2\/posts\/9903\/revisions\/9907"}],"wp:featuredmedia":[{"embeddable":true,"href":"https:\/\/putaendouno.cl\/index.php?rest_route=\/wp\/v2\/media\/9904"}],"wp:attachment":[{"href":"https:\/\/putaendouno.cl\/index.php?rest_route=%2Fwp%2Fv2%2Fmedia&parent=9903"}],"wp:term":[{"taxonomy":"category","embeddable":true,"href":"https:\/\/putaendouno.cl\/index.php?rest_route=%2Fwp%2Fv2%2Fcategories&post=9903"},{"taxonomy":"post_tag","embeddable":true,"href":"https:\/\/putaendouno.cl\/index.php?rest_route=%2Fwp%2Fv2%2Ftags&post=9903"}],"curies":[{"name":"wp","href":"https:\/\/api.w.org\/{rel}","templated":true}]}}