{"id":9899,"date":"2013-12-11T10:18:03","date_gmt":"2013-12-11T13:18:03","guid":{"rendered":"http:\/\/putaendouno.cl\/?p=9899"},"modified":"2013-12-11T10:18:41","modified_gmt":"2013-12-11T13:18:41","slug":"interpelaciones-mutuas-marcan-debate-anatel","status":"publish","type":"post","link":"https:\/\/putaendouno.cl\/?p=9899","title":{"rendered":"Interpelaciones mutuas marcan debate Anatel"},"content":{"rendered":"<div class=\"lazysocialbuttons\" data-float=\"left\" data-buttons=\"google,twitter,facebook\" data-twshareurl=\"https:\/\/putaendouno.cl\/?p=9899\" data-twtext=\"\" data-shareurl=\"https:\/\/putaendouno.cl\/?p=9899\" data-fbhideflyout=\"false\" data-backgroundtype=\"light\"><\/div><h3><span style=\"color: #0000ff;\"><a href=\"http:\/\/putaendouno.cl\/wp-content\/uploads\/2013\/12\/anatel.jpg\"><img loading=\"lazy\" decoding=\"async\" class=\"aligncenter size-full wp-image-9900\" alt=\"anatel\" src=\"http:\/\/putaendouno.cl\/wp-content\/uploads\/2013\/12\/anatel.jpg\" width=\"640\" height=\"320\" srcset=\"https:\/\/putaendouno.cl\/wp-content\/uploads\/2013\/12\/anatel.jpg 640w, https:\/\/putaendouno.cl\/wp-content\/uploads\/2013\/12\/anatel-300x150.jpg 300w\" sizes=\"auto, (max-width: 640px) 100vw, 640px\" \/><\/a>Matthei: Controversial sin argumentos de peso. Bachelet: Oficio pol\u00edtico para esquivar provocaciones.-<\/span><\/h3>\n<p>Con interpelaciones y di\u00e1logos directos entre las candidatas a La Moneda Michelle Bachelet y Evelyn Matthei, se desarroll\u00f3 el \u00faltimo debate presidencial de la Anatel, en la antesala de las elecciones de este domingo 15 de diciembre.<\/p>\n<p>Aprovechando esta instancia, la cual no existi\u00f3 en los foros anteriores, la ex ministra de Trabajo emplaz\u00f3 a la otrora mandataria sobre dos temas: la puesta en marcha del Transantiago y su actuaci\u00f3n durante el terremoto y posterior tsunami del 27 de febrero de 2010. &#8220;Te demoraste dos d\u00edas en mandar a las FF.AA. para evitar los saqueos&#8221;, cuestion\u00f3 respecto a lo ocurrido en la Regi\u00f3n de Biob\u00edo.<\/p>\n<p>&#8220;No hay gobierno perfecto. Tomamos las decisiones que tomamos dentro de las posibilidades que ten\u00edamos, con la informaci\u00f3n que manej\u00e1bamos&#8221;, respondi\u00f3 la abandera opositora, resaltando adem\u00e1s que \u201cla Armada de Chile era la encargada de cumplir con las leyes del orden y como fueron afectados por el tsunami no pod\u00edan hacerlo&#8221;.<\/p>\n<p>La respuesta al parecer no content\u00f3 a Matthei, quien recalc\u00f3 que Bachelet \u201cno tuvo liderazgo\u201d para prever lo que suceder\u00eda en instancias como \u00e9stas, principalmente con lo que suceder\u00eda con el Transantiago.<\/p>\n<p>Por su parte, la candidata de la Nueva Mayor\u00eda emplaz\u00f3 a su contendiente sobre sus dichos de no realizar grandes cambios en comparaci\u00f3n a lo que ha sido el Gobierno del Presidente Sebasti\u00e1n Pi\u00f1era.<\/p>\n<p>&#8220;Un cambio revolucionario no es v\u00e1lido, no estoy dispuesta a pensar en discusiones eternas como un cambio de constituci\u00f3n. No estoy dispuesta a darle dinero a educaci\u00f3n mientras hay gente pobre sin nada. No voy a castigar el esfuerzo de la gente y vamos a apoyar a la clase media&#8221;, manifest\u00f3 Matthei.<\/p>\n<p>En otros t\u00f3picos, Matthei y Bachelet se enfrentaron nuevamente en el \u00e1mbito educacional. En ese sentido, la ex ministra de Trabajo cuestion\u00f3 las ideas de la postulante opositora, considerando que ella vivi\u00f3 una crisis educacional en la llamada \u201crevoluci\u00f3n ping\u00fcina\u201d el 2006.<\/p>\n<p>&#8220;Queremos que todos los liceos sean de excelencia y que la selecci\u00f3n no sea necesaria. El Estado debe garantizar la educaci\u00f3n y vamos a crear un par de universidades en regiones&#8221;, asever\u00f3 Bachelet.<\/p>\n<p>Ante estas palabras, la abanderada oficialista contrapregunt\u00f3: \u201cdurante tu per\u00edodo no pas\u00f3 nada en tema de educaci\u00f3n y fue la crisis de los ping\u00fcinos. \u00bfAhora te vienes a dar cuenta del problema?&#8221;.<\/p>\n<h3><span style=\"color: #0000ff;\"><strong>Puente sobre el canal de Chacao y nueva Constituci\u00f3n<\/strong><\/span><\/h3>\n<p>Adem\u00e1s de las interpelaciones, las candidatas presidenciales debieron responder diversas preguntas sobre distintos \u00e1mbitos, destacando tem\u00e1ticas como el puente que conectar\u00e1 a la isla de Chilo\u00e9 con el continente, y la creaci\u00f3n de una nueva constituci\u00f3n.<\/p>\n<p>En el primer punto, Michelle Bachelet, asegur\u00f3 que en caso de ser electa, apoyar\u00e1 la construcci\u00f3n del puente sobre el canal de Chacao, pese que en su gesti\u00f3n desestim\u00f3 esta opci\u00f3n.<\/p>\n<p>&#8220;Vamos a apoyar la construcci\u00f3n del puente con fondos estatales. Sin duda que lo vamos a apoyar porque lo importante es la conectividad entre Chilo\u00e9 y el continente, es importante la conectividad de adentro, no s\u00f3lo quedarse en eso y seguir el Plan Chilo\u00e9 que gener\u00f3 una serie de obras. La licitaci\u00f3n no es p\u00fablica y esperemos que todo se transparente antes de tomar una determinaci\u00f3n&#8221;, manifest\u00f3.<\/p>\n<p>En otro \u00e1mbito, Matthei afirm\u00f3 que efectuar\u00e1 \u201ccambios revolucionarios\u201d en su eventual gobierno, precisando eso s\u00ed que no apoya la idea de cambiar la constituci\u00f3n.<\/p>\n<p>&#8220;Ahora no quiero cambios en la constituci\u00f3n, hay otros problemas, como gente que vive en condiciones precarias en viviendas de 38 metros cuadrados&#8221;, indic\u00f3, agregando que \u201cno le voy a regalar la educaci\u00f3n a los m\u00e1s ricos\u201d.<\/p>\n<p>Por su parte, Bachelet se\u00f1al\u00f3 que \u201cvamos a evaluar todos los mecanismos para crear una nueva. Hay que superar todos los candados y falencias que tiene la actual, no es un tema abstracto&#8221;.<\/p>\n<p>&#8220;Hay que asegurar en una nueva constituci\u00f3n m\u00e1s participaci\u00f3n de las regiones. Adem\u00e1s, no puede ser un mecanismo de elite, s\u00f3lo cuando la tengamos diremos como lo realizaremos&#8221;, sentenci\u00f3.<\/p>\n<p>(Cp\/Te\/P1\/Foto: EFE)<\/p>\n","protected":false},"excerpt":{"rendered":"<p>Matthei: Controversial sin argumentos de peso. Bachelet: Oficio pol\u00edtico para esquivar provocaciones.- Con interpelaciones y di\u00e1logos directos entre las candidatas a La Moneda Michelle Bachelet y Evelyn Matthei, se desarroll\u00f3 el \u00faltimo debate presidencial de la Anatel, en la antesala de las elecciones de este domingo 15 de diciembre. Aprovechando esta instancia, la cual no [&hellip;]<\/p>\n","protected":false},"author":1,"featured_media":9900,"comment_status":"open","ping_status":"open","sticky":false,"template":"","format":"standard","meta":{"footnotes":""},"categories":[15],"tags":[],"class_list":["post-9899","post","type-post","status-publish","format-standard","has-post-thumbnail","hentry","category-general"],"jetpack_sharing_enabled":true,"jetpack_featured_media_url":"https:\/\/putaendouno.cl\/wp-content\/uploads\/2013\/12\/anatel.jpg","_links":{"self":[{"href":"https:\/\/putaendouno.cl\/index.php?rest_route=\/wp\/v2\/posts\/9899","targetHints":{"allow":["GET"]}}],"collection":[{"href":"https:\/\/putaendouno.cl\/index.php?rest_route=\/wp\/v2\/posts"}],"about":[{"href":"https:\/\/putaendouno.cl\/index.php?rest_route=\/wp\/v2\/types\/post"}],"author":[{"embeddable":true,"href":"https:\/\/putaendouno.cl\/index.php?rest_route=\/wp\/v2\/users\/1"}],"replies":[{"embeddable":true,"href":"https:\/\/putaendouno.cl\/index.php?rest_route=%2Fwp%2Fv2%2Fcomments&post=9899"}],"version-history":[{"count":2,"href":"https:\/\/putaendouno.cl\/index.php?rest_route=\/wp\/v2\/posts\/9899\/revisions"}],"predecessor-version":[{"id":9902,"href":"https:\/\/putaendouno.cl\/index.php?rest_route=\/wp\/v2\/posts\/9899\/revisions\/9902"}],"wp:featuredmedia":[{"embeddable":true,"href":"https:\/\/putaendouno.cl\/index.php?rest_route=\/wp\/v2\/media\/9900"}],"wp:attachment":[{"href":"https:\/\/putaendouno.cl\/index.php?rest_route=%2Fwp%2Fv2%2Fmedia&parent=9899"}],"wp:term":[{"taxonomy":"category","embeddable":true,"href":"https:\/\/putaendouno.cl\/index.php?rest_route=%2Fwp%2Fv2%2Fcategories&post=9899"},{"taxonomy":"post_tag","embeddable":true,"href":"https:\/\/putaendouno.cl\/index.php?rest_route=%2Fwp%2Fv2%2Ftags&post=9899"}],"curies":[{"name":"wp","href":"https:\/\/api.w.org\/{rel}","templated":true}]}}