{"id":9895,"date":"2013-12-11T10:03:52","date_gmt":"2013-12-11T13:03:52","guid":{"rendered":"http:\/\/putaendouno.cl\/?p=9895"},"modified":"2013-12-11T10:04:49","modified_gmt":"2013-12-11T13:04:49","slug":"pdi-reactiva-busqueda-de-bastian-bravo","status":"publish","type":"post","link":"https:\/\/putaendouno.cl\/?p=9895","title":{"rendered":"PDI reactiva b\u00fasqueda de Basti\u00e1n Bravo"},"content":{"rendered":"<div class=\"lazysocialbuttons\" data-float=\"left\" data-buttons=\"google,twitter,facebook\" data-twshareurl=\"https:\/\/putaendouno.cl\/?p=9895\" data-twtext=\"\" data-shareurl=\"https:\/\/putaendouno.cl\/?p=9895\" data-fbhideflyout=\"false\" data-backgroundtype=\"light\"><\/div><h3><span style=\"color: #0000ff;\"><a href=\"http:\/\/putaendouno.cl\/wp-content\/uploads\/2013\/12\/Converted_file_651ce39c.jpg\"><img loading=\"lazy\" decoding=\"async\" class=\"aligncenter size-full wp-image-9896\" alt=\"Converted_file_651ce39c\" src=\"http:\/\/putaendouno.cl\/wp-content\/uploads\/2013\/12\/Converted_file_651ce39c.jpg\" width=\"640\" height=\"317\" srcset=\"https:\/\/putaendouno.cl\/wp-content\/uploads\/2013\/12\/Converted_file_651ce39c.jpg 640w, https:\/\/putaendouno.cl\/wp-content\/uploads\/2013\/12\/Converted_file_651ce39c-300x148.jpg 300w\" sizes=\"auto, (max-width: 640px) 100vw, 640px\" \/><\/a>Revisar\u00e1n piques mineros y advierten &#8220;posible\u00a0accidente&#8221;.-<\/span><\/h3>\n<p>Durante la jornada de este mi\u00e9rcoles continuar\u00e1n\u00a0las labores de b\u00fasqueda del joven Basti\u00e1n Bravo en el sector del cerro Lo Prado,\u00a0junto al peaje de la Ruta 68.<\/p>\n<p>La b\u00fasqueda en este sector se reactiv\u00f3 luego del hallazgo de\u00a0una bicicleta y un bolso con ropa y una biblia que pertenec\u00edan al muchacho de 20 a\u00f1os, quien permanece desaparecido desde hace 28 d\u00edas..<\/p>\n<p>Las labores se realizar\u00e1n en las quebradas de la zona y se inspeccionar\u00e1n los piques mineros, en un operativo en el cual participa\u00a0personal de la Brigada de Ubicaci\u00f3n de Personas, la Brigada de Homicidios, perros adiestrados, helic\u00f3pteros y cadetes de la Escuela de Investigaciones.<\/p>\n<p>Al menos cuatro piques mineros generan el temor entre los rescatistas de que Basti\u00e1n haya sufrido un accidente, por lo que se coordinar\u00e1 con los propietarios para el rastreo de la zona.<\/p>\n<p>M\u00e1s de un centenar de detectives participan de la operaci\u00f3n rastrillo, la cual est\u00e1 a cargo del subcomisario\u00a0Alfredo C\u00e1ceres.<\/p>\n<p>&#8220;Nuestra experticia dice que otras veces hemos trabajado presuntas desgracias donde personas han explorado sin tener conocimiento de los piques mineros y han sufrido accidentes. Lamentablemente cuando uno ingresa a los piques mineros es dif\u00edcil que alguien te socorra y puede haber sufrido un accidente grave y haber fallecido&#8221;, dijo C\u00e1ceres.<\/p>\n<p>&#8220;No tenemos pistas seguras de que est\u00e9 fallecido o que est\u00e9 vivo, por eso el equipo investigador sigue trabajando buscando todos los medios disponibles para poder prontamente ubicarlo&#8221;, a\u00f1adi\u00f3 el funcionario policial.<\/p>\n<p>(Cp\/P1\/ Foto: AN)<\/p>\n","protected":false},"excerpt":{"rendered":"<p>Revisar\u00e1n piques mineros y advierten &#8220;posible\u00a0accidente&#8221;.- Durante la jornada de este mi\u00e9rcoles continuar\u00e1n\u00a0las labores de b\u00fasqueda del joven Basti\u00e1n Bravo en el sector del cerro Lo Prado,\u00a0junto al peaje de la Ruta 68. La b\u00fasqueda en este sector se reactiv\u00f3 luego del hallazgo de\u00a0una bicicleta y un bolso con ropa y una biblia que pertenec\u00edan [&hellip;]<\/p>\n","protected":false},"author":1,"featured_media":9896,"comment_status":"open","ping_status":"open","sticky":false,"template":"","format":"standard","meta":{"footnotes":""},"categories":[7,15],"tags":[],"class_list":["post-9895","post","type-post","status-publish","format-standard","has-post-thumbnail","hentry","category-nacionales-y-otras","category-general"],"jetpack_sharing_enabled":true,"jetpack_featured_media_url":"https:\/\/putaendouno.cl\/wp-content\/uploads\/2013\/12\/Converted_file_651ce39c.jpg","_links":{"self":[{"href":"https:\/\/putaendouno.cl\/index.php?rest_route=\/wp\/v2\/posts\/9895","targetHints":{"allow":["GET"]}}],"collection":[{"href":"https:\/\/putaendouno.cl\/index.php?rest_route=\/wp\/v2\/posts"}],"about":[{"href":"https:\/\/putaendouno.cl\/index.php?rest_route=\/wp\/v2\/types\/post"}],"author":[{"embeddable":true,"href":"https:\/\/putaendouno.cl\/index.php?rest_route=\/wp\/v2\/users\/1"}],"replies":[{"embeddable":true,"href":"https:\/\/putaendouno.cl\/index.php?rest_route=%2Fwp%2Fv2%2Fcomments&post=9895"}],"version-history":[{"count":2,"href":"https:\/\/putaendouno.cl\/index.php?rest_route=\/wp\/v2\/posts\/9895\/revisions"}],"predecessor-version":[{"id":9898,"href":"https:\/\/putaendouno.cl\/index.php?rest_route=\/wp\/v2\/posts\/9895\/revisions\/9898"}],"wp:featuredmedia":[{"embeddable":true,"href":"https:\/\/putaendouno.cl\/index.php?rest_route=\/wp\/v2\/media\/9896"}],"wp:attachment":[{"href":"https:\/\/putaendouno.cl\/index.php?rest_route=%2Fwp%2Fv2%2Fmedia&parent=9895"}],"wp:term":[{"taxonomy":"category","embeddable":true,"href":"https:\/\/putaendouno.cl\/index.php?rest_route=%2Fwp%2Fv2%2Fcategories&post=9895"},{"taxonomy":"post_tag","embeddable":true,"href":"https:\/\/putaendouno.cl\/index.php?rest_route=%2Fwp%2Fv2%2Ftags&post=9895"}],"curies":[{"name":"wp","href":"https:\/\/api.w.org\/{rel}","templated":true}]}}