{"id":9885,"date":"2013-12-11T08:44:11","date_gmt":"2013-12-11T11:44:11","guid":{"rendered":"http:\/\/putaendouno.cl\/?p=9885"},"modified":"2013-12-11T08:44:11","modified_gmt":"2013-12-11T11:44:11","slug":"ensenan-a-elaborar-proyectos-culturales-en-putaendo","status":"publish","type":"post","link":"https:\/\/putaendouno.cl\/?p=9885","title":{"rendered":"Ense\u00f1an a elaborar proyectos culturales en Putaendo"},"content":{"rendered":"<div class=\"lazysocialbuttons\" data-float=\"left\" data-buttons=\"google,twitter,facebook\" data-twshareurl=\"https:\/\/putaendouno.cl\/?p=9885\" data-twtext=\"\" data-shareurl=\"https:\/\/putaendouno.cl\/?p=9885\" data-fbhideflyout=\"false\" data-backgroundtype=\"light\"><\/div><h3><span style=\"color: #0000ff;\"><b><a href=\"http:\/\/putaendouno.cl\/wp-content\/uploads\/2013\/12\/Foto-Taller-referencial.jpg\"><img loading=\"lazy\" decoding=\"async\" class=\"aligncenter size-full wp-image-9886\" alt=\"Foto Taller referencial\" src=\"http:\/\/putaendouno.cl\/wp-content\/uploads\/2013\/12\/Foto-Taller-referencial.jpg\" width=\"640\" height=\"320\" srcset=\"https:\/\/putaendouno.cl\/wp-content\/uploads\/2013\/12\/Foto-Taller-referencial.jpg 640w, https:\/\/putaendouno.cl\/wp-content\/uploads\/2013\/12\/Foto-Taller-referencial-300x150.jpg 300w\" sizes=\"auto, (max-width: 640px) 100vw, 640px\" \/><\/a>&#8220;Balmaceda Arte Joven&#8221; dictar\u00e1 taller para gestores culturales putaendinos.-<\/b><\/span><\/h3>\n<p>La Corporaci\u00f3n Cultural Balmaceda Arte Joven Valpara\u00edso trae a la comuna de Putaendo un interesante taller abierto a toda la comunidad denominado \u201cDise\u00f1o y Elaboraci\u00f3n de Proyectos Culturales\u201d, que se llevar\u00e1 a cabo este jueves 12 de diciembre desde las 14:00 hasta las 19:30 horas en el Liceo Manuel Mar\u00edn Fritis.<\/p>\n<p>La iniciativa que se presentar\u00e1 tambi\u00e9n en otras comunas como El Quisco, San Felipe y Algarrobo, es parte del Festival Volar, proyecto de Balmaceda Arte Joven Valpara\u00edso, que busca dar la posibilidad que nuevos talentos afloren en espacios formales, reflejando la diversidad de aprendizajes y entregando una nutrida cartelera de estrenos, lanzamientos, muestras y talleres de gesti\u00f3n cultural en diversas comunas de la regi\u00f3n.<\/p>\n<p>Seg\u00fan indic\u00f3 el director regional de Balmaceda, Cristian Venegas, el taller que se dictar\u00e1 en Putaendo el pr\u00f3ximo jueves, pretende\u00a0 \u201cgenerar un espacio de trabajo te\u00f3rico-pr\u00e1ctico, que aborde los contenidos necesarios para la instalaci\u00f3n de capacidades de gestores culturales con \u00e9nfasis en el desarrollo de proyectos culturales y art\u00edsticos locales\u201d, manifest\u00f3 Venegas.<\/p>\n<p>Por su parte el alcalde de Putaendo, Guillermo Reyes, realiz\u00f3 un llamado a los actores culturales y personas de la comuna interesadas en capacitarse en estas tem\u00e1ticas a participar de dicha actividad la que impulsar\u00e1 a los participantes a desarrollar mucho m\u00e1s sus competencias y conocimientos del trabajo cultural.<\/p>\n<p>(IMP\/P1)<\/p>\n","protected":false},"excerpt":{"rendered":"<p>&#8220;Balmaceda Arte Joven&#8221; dictar\u00e1 taller para gestores culturales putaendinos.- La Corporaci\u00f3n Cultural Balmaceda Arte Joven Valpara\u00edso trae a la comuna de Putaendo un interesante taller abierto a toda la comunidad denominado \u201cDise\u00f1o y Elaboraci\u00f3n de Proyectos Culturales\u201d, que se llevar\u00e1 a cabo este jueves 12 de diciembre desde las 14:00 hasta las 19:30 horas en [&hellip;]<\/p>\n","protected":false},"author":1,"featured_media":9886,"comment_status":"open","ping_status":"open","sticky":false,"template":"","format":"standard","meta":{"footnotes":""},"categories":[15,4],"tags":[],"class_list":["post-9885","post","type-post","status-publish","format-standard","has-post-thumbnail","hentry","category-general","category-putaendo"],"jetpack_sharing_enabled":true,"jetpack_featured_media_url":"https:\/\/putaendouno.cl\/wp-content\/uploads\/2013\/12\/Foto-Taller-referencial.jpg","_links":{"self":[{"href":"https:\/\/putaendouno.cl\/index.php?rest_route=\/wp\/v2\/posts\/9885","targetHints":{"allow":["GET"]}}],"collection":[{"href":"https:\/\/putaendouno.cl\/index.php?rest_route=\/wp\/v2\/posts"}],"about":[{"href":"https:\/\/putaendouno.cl\/index.php?rest_route=\/wp\/v2\/types\/post"}],"author":[{"embeddable":true,"href":"https:\/\/putaendouno.cl\/index.php?rest_route=\/wp\/v2\/users\/1"}],"replies":[{"embeddable":true,"href":"https:\/\/putaendouno.cl\/index.php?rest_route=%2Fwp%2Fv2%2Fcomments&post=9885"}],"version-history":[{"count":1,"href":"https:\/\/putaendouno.cl\/index.php?rest_route=\/wp\/v2\/posts\/9885\/revisions"}],"predecessor-version":[{"id":9887,"href":"https:\/\/putaendouno.cl\/index.php?rest_route=\/wp\/v2\/posts\/9885\/revisions\/9887"}],"wp:featuredmedia":[{"embeddable":true,"href":"https:\/\/putaendouno.cl\/index.php?rest_route=\/wp\/v2\/media\/9886"}],"wp:attachment":[{"href":"https:\/\/putaendouno.cl\/index.php?rest_route=%2Fwp%2Fv2%2Fmedia&parent=9885"}],"wp:term":[{"taxonomy":"category","embeddable":true,"href":"https:\/\/putaendouno.cl\/index.php?rest_route=%2Fwp%2Fv2%2Fcategories&post=9885"},{"taxonomy":"post_tag","embeddable":true,"href":"https:\/\/putaendouno.cl\/index.php?rest_route=%2Fwp%2Fv2%2Ftags&post=9885"}],"curies":[{"name":"wp","href":"https:\/\/api.w.org\/{rel}","templated":true}]}}