{"id":9880,"date":"2013-12-11T01:37:35","date_gmt":"2013-12-11T04:37:35","guid":{"rendered":"http:\/\/putaendouno.cl\/?p=9880"},"modified":"2013-12-11T01:37:35","modified_gmt":"2013-12-11T04:37:35","slug":"radio-provincial-premia-a-jovenes-que-ganaron-en-pintando-mi-comuna","status":"publish","type":"post","link":"https:\/\/putaendouno.cl\/?p=9880","title":{"rendered":"Radio Provincial premia a j\u00f3venes que ganaron en &#8220;Pintando mi Comuna&#8221;"},"content":{"rendered":"<div class=\"lazysocialbuttons\" data-float=\"left\" data-buttons=\"google,twitter,facebook\" data-twshareurl=\"https:\/\/putaendouno.cl\/?p=9880\" data-twtext=\"\" data-shareurl=\"https:\/\/putaendouno.cl\/?p=9880\" data-fbhideflyout=\"false\" data-backgroundtype=\"light\"><\/div><h3 align=\"left\"><span style=\"color: #0000ff;\"><a href=\"http:\/\/putaendouno.cl\/wp-content\/uploads\/2013\/12\/MAQ00225.MP4_000196663.jpg\"><img loading=\"lazy\" decoding=\"async\" class=\"aligncenter size-full wp-image-9881\" alt=\"MAQ00225.MP4_000196663\" src=\"http:\/\/putaendouno.cl\/wp-content\/uploads\/2013\/12\/MAQ00225.MP4_000196663.jpg\" width=\"640\" height=\"322\" srcset=\"https:\/\/putaendouno.cl\/wp-content\/uploads\/2013\/12\/MAQ00225.MP4_000196663.jpg 640w, https:\/\/putaendouno.cl\/wp-content\/uploads\/2013\/12\/MAQ00225.MP4_000196663-300x150.jpg 300w\" sizes=\"auto, (max-width: 640px) 100vw, 640px\" \/><\/a>El concurso de pintura escolar se realiz\u00f3 durante noviembre entre los colegios de la comuna.-<\/span><\/h3>\n<p align=\"left\">Radio Provincial de Putaendo sigue destac\u00e1ndose por ser un medio de comunicaci\u00f3n local preocupado de rescatar las tradiciones populares que hacen de nuestra comuna un lugar \u00fanico dentro del valle del Aconcagua.<\/p>\n<p align=\"left\"><a href=\"http:\/\/putaendouno.cl\/wp-content\/uploads\/2013\/12\/MAQ00225.MP4_000217617.jpg\"><img loading=\"lazy\" decoding=\"async\" class=\"alignleft  wp-image-9882\" alt=\"MAQ00225.MP4_000217617\" src=\"http:\/\/putaendouno.cl\/wp-content\/uploads\/2013\/12\/MAQ00225.MP4_000217617-300x224.jpg\" width=\"210\" height=\"157\" srcset=\"https:\/\/putaendouno.cl\/wp-content\/uploads\/2013\/12\/MAQ00225.MP4_000217617-300x224.jpg 300w, https:\/\/putaendouno.cl\/wp-content\/uploads\/2013\/12\/MAQ00225.MP4_000217617.jpg 448w\" sizes=\"auto, (max-width: 210px) 100vw, 210px\" \/><\/a>El s\u00e1bado 30 de noviembre de 2013 culmin\u00f3 con \u00e9xito el concurso escolar \u201cPintando mi Comuna\u201d donde participaron alumnos de diferentes establecimientos educacionales de Putaendo y donde el jurado tuvo una ardua labor para poder elegir los trabajos ganadores, quienes finalmente fueron los afortunados a quienes se les entreg\u00f3 sus respectivos premios.<\/p>\n<p align=\"left\">La ceremonia de premiaci\u00f3n se realiz\u00f3 en las dependencias de Radio Provincial de Putaendo, ubicadas en Prat 565, segundo piso, donde, adem\u00e1s de los ganadores quienes estaban acompa\u00f1ados de sus respectivos padres, se cont\u00f3 con la presencia del reci\u00e9n electo Core Regional, don Rolando<a href=\"http:\/\/putaendouno.cl\/wp-content\/uploads\/2013\/12\/rstevensonv.jpg\"><img loading=\"lazy\" decoding=\"async\" class=\"alignright  wp-image-9883\" alt=\"rstevensonv\" src=\"http:\/\/putaendouno.cl\/wp-content\/uploads\/2013\/12\/rstevensonv-300x224.jpg\" width=\"180\" height=\"134\" srcset=\"https:\/\/putaendouno.cl\/wp-content\/uploads\/2013\/12\/rstevensonv-300x224.jpg 300w, https:\/\/putaendouno.cl\/wp-content\/uploads\/2013\/12\/rstevensonv.jpg 448w\" sizes=\"auto, (max-width: 180px) 100vw, 180px\" \/><\/a> Stevenson (foto der.). Y por supuesto no pod\u00eda faltar un hombre que ha recorrido gran parte del pa\u00eds llevando su arte popular de payas y Canto a lo Humano y lo Divino, que ha hecho grande el nombre de Putaendo como es Pedro \u201cChoro\u201d Estay.<\/p>\n<p align=\"left\">Rolando Stevenson expres\u00f3 que iniciativas como las que ha tenido Radio Provincial de Putaendo son dignas de destacar y apoyar, y que por lo tanto, en su condici\u00f3n de Core Regional har\u00e1 todo lo posible para que la cultura popular siga siendo difundida, especialmente en los ni\u00f1os y j\u00f3venes de nuestro valle y se otorguen m\u00e1s recursos econ\u00f3micos para preservar este patrimonio.<\/p>\n<p align=\"left\">La n\u00f3mina de los ganadores del concurso \u201cPintando mi Comuna\u201d, Proyecto Financiado por el Fondo de Medios de Comunicaci\u00f3n es la siguiente:<\/p>\n<p align=\"left\"><span style=\"color: #0000ff;\"><b>Primer Lugar, una Tablet y Diploma:<\/b><\/span><\/p>\n<p align=\"left\">Benedicto Zamora Alvarado (foto portada), alumno de la escuela Alegr\u00eda\u00a0 Cat\u00e1n Dabik\u00e9.<\/p>\n<p align=\"left\"><span style=\"color: #0000ff;\"><b>Segundo Lugar, un Mp4\u00a0 y Diploma:<\/b><\/span><\/p>\n<p align=\"left\">Alfredo Vega Donoso (foto izq. arriba), alumno de la escuela Alegr\u00eda Cat\u00e1n Dabik\u00e9.<\/p>\n<p align=\"left\"><span style=\"color: #0000ff;\"><b>Tercer Lugar, 1 Kit de Libros y\u00a0 Diploma:<\/b><\/span><\/p>\n<p align=\"left\">Gian Carlos Silva, alumno del Liceo Manuel Mar\u00edn Fritis.<\/p>\n<p align=\"left\">La felicidad reflejada en los rostros de los ganadores al recibir tan importantes premios, emocion\u00f3 a todos los presentes en esta ceremonia, donde Pedro &#8220;Choro\u201d Estay improvis\u00f3 una paya con toda la genialidad y picard\u00eda que lo caracteriza en homenaje a los ganadores.<\/p>\n<p align=\"left\">En tanto el propietario y gerente de la legendaria Radio Provincial de Putaendo, Francisco Arancibia C\u00e1diz, \u00a0manifest\u00f3 que \u201ctodo el esfuerzo realizado para poner en el aire nuevamente esta patrimonial radioemisora ha valido la pena, porque uno de los principales objetivos de este medio de comunicaci\u00f3n local es lograr que los habitantes de esta comuna se sientan orgullosos de su historia, de su patrimonio, de sus ra\u00edces y su cultura\u201d, se\u00f1al\u00f3. Agradeci\u00f3 adem\u00e1s el apoyo recibido por el Fondo de Medios de Comunicaci\u00f3n Social del Gobierno de Chile, que permiti\u00f3 realizar diversas actividades en favor de la comunidad de Putaendo adem\u00e1s de\u00a0 este concurso escolar.<\/p>\n","protected":false},"excerpt":{"rendered":"<p>El concurso de pintura escolar se realiz\u00f3 durante noviembre entre los colegios de la comuna.- Radio Provincial de Putaendo sigue destac\u00e1ndose por ser un medio de comunicaci\u00f3n local preocupado de rescatar las tradiciones populares que hacen de nuestra comuna un lugar \u00fanico dentro del valle del Aconcagua. El s\u00e1bado 30 de noviembre de 2013 culmin\u00f3 [&hellip;]<\/p>\n","protected":false},"author":1,"featured_media":9881,"comment_status":"open","ping_status":"open","sticky":false,"template":"","format":"standard","meta":{"footnotes":""},"categories":[15,4],"tags":[],"class_list":["post-9880","post","type-post","status-publish","format-standard","has-post-thumbnail","hentry","category-general","category-putaendo"],"jetpack_sharing_enabled":true,"jetpack_featured_media_url":"https:\/\/putaendouno.cl\/wp-content\/uploads\/2013\/12\/MAQ00225.MP4_000196663.jpg","_links":{"self":[{"href":"https:\/\/putaendouno.cl\/index.php?rest_route=\/wp\/v2\/posts\/9880","targetHints":{"allow":["GET"]}}],"collection":[{"href":"https:\/\/putaendouno.cl\/index.php?rest_route=\/wp\/v2\/posts"}],"about":[{"href":"https:\/\/putaendouno.cl\/index.php?rest_route=\/wp\/v2\/types\/post"}],"author":[{"embeddable":true,"href":"https:\/\/putaendouno.cl\/index.php?rest_route=\/wp\/v2\/users\/1"}],"replies":[{"embeddable":true,"href":"https:\/\/putaendouno.cl\/index.php?rest_route=%2Fwp%2Fv2%2Fcomments&post=9880"}],"version-history":[{"count":2,"href":"https:\/\/putaendouno.cl\/index.php?rest_route=\/wp\/v2\/posts\/9880\/revisions"}],"predecessor-version":[{"id":9888,"href":"https:\/\/putaendouno.cl\/index.php?rest_route=\/wp\/v2\/posts\/9880\/revisions\/9888"}],"wp:featuredmedia":[{"embeddable":true,"href":"https:\/\/putaendouno.cl\/index.php?rest_route=\/wp\/v2\/media\/9881"}],"wp:attachment":[{"href":"https:\/\/putaendouno.cl\/index.php?rest_route=%2Fwp%2Fv2%2Fmedia&parent=9880"}],"wp:term":[{"taxonomy":"category","embeddable":true,"href":"https:\/\/putaendouno.cl\/index.php?rest_route=%2Fwp%2Fv2%2Fcategories&post=9880"},{"taxonomy":"post_tag","embeddable":true,"href":"https:\/\/putaendouno.cl\/index.php?rest_route=%2Fwp%2Fv2%2Ftags&post=9880"}],"curies":[{"name":"wp","href":"https:\/\/api.w.org\/{rel}","templated":true}]}}