{"id":9868,"date":"2013-12-10T09:37:49","date_gmt":"2013-12-10T12:37:49","guid":{"rendered":"http:\/\/putaendouno.cl\/?p=9868"},"modified":"2013-12-10T09:37:49","modified_gmt":"2013-12-10T12:37:49","slug":"gobernacion-solicita-amplia-intervencion-en-villa-250-de-san-felipe","status":"publish","type":"post","link":"https:\/\/putaendouno.cl\/?p=9868","title":{"rendered":"Gobernaci\u00f3n solicita amplia intervenci\u00f3n en Villa 250 de San Felipe"},"content":{"rendered":"<div class=\"lazysocialbuttons\" data-float=\"left\" data-buttons=\"google,twitter,facebook\" data-twshareurl=\"https:\/\/putaendouno.cl\/?p=9868\" data-twtext=\"\" data-shareurl=\"https:\/\/putaendouno.cl\/?p=9868\" data-fbhideflyout=\"false\" data-backgroundtype=\"light\"><\/div><h3 align=\"left\"><span style=\"color: #0000ff;\"><a href=\"http:\/\/putaendouno.cl\/wp-content\/uploads\/2013\/12\/IMG_4542.jpg\"><img loading=\"lazy\" decoding=\"async\" class=\"aligncenter size-full wp-image-9872\" alt=\"IMG_4542\" src=\"http:\/\/putaendouno.cl\/wp-content\/uploads\/2013\/12\/IMG_4542.jpg\" width=\"640\" height=\"318\" srcset=\"https:\/\/putaendouno.cl\/wp-content\/uploads\/2013\/12\/IMG_4542.jpg 640w, https:\/\/putaendouno.cl\/wp-content\/uploads\/2013\/12\/IMG_4542-300x149.jpg 300w\" sizes=\"auto, (max-width: 640px) 100vw, 640px\" \/><\/a>Gobernadora Boffa se reuni\u00f3 con Intendente para pedir una acci\u00f3n m\u00e1s profunda en lo social.-<\/span><\/h3>\n<p align=\"left\">Una amplia intervenci\u00f3n que considere acciones policiales y del tipo social en la Villa 250 a\u00f1os de la comuna de San Felipe, solicit\u00f3 la Gobernadora Patricia Boffa al Intendente Regional Ra\u00fal Celis.<\/p>\n<p>La Gobernadora Boffa se reuni\u00f3 con la autoridad regional ante la presencia del Coordinador Regional de Seguridad P\u00fablica, Leonardo Olmos.<\/p>\n<p>Patricia Boffa indic\u00f3 que tras los incidentes registrados hace una semana en la Villa 250 A\u00f1os, de San Felipe, donde result\u00f3 una persona asesinada, cuatro veh\u00edculos quemados y una vivienda saqueada, se deben tomar medidas m\u00e1s efectivas, con el fin de recuperar aquellos espacios que han sido tomados por los delincuentes.<\/p>\n<p>\u201cEn esta villa vive gente honesta, de mucho trabajo y que por ning\u00fan motivo debe sentirse presa en sus casas por la acci\u00f3n de un grupo de delincuentes. Por lo tanto, como gobierno vamos a poner mano muy dura\u201d, dijo la Gobernadora.<\/p>\n<p>Agreg\u00f3 que en la Villa 250 aAos son cuantiosas las intervenciones y las acciones sociales que se han realizado, sin embargo en esta ocasi\u00f3n, los hechos sobrepasaron el l\u00edmite.<\/p>\n<p>\u201cNosotros no hemos estado ajenos a lo ocurrido en este lugar. Esto fue un hecho que deriva de una violencia intrafamiliar y que termina con un hecho policial por la muerte de una persona. Sin embargo, luego vinieron los da\u00f1os contra cuatro veh\u00edculos y el saqueo de una vivienda, y la prohibici\u00f3n que ingresara carabineros, bomberos y el SAMU. Por lo tanto, ante estos hechos de alteraci\u00f3n del orden p\u00fablico, interpusimos una querella criminal, y ahora estamos solicitando al Intendente una intervenci\u00f3n severa, tanto policial como social\u201d.<\/p>\n<p>A\u00f1adi\u00f3 la Gobernadora que el Intendente Celis se comprometi\u00f3 a reunirse con el jefe de Zona de Carabineros y el Director Regional de la PDI. As\u00ed mismo, el Coordinador Regional de Seguridad P\u00fablica har\u00e1 sus gestiones ante la Subsecretaria de Prevenci\u00f3n del Delito, medidas que ser\u00e1n anunciadas en el transcurso de los pr\u00f3ximos d\u00edas, una vez que est\u00e9n acordadas y planificadas.<\/p>\n<p>Este conglomerado habitacional representa un total de 594 viviendas, con una poblaci\u00f3n superior a las 3.000 personas, con una superficie de 92.186 metros cuadrados.\u00a0Su g\u00e9nesis se remonta a los inicios de 1990, para dar soluci\u00f3n habitacional a grupos familiares provenientes de tomas de terrenos y campamentos ubicados en distintos sectores de la ciudad de San Felipe.\u00a0El Municipio compr\u00f3 al Banco Estado los terrenos de la ex f\u00e1brica SILA para dar soluci\u00f3n habitacional a grupos vulnerables de la ciudad, gener\u00e1ndose por decisi\u00f3n gubernamental este proyecto progresivo, en contra de la postura municipal, ya que correspond\u00edan a terrenos de car\u00e1cter industrial y al otro lado de la l\u00ednea ferroviaria y delimitada por el r\u00edo Aconcagua.<\/p>\n","protected":false},"excerpt":{"rendered":"<p>Gobernadora Boffa se reuni\u00f3 con Intendente para pedir una acci\u00f3n m\u00e1s profunda en lo social.- Una amplia intervenci\u00f3n que considere acciones policiales y del tipo social en la Villa 250 a\u00f1os de la comuna de San Felipe, solicit\u00f3 la Gobernadora Patricia Boffa al Intendente Regional Ra\u00fal Celis. La Gobernadora Boffa se reuni\u00f3 con la autoridad [&hellip;]<\/p>\n","protected":false},"author":1,"featured_media":9872,"comment_status":"open","ping_status":"open","sticky":false,"template":"","format":"standard","meta":{"footnotes":""},"categories":[15,5],"tags":[],"class_list":["post-9868","post","type-post","status-publish","format-standard","has-post-thumbnail","hentry","category-general","category-aconcagua"],"jetpack_sharing_enabled":true,"jetpack_featured_media_url":"https:\/\/putaendouno.cl\/wp-content\/uploads\/2013\/12\/IMG_4542.jpg","_links":{"self":[{"href":"https:\/\/putaendouno.cl\/index.php?rest_route=\/wp\/v2\/posts\/9868","targetHints":{"allow":["GET"]}}],"collection":[{"href":"https:\/\/putaendouno.cl\/index.php?rest_route=\/wp\/v2\/posts"}],"about":[{"href":"https:\/\/putaendouno.cl\/index.php?rest_route=\/wp\/v2\/types\/post"}],"author":[{"embeddable":true,"href":"https:\/\/putaendouno.cl\/index.php?rest_route=\/wp\/v2\/users\/1"}],"replies":[{"embeddable":true,"href":"https:\/\/putaendouno.cl\/index.php?rest_route=%2Fwp%2Fv2%2Fcomments&post=9868"}],"version-history":[{"count":2,"href":"https:\/\/putaendouno.cl\/index.php?rest_route=\/wp\/v2\/posts\/9868\/revisions"}],"predecessor-version":[{"id":9873,"href":"https:\/\/putaendouno.cl\/index.php?rest_route=\/wp\/v2\/posts\/9868\/revisions\/9873"}],"wp:featuredmedia":[{"embeddable":true,"href":"https:\/\/putaendouno.cl\/index.php?rest_route=\/wp\/v2\/media\/9872"}],"wp:attachment":[{"href":"https:\/\/putaendouno.cl\/index.php?rest_route=%2Fwp%2Fv2%2Fmedia&parent=9868"}],"wp:term":[{"taxonomy":"category","embeddable":true,"href":"https:\/\/putaendouno.cl\/index.php?rest_route=%2Fwp%2Fv2%2Fcategories&post=9868"},{"taxonomy":"post_tag","embeddable":true,"href":"https:\/\/putaendouno.cl\/index.php?rest_route=%2Fwp%2Fv2%2Ftags&post=9868"}],"curies":[{"name":"wp","href":"https:\/\/api.w.org\/{rel}","templated":true}]}}