{"id":9718,"date":"2013-12-07T18:28:03","date_gmt":"2013-12-07T21:28:03","guid":{"rendered":"http:\/\/putaendouno.cl\/?p=9718"},"modified":"2013-12-07T18:28:03","modified_gmt":"2013-12-07T21:28:03","slug":"herederos-de-reforma-agraria-abstenerse-es-apoyar-a-la-extrema-derecha","status":"publish","type":"post","link":"https:\/\/putaendouno.cl\/?p=9718","title":{"rendered":"Herederos de reforma agraria: \u201cAbstenerse es apoyar a la extrema derecha\u201d"},"content":{"rendered":"<div class=\"lazysocialbuttons\" data-float=\"left\" data-buttons=\"google,twitter,facebook\" data-twshareurl=\"https:\/\/putaendouno.cl\/?p=9718\" data-twtext=\"\" data-shareurl=\"https:\/\/putaendouno.cl\/?p=9718\" data-fbhideflyout=\"false\" data-backgroundtype=\"light\"><\/div><h3><span style=\"color: #0000ff;\"><a href=\"http:\/\/putaendouno.cl\/wp-content\/uploads\/2013\/12\/cardenal-silva.jpg\"><img loading=\"lazy\" decoding=\"async\" class=\"aligncenter size-full wp-image-9719\" alt=\"cardenal-silva\" src=\"http:\/\/putaendouno.cl\/wp-content\/uploads\/2013\/12\/cardenal-silva.jpg\" width=\"640\" height=\"318\" srcset=\"https:\/\/putaendouno.cl\/wp-content\/uploads\/2013\/12\/cardenal-silva.jpg 640w, https:\/\/putaendouno.cl\/wp-content\/uploads\/2013\/12\/cardenal-silva-300x149.jpg 300w\" sizes=\"auto, (max-width: 640px) 100vw, 640px\" \/><\/a>Dirigentes campesinos hist\u00f3ricos de la Reforma Agraria llaman a votar en presidenciales.-<\/span><\/h3>\n<p>\u201cEl derecho a participar en la pol\u00edtica nacional costo muchos vidas y represiones en especial a los que vivimos y nos formamos en el proceso de reforma agraria, por eso que hoy los sobrevivientes de ese proceso, no somos neutrales y jam\u00e1s vamos a anular nuestro voto\u201d.<\/p>\n<p>Los asalariados y en particular los campesinos, sabemos desde hace largo tiempo que la derecha no quiere que participemos en pol\u00edtica y menos que apoyemos a la centro izquierda, por eso que a trav\u00e9s de todos sus poderosos medios informativos nos meten el contrabando de la far\u00e1ndula que incita a los trabajadores a la abstenci\u00f3n.<\/p>\n<p>Estas apreciaciones fueron formuladas hoy en el sector de Cerro Blanco durante una asamblea de un centenar de partidarios de Michelle Bachelet, en la cual participaron los dirigentes hist\u00f3ricos del movimiento de la Reforma Agraria, Carlos Araya, Domingo Cortes, Arnoldo Avalos y Aldo Alfaro, entre otros.<\/p>\n<p>Los dirigentes llamaron a rechazar con fuerza los llamados a no votar o a los que pretenden que se anule el voto. Al respecto, Carlos Araya subrayo, \u201ccada voto nulo es apoyar a la derecha y yo, creo que la \u00fanica forma que tenemos los campesinos de avanzar es con m\u00e1s democracia y con un gobierno de centro izquierda\u201d.<\/p>\n<p>Mientras, Domingo Cort\u00e9s asegur\u00f3 que \u201ctodos sabemos que con la derecha, en vez de avanzar, vamos a retroceder, y yo quiero que el gobierno sea para la mayor\u00eda, porque ah\u00ed nosotros encontraremos soluciones a nuestros problemas\u201d.<\/p>\n<p>Finalmente Aldo Alfaro, llam\u00f3 a los campesinos a movilizarse como lo hicieron en el pasado, para emplear el voto para avanzar y derrotar a la derecha.<\/p>\n<h3><span style=\"color: #0000ff;\">Red de Comunicadores<\/span><br \/>\n<span style=\"color: #0000ff;\">&#8220;Campesinos con Michelle&#8221;<\/span><\/h3>\n","protected":false},"excerpt":{"rendered":"<p>Dirigentes campesinos hist\u00f3ricos de la Reforma Agraria llaman a votar en presidenciales.- \u201cEl derecho a participar en la pol\u00edtica nacional costo muchos vidas y represiones en especial a los que vivimos y nos formamos en el proceso de reforma agraria, por eso que hoy los sobrevivientes de ese proceso, no somos neutrales y jam\u00e1s vamos [&hellip;]<\/p>\n","protected":false},"author":1,"featured_media":9719,"comment_status":"open","ping_status":"open","sticky":false,"template":"","format":"standard","meta":{"footnotes":""},"categories":[15],"tags":[],"class_list":["post-9718","post","type-post","status-publish","format-standard","has-post-thumbnail","hentry","category-general"],"jetpack_sharing_enabled":true,"jetpack_featured_media_url":"https:\/\/putaendouno.cl\/wp-content\/uploads\/2013\/12\/cardenal-silva.jpg","_links":{"self":[{"href":"https:\/\/putaendouno.cl\/index.php?rest_route=\/wp\/v2\/posts\/9718","targetHints":{"allow":["GET"]}}],"collection":[{"href":"https:\/\/putaendouno.cl\/index.php?rest_route=\/wp\/v2\/posts"}],"about":[{"href":"https:\/\/putaendouno.cl\/index.php?rest_route=\/wp\/v2\/types\/post"}],"author":[{"embeddable":true,"href":"https:\/\/putaendouno.cl\/index.php?rest_route=\/wp\/v2\/users\/1"}],"replies":[{"embeddable":true,"href":"https:\/\/putaendouno.cl\/index.php?rest_route=%2Fwp%2Fv2%2Fcomments&post=9718"}],"version-history":[{"count":1,"href":"https:\/\/putaendouno.cl\/index.php?rest_route=\/wp\/v2\/posts\/9718\/revisions"}],"predecessor-version":[{"id":9720,"href":"https:\/\/putaendouno.cl\/index.php?rest_route=\/wp\/v2\/posts\/9718\/revisions\/9720"}],"wp:featuredmedia":[{"embeddable":true,"href":"https:\/\/putaendouno.cl\/index.php?rest_route=\/wp\/v2\/media\/9719"}],"wp:attachment":[{"href":"https:\/\/putaendouno.cl\/index.php?rest_route=%2Fwp%2Fv2%2Fmedia&parent=9718"}],"wp:term":[{"taxonomy":"category","embeddable":true,"href":"https:\/\/putaendouno.cl\/index.php?rest_route=%2Fwp%2Fv2%2Fcategories&post=9718"},{"taxonomy":"post_tag","embeddable":true,"href":"https:\/\/putaendouno.cl\/index.php?rest_route=%2Fwp%2Fv2%2Ftags&post=9718"}],"curies":[{"name":"wp","href":"https:\/\/api.w.org\/{rel}","templated":true}]}}