{"id":9690,"date":"2013-12-06T16:22:04","date_gmt":"2013-12-06T19:22:04","guid":{"rendered":"http:\/\/putaendouno.cl\/?p=9690"},"modified":"2013-12-06T16:22:04","modified_gmt":"2013-12-06T19:22:04","slug":"putaendo-inaugura-su-iluminacion-navidena","status":"publish","type":"post","link":"https:\/\/putaendouno.cl\/?p=9690","title":{"rendered":"Putaendo inaugura su iluminaci\u00f3n navide\u00f1a"},"content":{"rendered":"<div class=\"lazysocialbuttons\" data-float=\"left\" data-buttons=\"google,twitter,facebook\" data-twshareurl=\"https:\/\/putaendouno.cl\/?p=9690\" data-twtext=\"\" data-shareurl=\"https:\/\/putaendouno.cl\/?p=9690\" data-fbhideflyout=\"false\" data-backgroundtype=\"light\"><\/div><h3><span style=\"color: #0000ff;\"><a href=\"http:\/\/putaendouno.cl\/wp-content\/uploads\/2013\/12\/SAM_1121.jpg\"><img loading=\"lazy\" decoding=\"async\" class=\"aligncenter size-full wp-image-9691\" alt=\"SAM_1121\" src=\"http:\/\/putaendouno.cl\/wp-content\/uploads\/2013\/12\/SAM_1121.jpg\" width=\"640\" height=\"319\" srcset=\"https:\/\/putaendouno.cl\/wp-content\/uploads\/2013\/12\/SAM_1121.jpg 640w, https:\/\/putaendouno.cl\/wp-content\/uploads\/2013\/12\/SAM_1121-300x149.jpg 300w\" sizes=\"auto, (max-width: 640px) 100vw, 640px\" \/><\/a>Este viernes por la noche iluminan la Plaza de Armas y su arbolito de Pascua.-<\/span><\/h3>\n<p>Para la noche de este viernes 6 de diciembre a las 21:15 horas, Putaendo prepara una bella forma de iniciar las celebraciones de fin de a\u00f1o inaugurando las tradicionales luces navide\u00f1as que este a\u00f1o traen especiales sorpresas y un gran \u00e1rbol de m\u00e1s de 9 metros de altura, que iluminar\u00e1 el centro del principal paseo peatonal de la comuna.<\/p>\n<p>Afinando personalmente los \u00faltimos detalles y felicitando al equipo a cargo de la instalaci\u00f3n de las luces, por el intenso trabajo que han realizado, el alcalde Guillermo Reyes indic\u00f3, que esta actividad es un significativo regalo navide\u00f1o para todas las familias de Putaendo, quienes junto a sus hijos podr\u00e1n disfrutar de una hermosa plaza.<\/p>\n<p><a href=\"http:\/\/putaendouno.cl\/wp-content\/uploads\/2013\/12\/Trabajos-Luces-Navide\u00f1as-2013.jpg\"><img loading=\"lazy\" decoding=\"async\" class=\"alignleft  wp-image-9692\" alt=\"Trabajos- Luces Navide\u00f1as 2013\" src=\"http:\/\/putaendouno.cl\/wp-content\/uploads\/2013\/12\/Trabajos-Luces-Navide\u00f1as-2013-300x200.jpg\" width=\"210\" height=\"140\" srcset=\"https:\/\/putaendouno.cl\/wp-content\/uploads\/2013\/12\/Trabajos-Luces-Navide\u00f1as-2013-300x200.jpg 300w, https:\/\/putaendouno.cl\/wp-content\/uploads\/2013\/12\/Trabajos-Luces-Navide\u00f1as-2013.jpg 448w\" sizes=\"auto, (max-width: 210px) 100vw, 210px\" \/><\/a>\u201cDejamos a toda la comunidad invitada a esta inauguraci\u00f3n de luces navide\u00f1as, sobre todo a los ni\u00f1os de nuestra comuna, quienes recibir\u00e1n una linda sorpresa esta noche\u201d, manifest\u00f3 el alcalde de Putaendo, agregando que como administraci\u00f3n se encuentran muy satisfechos, \u201cporque creemos que la ciudadan\u00eda valorar\u00e1 este aporte municipal y las futuras intervenciones que realizaremos en la plaza para dejar como se merece nuestro principal centro peatonal\u201d, expres\u00f3.<\/p>\n<p>Un muy lindo inicio de fiestas que traer\u00e1 m\u00e1s sorpresas, seg\u00fan indic\u00f3 el jefe comunal, gracias al caracter\u00edstico orden en las finanzas y la administraci\u00f3n austera de sus periodos, la comuna podr\u00e1 contar en el verano con cine al aire libre en la medialuna comunal, juegos infantiles y m\u00e1quinas de ejercicio para ni\u00f1os, adem\u00e1s de un gran \u201ckiosko\u201d concesionado, todo en el Parque Municipal, anunci\u00f3 el alcalde.<\/p>\n\n\t\t<style type=\"text\/css\">\n\t\t\t#gallery-1 {\n\t\t\t\tmargin: auto;\n\t\t\t}\n\t\t\t#gallery-1 .gallery-item {\n\t\t\t\tfloat: left;\n\t\t\t\tmargin-top: 10px;\n\t\t\t\ttext-align: center;\n\t\t\t\twidth: 33%;\n\t\t\t}\n\t\t\t#gallery-1 img {\n\t\t\t\tborder: 2px solid #cfcfcf;\n\t\t\t}\n\t\t\t#gallery-1 .gallery-caption {\n\t\t\t\tmargin-left: 0;\n\t\t\t}\n\t\t\t\/* see gallery_shortcode() in wp-includes\/media.php *\/\n\t\t<\/style>\n\t\t<div id='gallery-1' class='gallery galleryid-9690 gallery-columns-3 gallery-size-thumbnail'><dl class='gallery-item'>\n\t\t\t<dt class='gallery-icon landscape'>\n\t\t\t\t<a href='https:\/\/putaendouno.cl\/?attachment_id=9693'><img loading=\"lazy\" decoding=\"async\" width=\"150\" height=\"150\" src=\"https:\/\/putaendouno.cl\/wp-content\/uploads\/2013\/12\/arb1-150x150.jpg\" class=\"attachment-thumbnail size-thumbnail\" alt=\"\" \/><\/a>\n\t\t\t<\/dt><\/dl><dl class='gallery-item'>\n\t\t\t<dt class='gallery-icon landscape'>\n\t\t\t\t<a href='https:\/\/putaendouno.cl\/?attachment_id=9694'><img loading=\"lazy\" decoding=\"async\" width=\"150\" height=\"150\" src=\"https:\/\/putaendouno.cl\/wp-content\/uploads\/2013\/12\/arb2-150x150.jpg\" class=\"attachment-thumbnail size-thumbnail\" alt=\"\" \/><\/a>\n\t\t\t<\/dt><\/dl><dl class='gallery-item'>\n\t\t\t<dt class='gallery-icon landscape'>\n\t\t\t\t<a href='https:\/\/putaendouno.cl\/?attachment_id=9695'><img loading=\"lazy\" decoding=\"async\" width=\"150\" height=\"150\" src=\"https:\/\/putaendouno.cl\/wp-content\/uploads\/2013\/12\/arb3-150x150.jpg\" class=\"attachment-thumbnail size-thumbnail\" alt=\"\" \/><\/a>\n\t\t\t<\/dt><\/dl><br style=\"clear: both\" \/><dl class='gallery-item'>\n\t\t\t<dt class='gallery-icon landscape'>\n\t\t\t\t<a href='https:\/\/putaendouno.cl\/?attachment_id=9696'><img loading=\"lazy\" decoding=\"async\" width=\"150\" height=\"150\" src=\"https:\/\/putaendouno.cl\/wp-content\/uploads\/2013\/12\/arb4-150x150.jpg\" class=\"attachment-thumbnail size-thumbnail\" alt=\"\" \/><\/a>\n\t\t\t<\/dt><\/dl><dl class='gallery-item'>\n\t\t\t<dt class='gallery-icon landscape'>\n\t\t\t\t<a href='https:\/\/putaendouno.cl\/?attachment_id=9697'><img loading=\"lazy\" decoding=\"async\" width=\"150\" height=\"150\" src=\"https:\/\/putaendouno.cl\/wp-content\/uploads\/2013\/12\/arb5-150x150.jpg\" class=\"attachment-thumbnail size-thumbnail\" alt=\"\" \/><\/a>\n\t\t\t<\/dt><\/dl><dl class='gallery-item'>\n\t\t\t<dt class='gallery-icon landscape'>\n\t\t\t\t<a href='https:\/\/putaendouno.cl\/?attachment_id=9698'><img loading=\"lazy\" decoding=\"async\" width=\"150\" height=\"150\" src=\"https:\/\/putaendouno.cl\/wp-content\/uploads\/2013\/12\/arb6-150x150.jpg\" class=\"attachment-thumbnail size-thumbnail\" alt=\"\" \/><\/a>\n\t\t\t<\/dt><\/dl><br style=\"clear: both\" \/>\n\t\t<\/div>\n\n","protected":false},"excerpt":{"rendered":"<p>Este viernes por la noche iluminan la Plaza de Armas y su arbolito de Pascua.- Para la noche de este viernes 6 de diciembre a las 21:15 horas, Putaendo prepara una bella forma de iniciar las celebraciones de fin de a\u00f1o inaugurando las tradicionales luces navide\u00f1as que este a\u00f1o traen especiales sorpresas y un gran [&hellip;]<\/p>\n","protected":false},"author":1,"featured_media":9691,"comment_status":"open","ping_status":"open","sticky":false,"template":"","format":"standard","meta":{"footnotes":""},"categories":[15,4],"tags":[],"class_list":["post-9690","post","type-post","status-publish","format-standard","has-post-thumbnail","hentry","category-general","category-putaendo"],"jetpack_sharing_enabled":true,"jetpack_featured_media_url":"https:\/\/putaendouno.cl\/wp-content\/uploads\/2013\/12\/SAM_1121.jpg","_links":{"self":[{"href":"https:\/\/putaendouno.cl\/index.php?rest_route=\/wp\/v2\/posts\/9690","targetHints":{"allow":["GET"]}}],"collection":[{"href":"https:\/\/putaendouno.cl\/index.php?rest_route=\/wp\/v2\/posts"}],"about":[{"href":"https:\/\/putaendouno.cl\/index.php?rest_route=\/wp\/v2\/types\/post"}],"author":[{"embeddable":true,"href":"https:\/\/putaendouno.cl\/index.php?rest_route=\/wp\/v2\/users\/1"}],"replies":[{"embeddable":true,"href":"https:\/\/putaendouno.cl\/index.php?rest_route=%2Fwp%2Fv2%2Fcomments&post=9690"}],"version-history":[{"count":1,"href":"https:\/\/putaendouno.cl\/index.php?rest_route=\/wp\/v2\/posts\/9690\/revisions"}],"predecessor-version":[{"id":9699,"href":"https:\/\/putaendouno.cl\/index.php?rest_route=\/wp\/v2\/posts\/9690\/revisions\/9699"}],"wp:featuredmedia":[{"embeddable":true,"href":"https:\/\/putaendouno.cl\/index.php?rest_route=\/wp\/v2\/media\/9691"}],"wp:attachment":[{"href":"https:\/\/putaendouno.cl\/index.php?rest_route=%2Fwp%2Fv2%2Fmedia&parent=9690"}],"wp:term":[{"taxonomy":"category","embeddable":true,"href":"https:\/\/putaendouno.cl\/index.php?rest_route=%2Fwp%2Fv2%2Fcategories&post=9690"},{"taxonomy":"post_tag","embeddable":true,"href":"https:\/\/putaendouno.cl\/index.php?rest_route=%2Fwp%2Fv2%2Ftags&post=9690"}],"curies":[{"name":"wp","href":"https:\/\/api.w.org\/{rel}","templated":true}]}}