{"id":9684,"date":"2013-12-06T01:15:44","date_gmt":"2013-12-06T04:15:44","guid":{"rendered":"http:\/\/putaendouno.cl\/?p=9684"},"modified":"2013-12-06T01:18:46","modified_gmt":"2013-12-06T04:18:46","slug":"sfeir-votare-por-bachelet","status":"publish","type":"post","link":"https:\/\/putaendouno.cl\/?p=9684","title":{"rendered":"Sfeir: &#8220;Votar\u00e9 por Bachelet"},"content":{"rendered":"<div class=\"lazysocialbuttons\" data-float=\"left\" data-buttons=\"google,twitter,facebook\" data-twshareurl=\"https:\/\/putaendouno.cl\/?p=9684\" data-twtext=\"\" data-shareurl=\"https:\/\/putaendouno.cl\/?p=9684\" data-fbhideflyout=\"false\" data-backgroundtype=\"light\"><\/div><h3><span style=\"color: #0000ff;\"><a href=\"http:\/\/putaendouno.cl\/wp-content\/uploads\/2013\/12\/sfeir-mb.jpg\"><img loading=\"lazy\" decoding=\"async\" class=\"aligncenter size-full wp-image-9685\" alt=\"sfeir mb\" src=\"http:\/\/putaendouno.cl\/wp-content\/uploads\/2013\/12\/sfeir-mb.jpg\" width=\"640\" height=\"318\" srcset=\"https:\/\/putaendouno.cl\/wp-content\/uploads\/2013\/12\/sfeir-mb.jpg 640w, https:\/\/putaendouno.cl\/wp-content\/uploads\/2013\/12\/sfeir-mb-300x149.jpg 300w\" sizes=\"auto, (max-width: 640px) 100vw, 640px\" \/><\/a>Entreg\u00f3 a Bachelet 40 medidas program\u00e1aticas donde &#8220;hay coincidencias&#8221;.-<\/span><\/h3>\n<p>El ex candidato presidencial del Partido Ecologista Verde, Alfredo Sfeir, entreg\u00f3 este jueves su p\u00fablico apoyo a Michelle Bachelet de cara a la segunda vuelta\u00a0del pr\u00f3ximo 15 de diciembre.<\/p>\n<p>El anuncio lo realiz\u00f3 el economista y l\u00edder espiritual en un punto de prensa desde la sede del comando de la abanderada de la Nueva Mayor\u00eda en Providencia, hasta donde\u00a0m\u00e1s temprano hab\u00eda llegado parte de su equipo.<\/p>\n<p>&#8220;Yo, personalmente -esto ha sido una decisi\u00f3n m\u00eda, personal, estoy enmarc\u00e1ndome yo como individuo, como ciudadano- he decidido votar en la segunda vuelta y darle mi apoyo a usted, se\u00f1ora Michelle Bachelet&#8221;, dijo Sfeir, acompa\u00f1ado por la ex Mandataria.<\/p>\n<p>El ex postulante a La Moneda\u00a0-que\u00a0en la primera vuelta obtuvo\u00a0154.701 votos, equivalentes al 2,35 por ciento de los sufragios v\u00e1lidamente emitidos-\u00a0explic\u00f3 que\u00a0en su encuentro con Bachelet\u00a0se defini\u00f3 una lista de &#8220;m\u00e1s de 40 medidas en las que estamos de acuerdo&#8221;.<\/p>\n<p>Entre \u00e9stas se incluyen &#8220;una nueva Constituci\u00f3n participativa, ciudadana, que incluya como parte central la propiedad de los recursos naturales por parte de toda la ciudadan\u00eda&#8221;, una &#8220;pol\u00edtica nacional consensuada de medioambiente&#8221;, ordenamiento territorial, reforma tributaria, Creaci\u00f3n del Ministerio de Pueblos Originarios y subsecretar\u00eda de la Juventud, entre otros.<\/p>\n<p>Se trata de\u00a0&#8220;temas muy importantes&#8221;, de\u00a0&#8220;medidas y programas que son estrat\u00e9gicos y estructurales&#8221;, indic\u00f3 Sfeir.<\/p>\n<p>&#8220;Para m\u00ed, personalmente, esto representa un momento hist\u00f3rico: el compromiso que ha existido con estas 40 medidas&#8221; por parte de Bachelet. &#8220;Es muy importante que esto se incorpore estructuralmente al pa\u00eds&#8221;, dijo el ex postulante a La Moneda, quien indic\u00f3 que\u00a0su apoyo personal &#8220;en ning\u00fan caso compromete al Partido Ecologista Verde&#8221;.<\/p>\n<h3 id=\"vtxt_cuerpo_T0\"><span style=\"color: #0000ff;\">&#8220;No apoyaremos HidroAys\u00e9n&#8221;<\/span><\/h3>\n<p>A su turno, Michelle Bachelet agradeci\u00f3 el apoyo del ex candidato, con quien dijo tener\u00a0&#8220;importantes convergencias&#8221; program\u00e1ticas.<\/p>\n<p>&#8220;Queremos seguir sumando apoyos y coincidencias para un pa\u00eds m\u00e1s consciente del medioambiente&#8221;, dijo la abanderada, quien\u00a0se comprometi\u00f3 a &#8220;regular\u00a0los transg\u00e9nicos para cuidar la salud de los chilenos y resguardar nuestro patrimonio alimentario&#8221;.<\/p>\n<p>En la reuni\u00f3n tambi\u00e9n se habl\u00f3 sobre el mega proyecto hidrol\u00e9ctrico HidroAys\u00e9n, al cual la ex candidata le rest\u00f3 toda viabilidad.<\/p>\n<p>&#8220;El proyecto HidroAys\u00e9n es inviable y no contar\u00e1 con nuestro apoyo&#8221;, asegur\u00f3.<\/p>\n<p>(Cp\/P1\/Foto: Comando Michelle)<\/p>\n","protected":false},"excerpt":{"rendered":"<p>Entreg\u00f3 a Bachelet 40 medidas program\u00e1aticas donde &#8220;hay coincidencias&#8221;.- El ex candidato presidencial del Partido Ecologista Verde, Alfredo Sfeir, entreg\u00f3 este jueves su p\u00fablico apoyo a Michelle Bachelet de cara a la segunda vuelta\u00a0del pr\u00f3ximo 15 de diciembre. El anuncio lo realiz\u00f3 el economista y l\u00edder espiritual en un punto de prensa desde la sede [&hellip;]<\/p>\n","protected":false},"author":1,"featured_media":9685,"comment_status":"open","ping_status":"open","sticky":false,"template":"","format":"standard","meta":{"footnotes":""},"categories":[15],"tags":[],"class_list":["post-9684","post","type-post","status-publish","format-standard","has-post-thumbnail","hentry","category-general"],"jetpack_sharing_enabled":true,"jetpack_featured_media_url":"https:\/\/putaendouno.cl\/wp-content\/uploads\/2013\/12\/sfeir-mb.jpg","_links":{"self":[{"href":"https:\/\/putaendouno.cl\/index.php?rest_route=\/wp\/v2\/posts\/9684","targetHints":{"allow":["GET"]}}],"collection":[{"href":"https:\/\/putaendouno.cl\/index.php?rest_route=\/wp\/v2\/posts"}],"about":[{"href":"https:\/\/putaendouno.cl\/index.php?rest_route=\/wp\/v2\/types\/post"}],"author":[{"embeddable":true,"href":"https:\/\/putaendouno.cl\/index.php?rest_route=\/wp\/v2\/users\/1"}],"replies":[{"embeddable":true,"href":"https:\/\/putaendouno.cl\/index.php?rest_route=%2Fwp%2Fv2%2Fcomments&post=9684"}],"version-history":[{"count":1,"href":"https:\/\/putaendouno.cl\/index.php?rest_route=\/wp\/v2\/posts\/9684\/revisions"}],"predecessor-version":[{"id":9686,"href":"https:\/\/putaendouno.cl\/index.php?rest_route=\/wp\/v2\/posts\/9684\/revisions\/9686"}],"wp:featuredmedia":[{"embeddable":true,"href":"https:\/\/putaendouno.cl\/index.php?rest_route=\/wp\/v2\/media\/9685"}],"wp:attachment":[{"href":"https:\/\/putaendouno.cl\/index.php?rest_route=%2Fwp%2Fv2%2Fmedia&parent=9684"}],"wp:term":[{"taxonomy":"category","embeddable":true,"href":"https:\/\/putaendouno.cl\/index.php?rest_route=%2Fwp%2Fv2%2Fcategories&post=9684"},{"taxonomy":"post_tag","embeddable":true,"href":"https:\/\/putaendouno.cl\/index.php?rest_route=%2Fwp%2Fv2%2Ftags&post=9684"}],"curies":[{"name":"wp","href":"https:\/\/api.w.org\/{rel}","templated":true}]}}