{"id":9681,"date":"2013-12-05T19:26:55","date_gmt":"2013-12-05T22:26:55","guid":{"rendered":"http:\/\/putaendouno.cl\/?p=9681"},"modified":"2013-12-05T19:26:55","modified_gmt":"2013-12-05T22:26:55","slug":"sudafrica-confirma-muerte-de-nelson-mandela","status":"publish","type":"post","link":"https:\/\/putaendouno.cl\/?p=9681","title":{"rendered":"Sud\u00e1frica confirma muerte de Nelson Mandela"},"content":{"rendered":"<div class=\"lazysocialbuttons\" data-float=\"left\" data-buttons=\"google,twitter,facebook\" data-twshareurl=\"https:\/\/putaendouno.cl\/?p=9681\" data-twtext=\"\" data-shareurl=\"https:\/\/putaendouno.cl\/?p=9681\" data-fbhideflyout=\"false\" data-backgroundtype=\"light\"><\/div><h3><span style=\"color: #0000ff;\"><a href=\"http:\/\/putaendouno.cl\/wp-content\/uploads\/2013\/12\/mandela.jpg\"><img loading=\"lazy\" decoding=\"async\" class=\"aligncenter size-full wp-image-9682\" alt=\"mandela\" src=\"http:\/\/putaendouno.cl\/wp-content\/uploads\/2013\/12\/mandela.jpg\" width=\"640\" height=\"320\" srcset=\"https:\/\/putaendouno.cl\/wp-content\/uploads\/2013\/12\/mandela.jpg 640w, https:\/\/putaendouno.cl\/wp-content\/uploads\/2013\/12\/mandela-300x150.jpg 300w\" sizes=\"auto, (max-width: 640px) 100vw, 640px\" \/><\/a>Gobierno sudafricano confirm\u00f3 el fallecimiento del querido Nelson Mandela, a los 95 a\u00f1os.-<\/span><\/h3>\n<p>El gobierno sudafricano anunci\u00f3 este jueves la muerte de Nelson Mandela en Johannesburgo a los 95 a\u00f1os despu\u00e9s de una recurrente infecci\u00f3n pulmonar.\u00a0El presidente de Sud\u00e1frica, Jacob Zuma, dijo que muri\u00f3 en paz rodeado de sus hijos, nietos y bisnietos en su casa de Johannesburgo.<\/p>\n<div>\n<div>\n<p><span style=\"font-size: 13px;\">&#8220;Fue el hijo m\u00e1s grande del pa\u00eds&#8221;, asever\u00f3 el mandatario en su anuncio por televisi\u00f3n, retransmitido en vivo a muchos pa\u00edses.\u00a0<\/span><span style=\"font-size: 13px;\">Lo que hizo grande a Nelson Mandela fue precisamente lo que lo hizo humano. Vimos en \u00e9l lo que buscamos en nosotros.\u00a0<\/span><span style=\"font-size: 13px;\">Ahora est\u00e1 descansando\u2026 ahora est\u00e1 en paz&#8221;, afirm\u00f3 profundamente afectado el mandatario sudafricano.<\/span><\/p>\n<\/div>\n<\/div>\n<p>&#8220;Madiba nos uni\u00f3 y juntos vamos a despedirlo. Nuestro amado Madiba recibir\u00e1 un funeral de Estado&#8221;, agreg\u00f3 Zuma.\u00a0&#8220;He ordenado que todas las banderas de la Rep\u00fablica de Sud\u00e1frica ondeen a media asta&#8221;.<\/p>\n<p>Mandela, s\u00edmbolo de la lucha contra el apartheid, fue el primer presidente negro del pa\u00eds. Gobern\u00f3 entre 1994 y 1999.<\/p>\n<p>En 2004, a los 85 a\u00f1os, Madiba (nombre del clan de Mandela en el idioma xhosa y como le llaman cari\u00f1osamente los sudafricanos) se retir\u00f3 de la vida p\u00fablica.<\/p>\n<div>\n<div>\n<p>Su actividad pol\u00edtica y su combate a la segregaci\u00f3n racial hicieron que pasara 27 a\u00f1os en prisi\u00f3n en las c\u00e1rceles del apartheid hasta 1994, y en ellas contrajo la infecci\u00f3n pulmonar cuyas secuelas le provocaron la muerte. Desde diciembre hab\u00eda sido hospitalizado cuatro veces.<\/p>\n<\/div>\n<\/div>\n<p><span style=\"color: #333333;\">Premio Nobel de la Paz de 1993 fue elegido, un a\u00f1o despu\u00e9s, como primer presidente negro de Sud\u00e1frica en las primeras elecciones en las que todos los sudafricanos pudieron votar sin distinci\u00f3n de raza.<\/span><\/p>\n<p>(BBC\/P1)<\/p>\n","protected":false},"excerpt":{"rendered":"<p>Gobierno sudafricano confirm\u00f3 el fallecimiento del querido Nelson Mandela, a los 95 a\u00f1os.- El gobierno sudafricano anunci\u00f3 este jueves la muerte de Nelson Mandela en Johannesburgo a los 95 a\u00f1os despu\u00e9s de una recurrente infecci\u00f3n pulmonar.\u00a0El presidente de Sud\u00e1frica, Jacob Zuma, dijo que muri\u00f3 en paz rodeado de sus hijos, nietos y bisnietos en su [&hellip;]<\/p>\n","protected":false},"author":1,"featured_media":9682,"comment_status":"open","ping_status":"open","sticky":false,"template":"","format":"standard","meta":{"footnotes":""},"categories":[15],"tags":[],"class_list":["post-9681","post","type-post","status-publish","format-standard","has-post-thumbnail","hentry","category-general"],"jetpack_sharing_enabled":true,"jetpack_featured_media_url":"https:\/\/putaendouno.cl\/wp-content\/uploads\/2013\/12\/mandela.jpg","_links":{"self":[{"href":"https:\/\/putaendouno.cl\/index.php?rest_route=\/wp\/v2\/posts\/9681","targetHints":{"allow":["GET"]}}],"collection":[{"href":"https:\/\/putaendouno.cl\/index.php?rest_route=\/wp\/v2\/posts"}],"about":[{"href":"https:\/\/putaendouno.cl\/index.php?rest_route=\/wp\/v2\/types\/post"}],"author":[{"embeddable":true,"href":"https:\/\/putaendouno.cl\/index.php?rest_route=\/wp\/v2\/users\/1"}],"replies":[{"embeddable":true,"href":"https:\/\/putaendouno.cl\/index.php?rest_route=%2Fwp%2Fv2%2Fcomments&post=9681"}],"version-history":[{"count":1,"href":"https:\/\/putaendouno.cl\/index.php?rest_route=\/wp\/v2\/posts\/9681\/revisions"}],"predecessor-version":[{"id":9683,"href":"https:\/\/putaendouno.cl\/index.php?rest_route=\/wp\/v2\/posts\/9681\/revisions\/9683"}],"wp:featuredmedia":[{"embeddable":true,"href":"https:\/\/putaendouno.cl\/index.php?rest_route=\/wp\/v2\/media\/9682"}],"wp:attachment":[{"href":"https:\/\/putaendouno.cl\/index.php?rest_route=%2Fwp%2Fv2%2Fmedia&parent=9681"}],"wp:term":[{"taxonomy":"category","embeddable":true,"href":"https:\/\/putaendouno.cl\/index.php?rest_route=%2Fwp%2Fv2%2Fcategories&post=9681"},{"taxonomy":"post_tag","embeddable":true,"href":"https:\/\/putaendouno.cl\/index.php?rest_route=%2Fwp%2Fv2%2Ftags&post=9681"}],"curies":[{"name":"wp","href":"https:\/\/api.w.org\/{rel}","templated":true}]}}