{"id":9676,"date":"2013-12-05T19:11:37","date_gmt":"2013-12-05T22:11:37","guid":{"rendered":"http:\/\/putaendouno.cl\/?p=9676"},"modified":"2013-12-05T19:11:37","modified_gmt":"2013-12-05T22:11:37","slug":"putaendo-recuerda-al-folclorista-esteban-vargas","status":"publish","type":"post","link":"https:\/\/putaendouno.cl\/?p=9676","title":{"rendered":"Putaendo recuerda al folclorista Esteban Vargas"},"content":{"rendered":"<div class=\"lazysocialbuttons\" data-float=\"left\" data-buttons=\"google,twitter,facebook\" data-twshareurl=\"https:\/\/putaendouno.cl\/?p=9676\" data-twtext=\"\" data-shareurl=\"https:\/\/putaendouno.cl\/?p=9676\" data-fbhideflyout=\"false\" data-backgroundtype=\"light\"><\/div><h3><span style=\"color: #0000ff;\"><a href=\"http:\/\/putaendouno.cl\/wp-content\/uploads\/2013\/12\/GRupo-EV-HPPP1.jpg\"><img loading=\"lazy\" decoding=\"async\" class=\"aligncenter size-full wp-image-9678\" alt=\"GRupo EV HPPP\" src=\"http:\/\/putaendouno.cl\/wp-content\/uploads\/2013\/12\/GRupo-EV-HPPP1.jpg\" width=\"640\" height=\"320\" srcset=\"https:\/\/putaendouno.cl\/wp-content\/uploads\/2013\/12\/GRupo-EV-HPPP1.jpg 640w, https:\/\/putaendouno.cl\/wp-content\/uploads\/2013\/12\/GRupo-EV-HPPP1-300x150.jpg 300w\" sizes=\"auto, (max-width: 640px) 100vw, 640px\" \/><\/a>Este s\u00e1bado se realizar\u00e1n un encuentro folcl\u00f3rico en el Liceo Manuel Mar\u00edn para rendir homenaje a su recuerdo.-<\/span><\/h3>\n<p>Para este s\u00e1bado 7 de diciembre en el Liceo Manuel Mar\u00edn Fritis de la comuna, se realizar\u00e1 el Encuentro Folcl\u00f3rico en homenaje al destacado m\u00fasico local, Esteban \u201cNacho\u201d Vargas Escobar, y que falleciera hace 5 a\u00f1os. La actividad est\u00e1 programada a partir de las <a href=\"http:\/\/putaendouno.cl\/wp-content\/uploads\/2013\/12\/SAM_1049.jpg\"><img loading=\"lazy\" decoding=\"async\" class=\"alignleft  wp-image-9679\" alt=\"SAM_1049\" src=\"http:\/\/putaendouno.cl\/wp-content\/uploads\/2013\/12\/SAM_1049-300x278.jpg\" width=\"192\" height=\"178\" srcset=\"https:\/\/putaendouno.cl\/wp-content\/uploads\/2013\/12\/SAM_1049-300x278.jpg 300w, https:\/\/putaendouno.cl\/wp-content\/uploads\/2013\/12\/SAM_1049.jpg 529w\" sizes=\"auto, (max-width: 192px) 100vw, 192px\" \/><\/a>19:00 hrs. y es organizado por el Grupo de Proyecci\u00f3n Folkl\u00f3rica del Hospital Psiqui\u00e1trico Dr. Philippe Pinel de Putaendo.<\/p>\n<p>Los organizadores del evento destacaron que cada a\u00f1o, y en conjunto con la familia del folclorista, organizan este encuentro donde recuerdan el aporte musical que realiz\u00f3 a distintas agrupaciones de Aconcagua. Es as\u00ed como para esta versi\u00f3n han comprometido la presencia de Pedro Estay, el grupo folkl\u00f3rico Ra\u00edces de Mi Tierra, el grupo folkl\u00f3rico Hacienda Piguch\u00e9n y el grupo de proyecci\u00f3n folkl\u00f3rica del Hospital Dr. Philippe Pinel, que lleva el nombre de Esteban Vargas.<\/p>\n<p>La invitaci\u00f3n es para que la comunidad participe este s\u00e1bado 7 de diciembre, a partir de las 19:00 hrs., en el Liceo Manuel Mar\u00edn de Putaendo.<\/p>\n","protected":false},"excerpt":{"rendered":"<p>Este s\u00e1bado se realizar\u00e1n un encuentro folcl\u00f3rico en el Liceo Manuel Mar\u00edn para rendir homenaje a su recuerdo.- Para este s\u00e1bado 7 de diciembre en el Liceo Manuel Mar\u00edn Fritis de la comuna, se realizar\u00e1 el Encuentro Folcl\u00f3rico en homenaje al destacado m\u00fasico local, Esteban \u201cNacho\u201d Vargas Escobar, y que falleciera hace 5 a\u00f1os. La [&hellip;]<\/p>\n","protected":false},"author":1,"featured_media":9678,"comment_status":"open","ping_status":"open","sticky":false,"template":"","format":"standard","meta":{"footnotes":""},"categories":[15,4],"tags":[],"class_list":["post-9676","post","type-post","status-publish","format-standard","has-post-thumbnail","hentry","category-general","category-putaendo"],"jetpack_sharing_enabled":true,"jetpack_featured_media_url":"https:\/\/putaendouno.cl\/wp-content\/uploads\/2013\/12\/GRupo-EV-HPPP1.jpg","_links":{"self":[{"href":"https:\/\/putaendouno.cl\/index.php?rest_route=\/wp\/v2\/posts\/9676","targetHints":{"allow":["GET"]}}],"collection":[{"href":"https:\/\/putaendouno.cl\/index.php?rest_route=\/wp\/v2\/posts"}],"about":[{"href":"https:\/\/putaendouno.cl\/index.php?rest_route=\/wp\/v2\/types\/post"}],"author":[{"embeddable":true,"href":"https:\/\/putaendouno.cl\/index.php?rest_route=\/wp\/v2\/users\/1"}],"replies":[{"embeddable":true,"href":"https:\/\/putaendouno.cl\/index.php?rest_route=%2Fwp%2Fv2%2Fcomments&post=9676"}],"version-history":[{"count":1,"href":"https:\/\/putaendouno.cl\/index.php?rest_route=\/wp\/v2\/posts\/9676\/revisions"}],"predecessor-version":[{"id":9680,"href":"https:\/\/putaendouno.cl\/index.php?rest_route=\/wp\/v2\/posts\/9676\/revisions\/9680"}],"wp:featuredmedia":[{"embeddable":true,"href":"https:\/\/putaendouno.cl\/index.php?rest_route=\/wp\/v2\/media\/9678"}],"wp:attachment":[{"href":"https:\/\/putaendouno.cl\/index.php?rest_route=%2Fwp%2Fv2%2Fmedia&parent=9676"}],"wp:term":[{"taxonomy":"category","embeddable":true,"href":"https:\/\/putaendouno.cl\/index.php?rest_route=%2Fwp%2Fv2%2Fcategories&post=9676"},{"taxonomy":"post_tag","embeddable":true,"href":"https:\/\/putaendouno.cl\/index.php?rest_route=%2Fwp%2Fv2%2Ftags&post=9676"}],"curies":[{"name":"wp","href":"https:\/\/api.w.org\/{rel}","templated":true}]}}