{"id":9671,"date":"2013-12-05T14:40:25","date_gmt":"2013-12-05T17:40:25","guid":{"rendered":"http:\/\/putaendouno.cl\/?p=9671"},"modified":"2013-12-05T14:40:25","modified_gmt":"2013-12-05T17:40:25","slug":"comercio-de-san-felipe-molesto-con-ferias-en-plaza-de-armas","status":"publish","type":"post","link":"https:\/\/putaendouno.cl\/?p=9671","title":{"rendered":"Comercio de San Felipe molesto con ferias en Plaza de Armas"},"content":{"rendered":"<div class=\"lazysocialbuttons\" data-float=\"left\" data-buttons=\"google,twitter,facebook\" data-twshareurl=\"https:\/\/putaendouno.cl\/?p=9671\" data-twtext=\"\" data-shareurl=\"https:\/\/putaendouno.cl\/?p=9671\" data-fbhideflyout=\"false\" data-backgroundtype=\"light\"><\/div><h3><span style=\"color: #0000ff;\"><a href=\"http:\/\/putaendouno.cl\/wp-content\/uploads\/2013\/12\/camara-sfportad.jpg\"><img loading=\"lazy\" decoding=\"async\" class=\"aligncenter size-full wp-image-9672\" alt=\"camara sfportad\" src=\"http:\/\/putaendouno.cl\/wp-content\/uploads\/2013\/12\/camara-sfportad.jpg\" width=\"640\" height=\"320\" srcset=\"https:\/\/putaendouno.cl\/wp-content\/uploads\/2013\/12\/camara-sfportad.jpg 640w, https:\/\/putaendouno.cl\/wp-content\/uploads\/2013\/12\/camara-sfportad-300x150.jpg 300w\" sizes=\"auto, (max-width: 640px) 100vw, 640px\" \/><\/a>En reuni\u00f3n con el alcalde Patricio Freire la C\u00e1mara de Comercio manifest\u00f3 su m\u00e1s profundo rechazo a las ferias en la plaza de armas de la ciudad.-<\/span><\/h3>\n<p>La iniciativa surge a ra\u00edz del alto n\u00famero de quejas manifestadas por el comercio establecido de la ciudad al directorio de la C\u00e1mara de Comercio de San Felipe A.G., respecto de las ferias itinerantes que se autorizan en la plaza de armas de la ciudad de San Felipe por estas \u00e9pocas del a\u00f1o.<\/p>\n<p>Estas ferias se traducen en una competencia comercial en desigualdad de condiciones de cara al comercio establecido, puesto que lo que en la pr\u00e1ctica se observa, sin perjuicio de ciertas excepciones particulares, es un sin n\u00famero de vicios e irregularidades, como son por ejemplo el sub contrato de permisos, encontr\u00e1ndose en muchas ocasiones con autorizaciones entregadas a &#8220;emprendedores&#8221; que, por mencionar un caso, no son de la zona o bien poseen m\u00faltiples negocios en esta u otras ciudades, sin dejar de omitir la perdida de la visual y de gran parte del espacio p\u00fablico m\u00e1s importante de la ciudad, entre otras problem\u00e1ticas emanadas de esto.<\/p>\n<p>El presidente de la C\u00e1mara de Comercio de San Felipe A.G., el se\u00f1or Omar Juri Cerda, indica que no se debe confundir el fondo de la molestia por parte de los comerciantes, pues siempre ha sido el inter\u00e9s de la colectividad potenciar el emprendimiento de futuros comerciantes, pero sin perder de foco el cautelar la igualdad de condiciones del comercio en general. En efecto, se sabe que estas ferias itinerantes de temporada, m\u00e1s all\u00e1 del esp\u00edritu con el cual fueron concebidas, al no poseer un marco regulatorio claro y en l\u00ednea con el desarrollo y el emprendimiento puro.<\/p>\n<p>Finalmente, el presidente de la Asociaci\u00f3n Gremial, junto al tesorero de la misma, don Allan Guerrero, recalcaron su m\u00e1s profundo rechazo a dichas ferias en la plaza de armas tal y como se han venido autorizando en a\u00f1os anteriores.<\/p>\n<p>El alcalde Patricio Freire, indic\u00f3 que el esp\u00edritu de estas ferias es entregar una alternativa a emprendedores de la zona, que ven en esta oportunidad una alternativa de apoyo a la consolidaci\u00f3n de sus innovaciones. Indic\u00f3 adem\u00e1s que no se realizar\u00e1 la feria en los t\u00e9rminos que se ha venido realizando a\u00f1os anteriores, se\u00f1alando tambi\u00e9n que solo se ha dispuesto de permisos para dos ferias puntuales en la plaza de armas con una duraci\u00f3n total de 4 d\u00edas, la primera denominada Feria El Rastro dirigida artesanos, centros de madres y otras afines, y la Segunda Feria del Emprendimiento.<\/p>\n<p>El edil indic\u00f3 que durante su gesti\u00f3n no se han generado nuevos permisos, se\u00f1alando que desde hace dos meses se han concretado cambios a los requisitos, entre los cuales se cuenta la exigencia de permanencia del titular del permiso en el puesto autorizado, entre otros.<\/p>\n<p>Finalmente, ambas partes reunidas se comprometieron a seguir trabajando en la l\u00ednea antes definida.<\/p>\n","protected":false},"excerpt":{"rendered":"<p>En reuni\u00f3n con el alcalde Patricio Freire la C\u00e1mara de Comercio manifest\u00f3 su m\u00e1s profundo rechazo a las ferias en la plaza de armas de la ciudad.- La iniciativa surge a ra\u00edz del alto n\u00famero de quejas manifestadas por el comercio establecido de la ciudad al directorio de la C\u00e1mara de Comercio de San Felipe [&hellip;]<\/p>\n","protected":false},"author":1,"featured_media":9672,"comment_status":"open","ping_status":"open","sticky":false,"template":"","format":"standard","meta":{"footnotes":""},"categories":[15,5],"tags":[],"class_list":["post-9671","post","type-post","status-publish","format-standard","has-post-thumbnail","hentry","category-general","category-aconcagua"],"jetpack_sharing_enabled":true,"jetpack_featured_media_url":"https:\/\/putaendouno.cl\/wp-content\/uploads\/2013\/12\/camara-sfportad.jpg","_links":{"self":[{"href":"https:\/\/putaendouno.cl\/index.php?rest_route=\/wp\/v2\/posts\/9671","targetHints":{"allow":["GET"]}}],"collection":[{"href":"https:\/\/putaendouno.cl\/index.php?rest_route=\/wp\/v2\/posts"}],"about":[{"href":"https:\/\/putaendouno.cl\/index.php?rest_route=\/wp\/v2\/types\/post"}],"author":[{"embeddable":true,"href":"https:\/\/putaendouno.cl\/index.php?rest_route=\/wp\/v2\/users\/1"}],"replies":[{"embeddable":true,"href":"https:\/\/putaendouno.cl\/index.php?rest_route=%2Fwp%2Fv2%2Fcomments&post=9671"}],"version-history":[{"count":1,"href":"https:\/\/putaendouno.cl\/index.php?rest_route=\/wp\/v2\/posts\/9671\/revisions"}],"predecessor-version":[{"id":9673,"href":"https:\/\/putaendouno.cl\/index.php?rest_route=\/wp\/v2\/posts\/9671\/revisions\/9673"}],"wp:featuredmedia":[{"embeddable":true,"href":"https:\/\/putaendouno.cl\/index.php?rest_route=\/wp\/v2\/media\/9672"}],"wp:attachment":[{"href":"https:\/\/putaendouno.cl\/index.php?rest_route=%2Fwp%2Fv2%2Fmedia&parent=9671"}],"wp:term":[{"taxonomy":"category","embeddable":true,"href":"https:\/\/putaendouno.cl\/index.php?rest_route=%2Fwp%2Fv2%2Fcategories&post=9671"},{"taxonomy":"post_tag","embeddable":true,"href":"https:\/\/putaendouno.cl\/index.php?rest_route=%2Fwp%2Fv2%2Ftags&post=9671"}],"curies":[{"name":"wp","href":"https:\/\/api.w.org\/{rel}","templated":true}]}}