{"id":9665,"date":"2013-12-05T10:41:42","date_gmt":"2013-12-05T13:41:42","guid":{"rendered":"http:\/\/putaendouno.cl\/?p=9665"},"modified":"2013-12-05T10:41:42","modified_gmt":"2013-12-05T13:41:42","slug":"concejal-covarrubias-tenemos-un-compromiso-con-la-villa-250-anos","status":"publish","type":"post","link":"https:\/\/putaendouno.cl\/?p=9665","title":{"rendered":"Concejal Covarrubias: &#8220;Tenemos un compromiso con la Villa 250 A\u00f1os&#8221;"},"content":{"rendered":"<div class=\"lazysocialbuttons\" data-float=\"left\" data-buttons=\"google,twitter,facebook\" data-twshareurl=\"https:\/\/putaendouno.cl\/?p=9665\" data-twtext=\"\" data-shareurl=\"https:\/\/putaendouno.cl\/?p=9665\" data-fbhideflyout=\"false\" data-backgroundtype=\"light\"><\/div><h3><span style=\"color: #0000ff;\"><a href=\"http:\/\/putaendouno.cl\/wp-content\/uploads\/2013\/12\/14098591.jpg\"><img loading=\"lazy\" decoding=\"async\" class=\"aligncenter size-full wp-image-9666\" alt=\"14098591\" src=\"http:\/\/putaendouno.cl\/wp-content\/uploads\/2013\/12\/14098591.jpg\" width=\"640\" height=\"320\" srcset=\"https:\/\/putaendouno.cl\/wp-content\/uploads\/2013\/12\/14098591.jpg 640w, https:\/\/putaendouno.cl\/wp-content\/uploads\/2013\/12\/14098591-300x150.jpg 300w\" sizes=\"auto, (max-width: 640px) 100vw, 640px\" \/><\/a><a href=\"http:\/\/putaendouno.cl\/wp-content\/uploads\/2013\/12\/Ricardo-Covarrubias.jpg-1.jpg\"><img loading=\"lazy\" decoding=\"async\" class=\"aligncenter size-full wp-image-9667\" alt=\"Ricardo Covarrubias.jpg (1)\" src=\"http:\/\/putaendouno.cl\/wp-content\/uploads\/2013\/12\/Ricardo-Covarrubias.jpg-1.jpg\" width=\"640\" height=\"321\" srcset=\"https:\/\/putaendouno.cl\/wp-content\/uploads\/2013\/12\/Ricardo-Covarrubias.jpg-1.jpg 640w, https:\/\/putaendouno.cl\/wp-content\/uploads\/2013\/12\/Ricardo-Covarrubias.jpg-1-300x150.jpg 300w\" sizes=\"auto, (max-width: 640px) 100vw, 640px\" \/><\/a>Concejo Municipal de San Felipe sostuvo reuni\u00f3n con vecinos de la poblaci\u00f3n para atender sus demandas.-<\/span><\/h3>\n<p>El concejo municipal sostuvo una importante reuni\u00f3n de trabajo con vecinos de Villa 250 A\u00f1os de San Felipe, para visualizar una propuesta integral para mejorar las condiciones de vida de sus habitantes.<\/p>\n<p>As\u00ed lo manifest\u00f3 el concejal, Ricardo Covarrubias, quien cont\u00f3 que el concejo municipal encabezado por el alcalde Patricio Freire, m\u00e1s los concejales Millanao, Muena, Silva, Jeannette Sotomayor y Ricardo Covarrubias, acompa\u00f1ados de los equipos t\u00e9cnicos del municipio intercambiaron opiniones dirigidas a enfrentar las distintas materias que ata\u00f1an a los pobladores del sector de la 250 A\u00f1os.<\/p>\n<p>Para Covarrubias, dicha reuni\u00f3n sirvi\u00f3 para poner sobre la mesa \u201cuna intervenci\u00f3n integral que realmente sirva a los vecinos, porque de lo contrario de nada servir\u00e1 pegar pinchazos en los temas que afectan a esta gente, tom\u00e1ndose en consideraci\u00f3n varios aspectos que marcaron la cr\u00f3nica roja, siendo que la mayor\u00eda es gente de trabajo, lo cual no contextualiza la realidad de esta poblaci\u00f3n\u201d asever\u00f3.<\/p>\n<p>Al mismo tiempo el concejal puntualiz\u00f3 que su propuesta estuvo centrada en poder trabajar con todos los vecinos en las diferentes \u00e1reas, aparte del tema seguridad \u201cporque debemos revisar si los ni\u00f1os en sus distintos niveles est\u00e1n estudiando, si tienen los respectivos apoyos, tambi\u00e9n conocer la calidad laboral de los vecinos y si estos cuentan con estabilidad laboral o si tienen precariedad laboral\u201d indic\u00f3 Covarrubias.<\/p>\n<p>Al mismo tiempo precis\u00f3 \u201cen esta villa tenemos allegados, los cuales deben participar en los diferentes concursos para postular a viviendas y que les permita desarrollarse como corresponde, como tambi\u00e9n dar los pasos respectivos para que tengan una atenci\u00f3n de salud digna, donde sabemos que cuando recurren a la atenci\u00f3n de urgencia o primaria no cuentan con los apoyos respectivos\u201d puntualiz\u00f3.<\/p>\n<p>A su vez en la reuni\u00f3n de trabajo, Covarrubias precis\u00f3 que era importante dar atenci\u00f3n preferencial para que los ni\u00f1os del sector asistan a estudiar a la Escuela Manuel Rodr\u00edguez, \u201cporque ese es su sector inmediato y los ni\u00f1os deben utilizar ese establecimiento educacional como corresponde; y por otra parte utilizar el jard\u00edn infantil para que puedan recibir las atenciones y formaciones que les pertenece\u201d indic\u00f3.<\/p>\n<p>Covarrubias, se propuso ante los concurrentes para ser parte para gestionar los recursos para desarrollar los diferentes programas, los cuales fueron respaldados por el director de Dideco, Pablo Silva, \u201cporque pienso como concejal que nada tendr\u00e1 resultado como corresponde si nos vamos sin un compromiso para enfrentar dichas tareas y para que ello ocurra se necesitan los recursos\u201d dijo.<\/p>\n<p>Finalmente manifest\u00f3 el concejal \u201cdesde ahora, debemos impulsar un trabajo mucho m\u00e1s acentuado con la gente o de lo contrario nos vamos a quedar con la sensaci\u00f3n de que nos quedamos en el intento y no resolvimos los problemas de la gente, para dar pie a realizar los trabajos a los cuales nos comprometimos ante la comunidad asistente de la Villa 250 A\u00f1os\u201d concluy\u00f3 Ricardo Covarrubias.<\/p>\n<p>&nbsp;<\/p>\n<p>&nbsp;<\/p>\n","protected":false},"excerpt":{"rendered":"<p>Concejo Municipal de San Felipe sostuvo reuni\u00f3n con vecinos de la poblaci\u00f3n para atender sus demandas.- El concejo municipal sostuvo una importante reuni\u00f3n de trabajo con vecinos de Villa 250 A\u00f1os de San Felipe, para visualizar una propuesta integral para mejorar las condiciones de vida de sus habitantes. As\u00ed lo manifest\u00f3 el concejal, Ricardo Covarrubias, [&hellip;]<\/p>\n","protected":false},"author":1,"featured_media":9667,"comment_status":"open","ping_status":"open","sticky":false,"template":"","format":"standard","meta":{"footnotes":""},"categories":[15,5],"tags":[],"class_list":["post-9665","post","type-post","status-publish","format-standard","has-post-thumbnail","hentry","category-general","category-aconcagua"],"jetpack_sharing_enabled":true,"jetpack_featured_media_url":"https:\/\/putaendouno.cl\/wp-content\/uploads\/2013\/12\/Ricardo-Covarrubias.jpg-1.jpg","_links":{"self":[{"href":"https:\/\/putaendouno.cl\/index.php?rest_route=\/wp\/v2\/posts\/9665","targetHints":{"allow":["GET"]}}],"collection":[{"href":"https:\/\/putaendouno.cl\/index.php?rest_route=\/wp\/v2\/posts"}],"about":[{"href":"https:\/\/putaendouno.cl\/index.php?rest_route=\/wp\/v2\/types\/post"}],"author":[{"embeddable":true,"href":"https:\/\/putaendouno.cl\/index.php?rest_route=\/wp\/v2\/users\/1"}],"replies":[{"embeddable":true,"href":"https:\/\/putaendouno.cl\/index.php?rest_route=%2Fwp%2Fv2%2Fcomments&post=9665"}],"version-history":[{"count":1,"href":"https:\/\/putaendouno.cl\/index.php?rest_route=\/wp\/v2\/posts\/9665\/revisions"}],"predecessor-version":[{"id":9668,"href":"https:\/\/putaendouno.cl\/index.php?rest_route=\/wp\/v2\/posts\/9665\/revisions\/9668"}],"wp:featuredmedia":[{"embeddable":true,"href":"https:\/\/putaendouno.cl\/index.php?rest_route=\/wp\/v2\/media\/9667"}],"wp:attachment":[{"href":"https:\/\/putaendouno.cl\/index.php?rest_route=%2Fwp%2Fv2%2Fmedia&parent=9665"}],"wp:term":[{"taxonomy":"category","embeddable":true,"href":"https:\/\/putaendouno.cl\/index.php?rest_route=%2Fwp%2Fv2%2Fcategories&post=9665"},{"taxonomy":"post_tag","embeddable":true,"href":"https:\/\/putaendouno.cl\/index.php?rest_route=%2Fwp%2Fv2%2Ftags&post=9665"}],"curies":[{"name":"wp","href":"https:\/\/api.w.org\/{rel}","templated":true}]}}