{"id":9656,"date":"2013-12-03T18:30:27","date_gmt":"2013-12-03T21:30:27","guid":{"rendered":"http:\/\/putaendouno.cl\/?p=9656"},"modified":"2013-12-03T18:30:27","modified_gmt":"2013-12-03T21:30:27","slug":"mujeres-lideres-llaman-a-marcar-voto-con-ac","status":"publish","type":"post","link":"https:\/\/putaendouno.cl\/?p=9656","title":{"rendered":"Mujeres l\u00edderes llaman a marcar voto con &#8220;AC&#8221;"},"content":{"rendered":"<div class=\"lazysocialbuttons\" data-float=\"left\" data-buttons=\"google,twitter,facebook\" data-twshareurl=\"https:\/\/putaendouno.cl\/?p=9656\" data-twtext=\"\" data-shareurl=\"https:\/\/putaendouno.cl\/?p=9656\" data-fbhideflyout=\"false\" data-backgroundtype=\"light\"><\/div><h3><span style=\"color: #0000ff;\"><a href=\"http:\/\/putaendouno.cl\/wp-content\/uploads\/2013\/12\/AC-4-dic.jpg\"><img loading=\"lazy\" decoding=\"async\" class=\"aligncenter size-full wp-image-9657\" alt=\"AC 4 dic\" src=\"http:\/\/putaendouno.cl\/wp-content\/uploads\/2013\/12\/AC-4-dic.jpg\" width=\"640\" height=\"321\" srcset=\"https:\/\/putaendouno.cl\/wp-content\/uploads\/2013\/12\/AC-4-dic.jpg 640w, https:\/\/putaendouno.cl\/wp-content\/uploads\/2013\/12\/AC-4-dic-300x150.jpg 300w\" sizes=\"auto, (max-width: 640px) 100vw, 640px\" \/><\/a>Con el lema &#8220;Las Mujeres Marcamos el Voto AC&#8221;, connotadas mujeres del teatro, la pol\u00edtica, profesionales, artistas llamaron a luchar por una nueva Constituci\u00f3n.-<\/span><\/h3>\n<p>Cerca de sesenta mujeres de los m\u00e1s diversos campos de la pol\u00edtica, las artes, la cultura y las comunicaciones, se reunieron esta ma\u00f1ana en las escalinatas del Museo Bellas Artes para respaldar el llamado marcar el voto en segunda vuelta.<\/p>\n<p>Antonia Zegers, actriz: Uno de los bochornos de esta democracia es que seguimos regidos por una Constituci\u00f3n que fue hecha en dictadura<\/p>\n<p>Isabel Allende, senadora: Mi rol desde el parlamento ser\u00e1 empujar la idea de una Asamblea Constituyente porque tiene que ser verdaderamente con amplia participaci\u00f3n<\/p>\n<p>Diana Massis, periodista: las mujeres y todos necesitamos un nuevo marco institucional y queremos participar en su elaboraci\u00f3n<\/p>\n<p>Anita Quiroga, dirigenta Nacional de la Democracia Cristiana: yo al igual que muchos otros DC estamos reafirmando la generaci\u00f3n de una Nueva Constituci\u00f3n hecha a trav\u00e9s de una Asamblea Constituyente.<\/p>\n<p>Convencidas que s\u00f3lo se obtendr\u00e1 plena democracia cuando las mujeres est\u00e9n representadas en forma igualitaria en los poderes del estado y en todos los \u00e1mbitos de la sociedad, las mujeres sostuvieron en declaraci\u00f3n le\u00edda por la vocera de Marca tu Voto Javiera Parada que &#8220;Esa Constituci\u00f3n (la del 80&#8242;) nos es ajena a las mujeres &#8230;. A esa Constituci\u00f3n le falta la otra mitad y las mujeres la podemos cambiar&#8221;.<\/p>\n<p>Las asistentes consideran que la desigualdad en la actual distribuci\u00f3n del poder, desde el punto de vista de g\u00e9nero, es una poderosa raz\u00f3n para impulsar la realizaci\u00f3n de una Asamblea Constituyente y participar en la creaci\u00f3n de una nueva Constituci\u00f3n, &#8220;queremos estar presente a la hora de deliberar y decidir sobre los mecanismos que permitan una mayor representatividad de las mujeres en el sistema pol\u00edtico&#8221;, sostuvieron esta ma\u00f1ana.<\/p>\n<p>Entre las participantes y adherentes a la actividad LAS MUJERES MARCAMOS EL VOTO AC se encuentran, las actrices Ana Mar\u00eda Gazmuri, Lorene Prieto, Paula Sharim, Antonia Zegers, Luz Croxatto, Mariel Bravo, Mariana Loyola, la alcaldesa de Santiago Carolina Toh\u00e1, la senadora Ximena Rinc\u00f3n, la candidata de la Democracia Cristiana Marcela Labra\u00f1a, la escritora P\u00eda Barros, la escritora, periodista y bloguera Camila Guti\u00e9rrez, la Premio Nacional de Periodismo Faride Zer\u00e1n, la abogada Carmen Hertz, las cineastas Alicia Scherson y la dramaturga Manuela Infante.<\/p>\n<p>La senadora del PS Isabel Allende senadora, sostuvo \u201cnecesitamos una Constituci\u00f3n que nos represente que no sigan existiendo los vicios que tiene hoy, de la sub representaci\u00f3n, de la falta de participaci\u00f3n, de los quorums alt\u00edsimos, no podemos sacar las reformas constitucionales, porque necesitamos una ciudadan\u00eda que se sienta participe de la Nueva Constituci\u00f3n y eso tiene que ser un proceso democr\u00e1tico, participativo y deliberativo. Mi rol desde el parlamento ser\u00e1 empujar lo m\u00e1s que se pueda la idea de una AC porque tiene que ser verdaderamente con amplia participaci\u00f3n, es importante el rol de los legisladores, pero necesitamos ampliar la participaci\u00f3n ciudadana, lo importante es reforzar la democracia\u201d.<\/p>\n<p>En la misma l\u00ednea se expres\u00f3 la diputada electa Maya Fern\u00e1ndez, tambi\u00e9n del Partido Socialista, \u201ces muy importante tener una Constituci\u00f3n democr\u00e1tica con la participaci\u00f3n de todos y todas, donde los ciudadanos nos sintamos representados y la sintamos propia\u201d.<\/p>\n<p>Mireya Garc\u00eda de la Agrupaci\u00f3n de Familiares de Detenidos Desaparecidos, dijo: \u201ceste es un proceso imprescindible para la construcci\u00f3n de una Constituci\u00f3n realmente democr\u00e1tica y representativa de la ciudadan\u00eda. La conciencia que hoy existe respecto de una Nueva Constituci\u00f3n y que esta surja de una Asamblea Constituyente a m\u00ed me parece que es la se\u00f1al m\u00e1s potente de la democracia chilena de los \u00faltimos 20 a\u00f1os\u201d.<\/p>\n<p>Por su parte Anita Quiroga, Consejera Nacional de la Democracia Cristiana, habl\u00f3 de la necesidad de re legitimar el sistema pol\u00edtico , \u201ccomo dem\u00f3crata cristiana no hago m\u00e1s que reafirmar lo que dijo Frei Montalva el a\u00f1o 80 , &lt;necesitamos una Asamblea Constituyente y yo al igual que muchos otros DC estamos reafirmando la generaci\u00f3n de una Nueva Constituci\u00f3n hecha a trav\u00e9s de una Asamblea Constituyente&#8221;.<\/p>\n<p>Desde la cultura se sumaron nuevas voces al llamado a marcar el voto, es el caso de la actriz Antonia Zegers para quien la Asamblea Constituyente \u201ces el mejor mecanismo para redactar la nueva Constituci\u00f3n \u201c, agreg\u00f3 \u201ccreo que uno de los bochornos de esta democracia es que seguimos regidos por una Constituci\u00f3n que fue hecha en dictadura. Una AC no desestabiliza nada, muy por el contrario abre las puertas a la inclusi\u00f3n de la sociedad civil en este proceso\u201c.<\/p>\n<p>Apoyan tambi\u00e9n el llamado a participar en los comicios de segunda vuelta marcando AC, la directora de Corporaci\u00f3n Humanas Carolina Carrera, las cientistas pol\u00edticas Clarisa Hardy, Claudia Heiss, Marcela R\u00edos y Maria de los \u00c1ngeles Fern\u00e1ndez, la actriz y candidata PRO Marisela Santiba\u00f1ez, las candidatas electas del PC Camila Vallejo y Karol Cariola y de la Democracia Cristiana Yasna Provoste, la abogada constitucionalista Elisa Walker, las animadoras de televisi\u00f3n Diana Massis y Luc\u00eda L\u00f3pez , las doctoras Soledad Barr\u00eda, Vivianne Bachelet y Maritza Matamala, la dise\u00f1adora Juanita Vial , la actriz Paly Garc\u00eda y la emblem\u00e1tica figura de Mujeres por la vida Chela B\u00f3rquez, entre muchas m\u00e1s.<\/p>\n<p>La actividad LAS MUJERES MARCAMOS AC se enmarca en la programaci\u00f3n que ha hecho la campa\u00f1a marca tu voto, para promocionar el llamado y captar observadores que contabilicen las marcas AC.<\/p>\n<p>La iniciativa Marca tu Voto ha sostenido que en segunda vuelta recoger\u00e1 todas las visiones que quieran manifestar su apoyo a la Asamblea Constituyente. A los que leg\u00edtimamente quieren votar por alguna de las candidaturas en disputa y a aquellos que no se sienten representados por ninguna de las opciones y quieren manifestar igualmente en el voto su adhesi\u00f3n a la Asamblea Constituyente.<\/p>\n<p>La inscripci\u00f3n de observadores para la contabilizaci\u00f3n de marcas se encuentra abierta en la plataforma <a title=\"marcatuvoto\" href=\"http:\/\/www.todoscontamos.cl\" target=\"_blank\">todoscontamos.cl<\/a><\/p>\n<p><span style=\"color: #0000ff;\">(Miryam Verdugo G.\/P1\/Foto: MVG)<\/span><\/p>\n","protected":false},"excerpt":{"rendered":"<p>Con el lema &#8220;Las Mujeres Marcamos el Voto AC&#8221;, connotadas mujeres del teatro, la pol\u00edtica, profesionales, artistas llamaron a luchar por una nueva Constituci\u00f3n.- Cerca de sesenta mujeres de los m\u00e1s diversos campos de la pol\u00edtica, las artes, la cultura y las comunicaciones, se reunieron esta ma\u00f1ana en las escalinatas del Museo Bellas Artes para [&hellip;]<\/p>\n","protected":false},"author":1,"featured_media":9657,"comment_status":"open","ping_status":"open","sticky":false,"template":"","format":"standard","meta":{"footnotes":""},"categories":[15],"tags":[],"class_list":["post-9656","post","type-post","status-publish","format-standard","has-post-thumbnail","hentry","category-general"],"jetpack_sharing_enabled":true,"jetpack_featured_media_url":"https:\/\/putaendouno.cl\/wp-content\/uploads\/2013\/12\/AC-4-dic.jpg","_links":{"self":[{"href":"https:\/\/putaendouno.cl\/index.php?rest_route=\/wp\/v2\/posts\/9656","targetHints":{"allow":["GET"]}}],"collection":[{"href":"https:\/\/putaendouno.cl\/index.php?rest_route=\/wp\/v2\/posts"}],"about":[{"href":"https:\/\/putaendouno.cl\/index.php?rest_route=\/wp\/v2\/types\/post"}],"author":[{"embeddable":true,"href":"https:\/\/putaendouno.cl\/index.php?rest_route=\/wp\/v2\/users\/1"}],"replies":[{"embeddable":true,"href":"https:\/\/putaendouno.cl\/index.php?rest_route=%2Fwp%2Fv2%2Fcomments&post=9656"}],"version-history":[{"count":1,"href":"https:\/\/putaendouno.cl\/index.php?rest_route=\/wp\/v2\/posts\/9656\/revisions"}],"predecessor-version":[{"id":9658,"href":"https:\/\/putaendouno.cl\/index.php?rest_route=\/wp\/v2\/posts\/9656\/revisions\/9658"}],"wp:featuredmedia":[{"embeddable":true,"href":"https:\/\/putaendouno.cl\/index.php?rest_route=\/wp\/v2\/media\/9657"}],"wp:attachment":[{"href":"https:\/\/putaendouno.cl\/index.php?rest_route=%2Fwp%2Fv2%2Fmedia&parent=9656"}],"wp:term":[{"taxonomy":"category","embeddable":true,"href":"https:\/\/putaendouno.cl\/index.php?rest_route=%2Fwp%2Fv2%2Fcategories&post=9656"},{"taxonomy":"post_tag","embeddable":true,"href":"https:\/\/putaendouno.cl\/index.php?rest_route=%2Fwp%2Fv2%2Ftags&post=9656"}],"curies":[{"name":"wp","href":"https:\/\/api.w.org\/{rel}","templated":true}]}}