{"id":9638,"date":"2013-12-02T22:34:18","date_gmt":"2013-12-03T01:34:18","guid":{"rendered":"http:\/\/putaendouno.cl\/?p=9638"},"modified":"2013-12-02T22:34:18","modified_gmt":"2013-12-03T01:34:18","slug":"gobernadora-boffa-se-querella-por-incidentes-en-villa-250-anos","status":"publish","type":"post","link":"https:\/\/putaendouno.cl\/?p=9638","title":{"rendered":"Gobernadora Boffa se querella por incidentes en Villa 250 A\u00f1os"},"content":{"rendered":"<div class=\"lazysocialbuttons\" data-float=\"left\" data-buttons=\"google,twitter,facebook\" data-twshareurl=\"https:\/\/putaendouno.cl\/?p=9638\" data-twtext=\"\" data-shareurl=\"https:\/\/putaendouno.cl\/?p=9638\" data-fbhideflyout=\"false\" data-backgroundtype=\"light\"><\/div><h3 align=\"left\"><span style=\"color: #0000ff;\"><a href=\"http:\/\/putaendouno.cl\/wp-content\/uploads\/2013\/12\/IMG_0497.jpg\"><img loading=\"lazy\" decoding=\"async\" class=\"aligncenter size-full wp-image-9639\" alt=\"IMG_0497\" src=\"http:\/\/putaendouno.cl\/wp-content\/uploads\/2013\/12\/IMG_0497.jpg\" width=\"640\" height=\"319\" srcset=\"https:\/\/putaendouno.cl\/wp-content\/uploads\/2013\/12\/IMG_0497.jpg 640w, https:\/\/putaendouno.cl\/wp-content\/uploads\/2013\/12\/IMG_0497-300x149.jpg 300w\" sizes=\"auto, (max-width: 640px) 100vw, 640px\" \/><\/a>Gobernadora Patricia Boffa interpone querella criminal por incidentes con resultado de muerte en la Villa 250 A\u00f1os de San Felipe.-<\/span><\/h3>\n<p align=\"left\">Una querella criminal en contra de las dos personas detenidas en la madrugada del viernes 29 de noviembre en la Villa 250 A\u00f1os y adem\u00e1s contra todos aquellos que resulten responsables de los incidentes con resultado de muerte registrados en el lugar, present\u00f3 la Gobernadora Provincial Patricia Boffa en el Tribunal de Garant\u00eda de la ciudad de San Felipe.<\/p>\n<p align=\"left\">De acuerdo a lo informado por la autoridad provincial, la querella criminal se interpone por el delito de homicidio en la persona de Luis Jonathan Leiva Mallea, contra Ramiro V\u00edctor Castillo Mu\u00f1oz, por los delitos lesiones graves y menos graves en las personas de Gladys del Tr\u00e1nsito \u00c1vila Fritz y Ra\u00fal Alexander Guti\u00e9rrez Casta\u00f1eda, y contra Roberto Carlos Torres Torres, por el delito de da\u00f1os e incendio del veh\u00edculo autom\u00f3vil marca Nissan, modelo V-16, color rojo burdeos, a\u00f1o 1998 de propiedad de Gloria Alejandra Lepin Varas, y contra todos aquellos que resulten responsables de estos il\u00edcitos; y los delitos de porte y tenencia ilegal de armas de fuego y des\u00f3rdenes p\u00fablicos graves y en contra de todos aqu\u00e9llos que resulten responsables de estos il\u00edcitos penales en la investigaci\u00f3n.<\/p>\n<p><a href=\"http:\/\/putaendouno.cl\/wp-content\/uploads\/2013\/12\/IMG_0498.jpg\"><img loading=\"lazy\" decoding=\"async\" class=\"alignleft size-medium wp-image-9640\" alt=\"IMG_0498\" src=\"http:\/\/putaendouno.cl\/wp-content\/uploads\/2013\/12\/IMG_0498-300x224.jpg\" width=\"300\" height=\"224\" srcset=\"https:\/\/putaendouno.cl\/wp-content\/uploads\/2013\/12\/IMG_0498-300x224.jpg 300w, https:\/\/putaendouno.cl\/wp-content\/uploads\/2013\/12\/IMG_0498.jpg 448w\" sizes=\"auto, (max-width: 300px) 100vw, 300px\" \/><\/a>El texto de la querella relata que \u201cEl jueves 28 de noviembre del 2013, en horas de la noche a partir de las 21:00 horas, comienzan a desarrollarse graves alteraciones del orden p\u00fablico, en el interior de la Villa 250 A\u00f1os de la comuna de San Felipe, los que culminan con la muerte de Luis Jonathan Leiva Mallea, qui\u00e9n es agredido con arma de fuego por el querellado Ramiro Castillo Mu\u00f1oz, en el contexto de una ri\u00f1a desarrollada en las inmediaciones del Pasaje Eucaliptus, de la Villa 250 A\u00f1os de esta comuna, donde adem\u00e1s como consecuencia de los disparos causados por los querellados Ramiro V\u00edctor Castillo Mu\u00f1oz y Roberto Carlos Torres Torres, y de otras personas que son materia de la investigaci\u00f3n a fin de lograr su identificaci\u00f3n, se producen las lesiones a Gladys del Tr\u00e1nsito Avila Fritz y a Ra\u00fal Alexander Guti\u00e9rrez Casta\u00f1eda&#8221;.<\/p>\n<p>Contin\u00faa se\u00f1alando que &#8220;Estos hechos se desarrollan en el contexto de graves alteraciones del orden p\u00fablico en el sector de Villa 250 A\u00f1os de esta comuna, donde adem\u00e1s del homicidio y lesiones, se producen da\u00f1os e incendio a veh\u00edculos y a propiedades particulares lo que motiv\u00f3 un amplio despliegue policial de Carabineros y Polic\u00eda de Investigaciones de San Felipe, inclusive con presencia de personal de Fuerzas\u00a0 Especiales de Carabineros de la ciudad de Valpara\u00edso&#8221;.<\/p>\n<p>El documento agrega que &#8220;Es necesario hacer presente que tanto los procedimientos policiales, como de los servicios de Salud y Bomberos que concurrieron al lugar se vieron entorpecidos por la reacci\u00f3n de terceros, qui\u00e9nes agredieron tanto al personal como a los veh\u00edculos, con toda clase de elementos contundentes y proyectiles, encontr\u00e1ndose en los sectores amagados gran cantidad de vainillas percutadas de munici\u00f3n de armas de fuego de diverso calibre; hechos que evidencian la gravedad de la situaci\u00f3n tanto en el \u00e1mbito p\u00fablico como privado de la comuna de San Felipe\u201d.<\/p>\n<p>En tanto el asesor jur\u00eddico de la Gobernaci\u00f3n, Adolfo Pizarro, coment\u00f3 que estos hechos tipifican -al menos en esta etapa de la investigaci\u00f3n- los il\u00edcitos de homicidio, lesiones, da\u00f1os, incendio y porte y tenencia ilegal de armas de fuego, previstos y sancionados en los art\u00edculos 391 y siguientes, del C\u00f3digo Penal y el de des\u00f3rdenes p\u00fablicos, previsto y sancionado en el art\u00edculo 269 del C\u00f3digo Penal y normas de la Ley de Control de Armas N\u00b0 17.798&#8221;.<\/p>\n<p>Pizarro agrega que \u201cAnte estos sucesos, la primera autoridad de la\u00a0 provincia, se ve en la obligaci\u00f3n de interponer las acciones que el ordenamiento jur\u00eddico franquea, a fin de lograr el total esclarecimiento de los hechos, haciendo especial \u00e9nfasis en las graves connotaciones de este il\u00edcito, que trascienden el s\u00f3lo inter\u00e9s particular violentado, sino que comprometen al conjunto de la sociedad, pues tienden a crear una falsa imagen de impunidad e inseguridad de la colectividad, habida consideraci\u00f3n que estos il\u00edcitos alteran gravemente la normalidad de las actividades ciudadanas, actuando con total desprecio de la autoridad, llegando incluso a enfrentarse con Carabineros, caus\u00e1ndoles lesiones al personal policial, al momento de su detenci\u00f3n\u201d.<\/p>\n<p>Indic\u00f3 finalmente la Gobernadora Patricia Boffa que su intervenci\u00f3n como primera autoridad ejecutiva de la provincia, fluye de las disposiciones constitucionales y legales que la legitiman para ejercer la acci\u00f3n penal p\u00fablica, y que dispone la Constituci\u00f3n Pol\u00edtica del Estado.<\/p>\n<p>&nbsp;<\/p>\n<p>&nbsp;<\/p>\n<p align=\"left\">\n","protected":false},"excerpt":{"rendered":"<p>Gobernadora Patricia Boffa interpone querella criminal por incidentes con resultado de muerte en la Villa 250 A\u00f1os de San Felipe.- Una querella criminal en contra de las dos personas detenidas en la madrugada del viernes 29 de noviembre en la Villa 250 A\u00f1os y adem\u00e1s contra todos aquellos que resulten responsables de los incidentes con [&hellip;]<\/p>\n","protected":false},"author":1,"featured_media":9639,"comment_status":"open","ping_status":"open","sticky":false,"template":"","format":"standard","meta":{"footnotes":""},"categories":[15,5],"tags":[],"class_list":["post-9638","post","type-post","status-publish","format-standard","has-post-thumbnail","hentry","category-general","category-aconcagua"],"jetpack_sharing_enabled":true,"jetpack_featured_media_url":"https:\/\/putaendouno.cl\/wp-content\/uploads\/2013\/12\/IMG_0497.jpg","_links":{"self":[{"href":"https:\/\/putaendouno.cl\/index.php?rest_route=\/wp\/v2\/posts\/9638","targetHints":{"allow":["GET"]}}],"collection":[{"href":"https:\/\/putaendouno.cl\/index.php?rest_route=\/wp\/v2\/posts"}],"about":[{"href":"https:\/\/putaendouno.cl\/index.php?rest_route=\/wp\/v2\/types\/post"}],"author":[{"embeddable":true,"href":"https:\/\/putaendouno.cl\/index.php?rest_route=\/wp\/v2\/users\/1"}],"replies":[{"embeddable":true,"href":"https:\/\/putaendouno.cl\/index.php?rest_route=%2Fwp%2Fv2%2Fcomments&post=9638"}],"version-history":[{"count":2,"href":"https:\/\/putaendouno.cl\/index.php?rest_route=\/wp\/v2\/posts\/9638\/revisions"}],"predecessor-version":[{"id":9642,"href":"https:\/\/putaendouno.cl\/index.php?rest_route=\/wp\/v2\/posts\/9638\/revisions\/9642"}],"wp:featuredmedia":[{"embeddable":true,"href":"https:\/\/putaendouno.cl\/index.php?rest_route=\/wp\/v2\/media\/9639"}],"wp:attachment":[{"href":"https:\/\/putaendouno.cl\/index.php?rest_route=%2Fwp%2Fv2%2Fmedia&parent=9638"}],"wp:term":[{"taxonomy":"category","embeddable":true,"href":"https:\/\/putaendouno.cl\/index.php?rest_route=%2Fwp%2Fv2%2Fcategories&post=9638"},{"taxonomy":"post_tag","embeddable":true,"href":"https:\/\/putaendouno.cl\/index.php?rest_route=%2Fwp%2Fv2%2Ftags&post=9638"}],"curies":[{"name":"wp","href":"https:\/\/api.w.org\/{rel}","templated":true}]}}