{"id":9629,"date":"2013-12-02T01:41:23","date_gmt":"2013-12-02T04:41:23","guid":{"rendered":"http:\/\/putaendouno.cl\/?p=9629"},"modified":"2013-12-02T01:44:09","modified_gmt":"2013-12-02T04:44:09","slug":"lideres-campesinos-iv-region-vamos-a-ganar-porque-somos-mas","status":"publish","type":"post","link":"https:\/\/putaendouno.cl\/?p=9629","title":{"rendered":"L\u00edderes campesinos IV Regi\u00f3n: \u201cVamos a ganar porque somos m\u00e1s\u201d"},"content":{"rendered":"<div class=\"lazysocialbuttons\" data-float=\"left\" data-buttons=\"google,twitter,facebook\" data-twshareurl=\"https:\/\/putaendouno.cl\/?p=9629\" data-twtext=\"\" data-shareurl=\"https:\/\/putaendouno.cl\/?p=9629\" data-fbhideflyout=\"false\" data-backgroundtype=\"light\"><\/div><h3><span style=\"color: #0000ff;\"><a href=\"http:\/\/putaendouno.cl\/wp-content\/uploads\/2013\/12\/mucech-IV.jpg\"><img loading=\"lazy\" decoding=\"async\" class=\"aligncenter size-full wp-image-9631\" alt=\"mucech IV\" src=\"http:\/\/putaendouno.cl\/wp-content\/uploads\/2013\/12\/mucech-IV.jpg\" width=\"640\" height=\"319\" srcset=\"https:\/\/putaendouno.cl\/wp-content\/uploads\/2013\/12\/mucech-IV.jpg 640w, https:\/\/putaendouno.cl\/wp-content\/uploads\/2013\/12\/mucech-IV-300x149.jpg 300w\" sizes=\"auto, (max-width: 640px) 100vw, 640px\" \/><\/a>Dirigentes del MUCECH IV Regi\u00f3n y otras asociaciones de peque\u00f1os agricultores, expresaron su total respaldo a la candidatura presidencial de Michelle Bachelet.-<\/span><\/h3>\n<p>Los principales dirigentes de las organizaciones campesinas de los valles de Elqui, Limar\u00ed y Choapa, vienen pronunci\u00e1ndose p\u00fablicamente en reuniones y declaraciones sobre su apoyo a Michelle Bachelet y su programa de gobierno, tras el prop\u00f3sito de retomar el rumbo democr\u00e1tico.<\/p>\n<p><a href=\"http:\/\/putaendouno.cl\/wp-content\/uploads\/2013\/12\/aldo-alfaro-mucech.jpg\"><img loading=\"lazy\" decoding=\"async\" class=\"alignleft  wp-image-9630\" alt=\"aldo alfaro mucech\" src=\"http:\/\/putaendouno.cl\/wp-content\/uploads\/2013\/12\/aldo-alfaro-mucech-224x300.jpg\" width=\"157\" height=\"210\" srcset=\"https:\/\/putaendouno.cl\/wp-content\/uploads\/2013\/12\/aldo-alfaro-mucech-224x300.jpg 224w, https:\/\/putaendouno.cl\/wp-content\/uploads\/2013\/12\/aldo-alfaro-mucech.jpg 289w\" sizes=\"auto, (max-width: 157px) 100vw, 157px\" \/><\/a>Esta informaci\u00f3n la revel\u00f3 este domingo en La Serena, en rueda de prensa, el dirigente del Comando Rural Independiente \u201cCampesinos con Michelle\u201d, <span style=\"color: #0000ff;\">Aldo Alfaro (izq.)<\/span>, subrayando que en los \u00faltimos d\u00edas se viene registrando una creciente adhesi\u00f3n p\u00fablica hacia la l\u00edder de la Nueva Mayor\u00eda.<\/p>\n<p>El dirigente puntualiz\u00f3 que se han sumado en la \u00faltima semana 105 l\u00edderes de las organizaciones campesinas de las 14 comunas de la regi\u00f3n Coquimbo a la campa\u00f1a de Michelle Bachelet.<\/p>\n<p>Entre estas adhesiones se destaca la del dirigente hist\u00f3rico del Valle del Limar\u00ed, Carlos Araya, de la Comunidad Agr\u00edcola Romeralillo, quien se\u00f1al\u00f3 que &#8220;para avanzar y potenciar a la agricultura familiar campesina es fundamental tener un gobierno de centro izquierda&#8221;.<\/p>\n<p>Por otra parte, Domingo Cort\u00e9s, de la Comunidad Agr\u00edcola Cerro Blanco, fundament\u00f3 su apoyo a Bachelet porque ve en su propuesta un camino claro &#8220;para mejorar la situaci\u00f3n de los campesinos y de los pueblos rurales, una posibilidad de cambiar todas\u00a0 las cosas que impiden el acceso a la justicia a millones de trabajadores, especialmente en la salud, educaci\u00f3n y en las leyes laborales&#8221;.<\/p>\n<p>As\u00ed mismo, \u00c1ngel Araya, dirigente de El Palqui, comuna de Monte Patria, dijo que votar\u00e1 por Michelle Bachelet porque quiere &#8220;m\u00e1s y mejor democracia, m\u00e1s aporte del Estado para tener educaci\u00f3n p\u00fablica de calidad y gratuita y que se aumente la inversi\u00f3n estatal en los pueblos rurales&#8221;.<\/p>\n<p>Andr\u00e9s Robledo, l\u00edder del sector rural de Altovalsol, en La Serena, dijo que &#8220;es bueno para los campesinos, ser parte de la mayor\u00eda que va a ganar con Bachelet para mejorar la condici\u00f3n econ\u00f3mica y social en los pueblos rurales y terminar con los abusos\u00a0 que afectan a los peque\u00f1os productores&#8221;.<\/p>\n<p>Finalmente, el\u00a0 tambi\u00e9n dirigente campesino Ernesto G\u00e1lvez, de La Serena, asegur\u00f3 que vamos a derrotar a la derecha y la campa\u00f1a odiosa, porque somos m\u00e1s y tenemos el programa adecuado para profundizar la democracia y asegurar m\u00e1s bienestar en los pueblos rurales de Chile.<\/p>\n<p>En la foto portada, la nueva directiva en pleno del\u00a0Movimiento Unitario Campesino y Etnias de Chile (MUCECH) de la IV Regi\u00f3n, que renov\u00f3 este viernes, en una Asamblea General, su direcci\u00f3n por un nuevo per\u00edodo realizar los esfuerzos pr\u00e1cticos y te\u00f3ricos con la finalidad de elevar la calidad de la conducci\u00f3n de las organizaciones de la Agricultura Familiar Campesina.<\/p>\n<p>En la reuni\u00f3n participaron delegados de las organizaciones de peque\u00f1os productores, asalariados, comuneros, cooperativas y artesanos campesinos de Monte Patria, Ovalle, Vicu\u00f1a, La Serena, Paihuano, La Higuera y Coquimbo.<\/p>\n<p>La nueva directiva del MUCECH IV Regi\u00f3n qued\u00f3 conformada por\u00a0<strong>Ad\u00e1n Cruces, Presidente;\u00a0<\/strong><strong>Aldo Alfaro, Vicepresidente;\u00a0<\/strong><strong>Fidel Salinas, Secretario;\u00a0<\/strong><strong>Ver\u00f3nica C\u00e1ceres, Tesorera;\u00a0<\/strong><strong>Carlos Araya, Primer director;\u00a0<\/strong><strong>Domingo Cort\u00e9s, Segundo director; y\u00a0<\/strong><strong>Andr\u00e9s Robledo, Tercer Director, todos en la foto portada.<\/strong><\/p>\n<h3><span style=\"color: #0000ff;\">Red de Comunicadores<\/span><\/h3>\n<h3><span style=\"color: #0000ff;\">\u201cCampesinos con Michelle\u201d<\/span><\/h3>\n","protected":false},"excerpt":{"rendered":"<p>Dirigentes del MUCECH IV Regi\u00f3n y otras asociaciones de peque\u00f1os agricultores, expresaron su total respaldo a la candidatura presidencial de Michelle Bachelet.- Los principales dirigentes de las organizaciones campesinas de los valles de Elqui, Limar\u00ed y Choapa, vienen pronunci\u00e1ndose p\u00fablicamente en reuniones y declaraciones sobre su apoyo a Michelle Bachelet y su programa de gobierno, [&hellip;]<\/p>\n","protected":false},"author":1,"featured_media":9631,"comment_status":"open","ping_status":"open","sticky":false,"template":"","format":"standard","meta":{"footnotes":""},"categories":[15],"tags":[],"class_list":["post-9629","post","type-post","status-publish","format-standard","has-post-thumbnail","hentry","category-general"],"jetpack_sharing_enabled":true,"jetpack_featured_media_url":"https:\/\/putaendouno.cl\/wp-content\/uploads\/2013\/12\/mucech-IV.jpg","_links":{"self":[{"href":"https:\/\/putaendouno.cl\/index.php?rest_route=\/wp\/v2\/posts\/9629","targetHints":{"allow":["GET"]}}],"collection":[{"href":"https:\/\/putaendouno.cl\/index.php?rest_route=\/wp\/v2\/posts"}],"about":[{"href":"https:\/\/putaendouno.cl\/index.php?rest_route=\/wp\/v2\/types\/post"}],"author":[{"embeddable":true,"href":"https:\/\/putaendouno.cl\/index.php?rest_route=\/wp\/v2\/users\/1"}],"replies":[{"embeddable":true,"href":"https:\/\/putaendouno.cl\/index.php?rest_route=%2Fwp%2Fv2%2Fcomments&post=9629"}],"version-history":[{"count":3,"href":"https:\/\/putaendouno.cl\/index.php?rest_route=\/wp\/v2\/posts\/9629\/revisions"}],"predecessor-version":[{"id":9634,"href":"https:\/\/putaendouno.cl\/index.php?rest_route=\/wp\/v2\/posts\/9629\/revisions\/9634"}],"wp:featuredmedia":[{"embeddable":true,"href":"https:\/\/putaendouno.cl\/index.php?rest_route=\/wp\/v2\/media\/9631"}],"wp:attachment":[{"href":"https:\/\/putaendouno.cl\/index.php?rest_route=%2Fwp%2Fv2%2Fmedia&parent=9629"}],"wp:term":[{"taxonomy":"category","embeddable":true,"href":"https:\/\/putaendouno.cl\/index.php?rest_route=%2Fwp%2Fv2%2Fcategories&post=9629"},{"taxonomy":"post_tag","embeddable":true,"href":"https:\/\/putaendouno.cl\/index.php?rest_route=%2Fwp%2Fv2%2Ftags&post=9629"}],"curies":[{"name":"wp","href":"https:\/\/api.w.org\/{rel}","templated":true}]}}