{"id":9621,"date":"2013-12-01T22:12:28","date_gmt":"2013-12-02T01:12:28","guid":{"rendered":"http:\/\/putaendouno.cl\/?p=9621"},"modified":"2013-12-01T22:12:28","modified_gmt":"2013-12-02T01:12:28","slug":"reaccion-mundial-a-muerte-de-paul-walker","status":"publish","type":"post","link":"https:\/\/putaendouno.cl\/?p=9621","title":{"rendered":"Reacci\u00f3n mundial a muerte de Paul Walker"},"content":{"rendered":"<div class=\"lazysocialbuttons\" data-float=\"left\" data-buttons=\"google,twitter,facebook\" data-twshareurl=\"https:\/\/putaendouno.cl\/?p=9621\" data-twtext=\"\" data-shareurl=\"https:\/\/putaendouno.cl\/?p=9621\" data-fbhideflyout=\"false\" data-backgroundtype=\"light\"><\/div><h3><span style=\"color: #0000ff;\"><a href=\"http:\/\/putaendouno.cl\/wp-content\/uploads\/2013\/12\/pw.jpg\"><img loading=\"lazy\" decoding=\"async\" class=\"aligncenter size-full wp-image-9622\" alt=\"pw\" src=\"http:\/\/putaendouno.cl\/wp-content\/uploads\/2013\/12\/pw.jpg\" width=\"640\" height=\"317\" srcset=\"https:\/\/putaendouno.cl\/wp-content\/uploads\/2013\/12\/pw.jpg 640w, https:\/\/putaendouno.cl\/wp-content\/uploads\/2013\/12\/pw-300x148.jpg 300w\" sizes=\"auto, (max-width: 640px) 100vw, 640px\" \/><\/a>El actor falleci\u00f3 este s\u00e1bado en un accidente automovil\u00edstico.\u00a0Se encontraba grabando las \u00faltimas escenas de la nueva entrega de &#8220;R\u00e1pido y furioso&#8221;.-<\/span><\/h3>\n<p>Tras el accidente automovil\u00edstico\u00a0que le quit\u00f3 la vida al reconocido actor estadounidense Paul Walker,\u00a0el mundo del espect\u00e1culo se ha volcado a manifestar su pesar y condolencias a trav\u00e9s de las redes sociales.<\/p>\n<div>\n<p>En un comienzo, cuando la noticia a\u00fan no estaba confirmada, el cantante puertorrique\u00f1o Don Omar dud\u00f3 sobre la muerte del actor a trav\u00e9s de su cuenta de Twitter.<\/p>\n<p>&#8220;A\u00fan no encuentro a ninguno de nuestros amigos para que me confirme tu partida, pero si es cierto @RealPaulWalker nos veremos en el cielo&#8221;, escribi\u00f3 el\u00a0reggaetonero.<\/p>\n<p>En tanto, actores estadounidenses y colegas del int\u00e9rprete de &#8220;Brian O&#8217;Connor&#8221; en &#8220;R\u00e1pido y furioso&#8221; tambi\u00e9n demostraron su solidaridad en las redes sociales.<\/p>\n<p>&#8220;Hermano, te voy a extra\u00f1ar mucho. Estoy completamente sin palabras. El cielo ha ganado un \u00e1ngel. Descanza en paz&#8221;,\u00a0escribi\u00f3 Vin Diesel en una foto subida a Instagram. El actor era uno de los m\u00e1s cercanos al int\u00e9rprete y con quien comparti\u00f3 en &#8220;R\u00e1pido y furioso&#8221;.<\/p>\n<p>Y en su cuenta de Twitter, Diesel agreg\u00f3 otro mensaje para su compa\u00f1ero:\u00a0&#8220;Querido amigo @RealPaulWalker, realmente nos har\u00e1s falta&#8221;.<\/p>\n<p>Otro de los compa\u00f1eros de reparto de la saga, Dwayne Johnson (&#8220;La Roca&#8221;), tambi\u00e9n demostr\u00f3 su pesar: &#8220;Toda mi fuerza, amor y fe a la familia de Walker durante estos momentos tan desgarradores. Encontramos nuestra fuerza&#8230; en su luz. Te quiero hermano&#8221;.<\/p>\n<p>Por su parte, el actor Ryan Phillippe, con quien comparti\u00f3 en &#8220;Flags of our fathers&#8221;, escribi\u00f3 que\u00a0&#8220;Paul era un buen tipo. Con conciencia, y no atrapado por Hollywood. Sab\u00eda que hab\u00eda m\u00e1s en la vida y la vivi\u00f3 as\u00ed. Un placer haberte conocido hermano&#8221;.<\/p>\n<p>Alyssa Milano, Jack Osbourne,\u00a0Mario L\u00f3pez, James Van Der Beek, Sarah Michelle Gellar, Eli Roth y Mena Suvari, son otros de los cientos de artistas que han lamentado la muerte del actor.<\/p>\n<p>Actualmente, Paul Walker se encontraba rodando las \u00faltimas escenas de la s\u00e9ptima entrega de &#8220;R\u00e1pido y furioso&#8221;. El director del filme, James Wan, sostuvo que\u00a0&#8220;estoy mucho m\u00e1s all\u00e1 que con el coraz\u00f3n roto en estos momentos. No puedo procesar nada&#8221;.<\/p>\n<p><a href=\"http:\/\/putaendouno.cl\/wp-content\/uploads\/2013\/12\/foto_0000001420131201093038.jpg\"><img loading=\"lazy\" decoding=\"async\" class=\"aligncenter size-full wp-image-9623\" alt=\"foto_0000001420131201093038\" src=\"http:\/\/putaendouno.cl\/wp-content\/uploads\/2013\/12\/foto_0000001420131201093038.jpg\" width=\"640\" height=\"394\" srcset=\"https:\/\/putaendouno.cl\/wp-content\/uploads\/2013\/12\/foto_0000001420131201093038.jpg 640w, https:\/\/putaendouno.cl\/wp-content\/uploads\/2013\/12\/foto_0000001420131201093038-300x184.jpg 300w\" sizes=\"auto, (max-width: 640px) 100vw, 640px\" \/><\/a><\/p>\n<\/div>\n","protected":false},"excerpt":{"rendered":"<p>El actor falleci\u00f3 este s\u00e1bado en un accidente automovil\u00edstico.\u00a0Se encontraba grabando las \u00faltimas escenas de la nueva entrega de &#8220;R\u00e1pido y furioso&#8221;.- Tras el accidente automovil\u00edstico\u00a0que le quit\u00f3 la vida al reconocido actor estadounidense Paul Walker,\u00a0el mundo del espect\u00e1culo se ha volcado a manifestar su pesar y condolencias a trav\u00e9s de las redes sociales. En [&hellip;]<\/p>\n","protected":false},"author":1,"featured_media":9622,"comment_status":"open","ping_status":"open","sticky":false,"template":"","format":"standard","meta":{"footnotes":""},"categories":[15],"tags":[],"class_list":["post-9621","post","type-post","status-publish","format-standard","has-post-thumbnail","hentry","category-general"],"jetpack_sharing_enabled":true,"jetpack_featured_media_url":"https:\/\/putaendouno.cl\/wp-content\/uploads\/2013\/12\/pw.jpg","_links":{"self":[{"href":"https:\/\/putaendouno.cl\/index.php?rest_route=\/wp\/v2\/posts\/9621","targetHints":{"allow":["GET"]}}],"collection":[{"href":"https:\/\/putaendouno.cl\/index.php?rest_route=\/wp\/v2\/posts"}],"about":[{"href":"https:\/\/putaendouno.cl\/index.php?rest_route=\/wp\/v2\/types\/post"}],"author":[{"embeddable":true,"href":"https:\/\/putaendouno.cl\/index.php?rest_route=\/wp\/v2\/users\/1"}],"replies":[{"embeddable":true,"href":"https:\/\/putaendouno.cl\/index.php?rest_route=%2Fwp%2Fv2%2Fcomments&post=9621"}],"version-history":[{"count":1,"href":"https:\/\/putaendouno.cl\/index.php?rest_route=\/wp\/v2\/posts\/9621\/revisions"}],"predecessor-version":[{"id":9624,"href":"https:\/\/putaendouno.cl\/index.php?rest_route=\/wp\/v2\/posts\/9621\/revisions\/9624"}],"wp:featuredmedia":[{"embeddable":true,"href":"https:\/\/putaendouno.cl\/index.php?rest_route=\/wp\/v2\/media\/9622"}],"wp:attachment":[{"href":"https:\/\/putaendouno.cl\/index.php?rest_route=%2Fwp%2Fv2%2Fmedia&parent=9621"}],"wp:term":[{"taxonomy":"category","embeddable":true,"href":"https:\/\/putaendouno.cl\/index.php?rest_route=%2Fwp%2Fv2%2Fcategories&post=9621"},{"taxonomy":"post_tag","embeddable":true,"href":"https:\/\/putaendouno.cl\/index.php?rest_route=%2Fwp%2Fv2%2Ftags&post=9621"}],"curies":[{"name":"wp","href":"https:\/\/api.w.org\/{rel}","templated":true}]}}