{"id":9618,"date":"2013-12-01T21:50:56","date_gmt":"2013-12-02T00:50:56","guid":{"rendered":"http:\/\/putaendouno.cl\/?p=9618"},"modified":"2013-12-01T21:50:56","modified_gmt":"2013-12-02T00:50:56","slug":"comienza-propaganda-para-segunda-vuelta","status":"publish","type":"post","link":"https:\/\/putaendouno.cl\/?p=9618","title":{"rendered":"Comienza propaganda para segunda vuelta"},"content":{"rendered":"<div class=\"lazysocialbuttons\" data-float=\"left\" data-buttons=\"google,twitter,facebook\" data-twshareurl=\"https:\/\/putaendouno.cl\/?p=9618\" data-twtext=\"\" data-shareurl=\"https:\/\/putaendouno.cl\/?p=9618\" data-fbhideflyout=\"false\" data-backgroundtype=\"light\"><\/div><h3><span style=\"color: #0000ff;\"><a href=\"http:\/\/putaendouno.cl\/wp-content\/uploads\/2013\/12\/ambas.jpg\"><img loading=\"lazy\" decoding=\"async\" class=\"aligncenter size-full wp-image-9619\" alt=\"ambas\" src=\"http:\/\/putaendouno.cl\/wp-content\/uploads\/2013\/12\/ambas.jpg\" width=\"640\" height=\"320\" srcset=\"https:\/\/putaendouno.cl\/wp-content\/uploads\/2013\/12\/ambas.jpg 640w, https:\/\/putaendouno.cl\/wp-content\/uploads\/2013\/12\/ambas-300x150.jpg 300w\" sizes=\"auto, (max-width: 640px) 100vw, 640px\" \/><\/a>L\u00edderes sociales como Camila Vallejo e Iv\u00e1n Fuentes destacaron en la propaganda de la ex Presidenta. Ambas candidatas resaltaron sus propuestas.-<\/span><\/h3>\n<p>A las 20:50 horas de este domingo los canales de televisi\u00f3n agrupados en Anatel emitieron el primer cap\u00edtulo de la franja correspondiente a la segunda vuelta de la elecci\u00f3n presidencial, que se llevar\u00e1 a cabo en exactas dos semanas, el pr\u00f3ximo 15 de diciembre.<\/p>\n<p>La primera propaganda en ser emitida fue la de la abanderada de la Nueva Mayor\u00eda,\u00a0Michelle Bachelet, quien prometi\u00f3 &#8220;gobernar con gente nueva&#8221; y se dio tiempo para presentar algunas propuestas en el \u00e1rea de la delincuencia y la salud, adem\u00e1s de llamar a sufragar en el balotaje.<\/p>\n<p>&#8220;Es responsabilidad m\u00eda, pero tambi\u00e9n de ustedes. Cuento con ustedes&#8221;, dijo la ex Mandataria, en cuya franja\u00a0destac\u00f3 la presencia de rostros del mundo de la cultura como Benjam\u00edn Vicu\u00f1a y de ex dirigentes sociales que resultaron electos diputados el pasado 17 de noviembre, como Iv\u00e1n Fuentes y Camila Vallejo, quienes resaltaron el slogan de la Nueva Mayor\u00eda para esta campa\u00f1a: &#8220;Todos con Michelle&#8221;.<\/p>\n<p>La\u00a0franja de Evelyn Matthei\u00a0-que\u00a0hab\u00eda sido adelantada anoche por el comando- hizo \u00e9nfasis en los frases\u00a0&#8220;un pa\u00eds m\u00e1s justo&#8221; y\u00a0&#8220;s\u00ed se puede&#8221;. Este \u00faltimo incluso estren\u00f3 un jingle\u00a0<em>ad hoc<\/em>.<\/p>\n<p>Se mostr\u00f3 en el video a la ex titular del Trabajo debatiendo sobre el rumbo de la campa\u00f1a junto al nuevo comando &#8220;joven&#8221; que asumi\u00f3 tras la salida de Joaqu\u00edn Lav\u00edn -donde se instituyeron como general\u00edsimos Rodrigo Delgado (UDI), Karla Rubilar (RN) y Felipe Kast (Ev\u00f3poli)- y\u00a0se mostr\u00f3 en extenso una reuni\u00f3n de la abanderada con mujeres\u00a0v\u00edctimas de la violencia machista.<\/p>\n<p>La\u00a0franja presidencial\u00a0se emitir\u00e1 todos los d\u00edas hasta el 12 de diciembre de 20:50 a 21:00 horas\u00a0con cinco minutos dedicados a cada una de las candidatas,\u00a0indic\u00f3 el CNTV.<\/p>\n<p>(Cp\/P1)<\/p>\n","protected":false},"excerpt":{"rendered":"<p>L\u00edderes sociales como Camila Vallejo e Iv\u00e1n Fuentes destacaron en la propaganda de la ex Presidenta. Ambas candidatas resaltaron sus propuestas.- A las 20:50 horas de este domingo los canales de televisi\u00f3n agrupados en Anatel emitieron el primer cap\u00edtulo de la franja correspondiente a la segunda vuelta de la elecci\u00f3n presidencial, que se llevar\u00e1 a [&hellip;]<\/p>\n","protected":false},"author":1,"featured_media":9619,"comment_status":"open","ping_status":"open","sticky":false,"template":"","format":"standard","meta":{"footnotes":""},"categories":[15],"tags":[],"class_list":["post-9618","post","type-post","status-publish","format-standard","has-post-thumbnail","hentry","category-general"],"jetpack_sharing_enabled":true,"jetpack_featured_media_url":"https:\/\/putaendouno.cl\/wp-content\/uploads\/2013\/12\/ambas.jpg","_links":{"self":[{"href":"https:\/\/putaendouno.cl\/index.php?rest_route=\/wp\/v2\/posts\/9618","targetHints":{"allow":["GET"]}}],"collection":[{"href":"https:\/\/putaendouno.cl\/index.php?rest_route=\/wp\/v2\/posts"}],"about":[{"href":"https:\/\/putaendouno.cl\/index.php?rest_route=\/wp\/v2\/types\/post"}],"author":[{"embeddable":true,"href":"https:\/\/putaendouno.cl\/index.php?rest_route=\/wp\/v2\/users\/1"}],"replies":[{"embeddable":true,"href":"https:\/\/putaendouno.cl\/index.php?rest_route=%2Fwp%2Fv2%2Fcomments&post=9618"}],"version-history":[{"count":1,"href":"https:\/\/putaendouno.cl\/index.php?rest_route=\/wp\/v2\/posts\/9618\/revisions"}],"predecessor-version":[{"id":9620,"href":"https:\/\/putaendouno.cl\/index.php?rest_route=\/wp\/v2\/posts\/9618\/revisions\/9620"}],"wp:featuredmedia":[{"embeddable":true,"href":"https:\/\/putaendouno.cl\/index.php?rest_route=\/wp\/v2\/media\/9619"}],"wp:attachment":[{"href":"https:\/\/putaendouno.cl\/index.php?rest_route=%2Fwp%2Fv2%2Fmedia&parent=9618"}],"wp:term":[{"taxonomy":"category","embeddable":true,"href":"https:\/\/putaendouno.cl\/index.php?rest_route=%2Fwp%2Fv2%2Fcategories&post=9618"},{"taxonomy":"post_tag","embeddable":true,"href":"https:\/\/putaendouno.cl\/index.php?rest_route=%2Fwp%2Fv2%2Ftags&post=9618"}],"curies":[{"name":"wp","href":"https:\/\/api.w.org\/{rel}","templated":true}]}}