{"id":9615,"date":"2013-12-01T21:35:37","date_gmt":"2013-12-02T00:35:37","guid":{"rendered":"http:\/\/putaendouno.cl\/?p=9615"},"modified":"2013-12-01T21:35:37","modified_gmt":"2013-12-02T00:35:37","slug":"campesinos-del-elqui-reafirman-adhesion-a-michelle-bachelet","status":"publish","type":"post","link":"https:\/\/putaendouno.cl\/?p=9615","title":{"rendered":"Campesinos del Elqui reafirman adhesi\u00f3n a Michelle Bachelet"},"content":{"rendered":"<div class=\"lazysocialbuttons\" data-float=\"left\" data-buttons=\"google,twitter,facebook\" data-twshareurl=\"https:\/\/putaendouno.cl\/?p=9615\" data-twtext=\"\" data-shareurl=\"https:\/\/putaendouno.cl\/?p=9615\" data-fbhideflyout=\"false\" data-backgroundtype=\"light\"><\/div><h3><span style=\"color: #0000ff;\"><a href=\"http:\/\/putaendouno.cl\/wp-content\/uploads\/2013\/12\/bachelet-ovalle-2.jpg\"><img loading=\"lazy\" decoding=\"async\" class=\"aligncenter size-full wp-image-9616\" alt=\"bachelet-ovalle-2\" src=\"http:\/\/putaendouno.cl\/wp-content\/uploads\/2013\/12\/bachelet-ovalle-2.jpg\" width=\"640\" height=\"311\" srcset=\"https:\/\/putaendouno.cl\/wp-content\/uploads\/2013\/12\/bachelet-ovalle-2.jpg 640w, https:\/\/putaendouno.cl\/wp-content\/uploads\/2013\/12\/bachelet-ovalle-2-300x145.jpg 300w\" sizes=\"auto, (max-width: 640px) 100vw, 640px\" \/><\/a>Dirigentes rurales conf\u00edan en su apoyo a la Agricultura Familiar Campesina (Foto: OH).-<\/span><\/h3>\n<p>Un centenar de dirigentes campesinos y profesionales que apoyan a las organizaciones gremiales, comuneros y sindicales de la regi\u00f3n Coquimbo, tras un amplio balance de los trabajos realizados, resolvieron hoy, en el sector El Hinojal de La Serena, redoblar sus actividades para acrecentar el apoyo de los pueblos rurales a Michelle Bachelet.<\/p>\n<p>El dirigente de Ovalle, Aldo Alfaro, al terminar el plenario de dirigentes, se\u00f1al\u00f3 a la prensa como uno de los problemas que se deben resolver apelando a la coordinaci\u00f3n y apoyo de los alcaldes y los parlamentarios de la Nueva Mayor\u00eda, \u201ces el transporte de los habitantes de los pueblos rurales\u201d.<\/p>\n<p>Alfaro subray\u00f3 que el pasado 17 de noviembre muchos campesinos no fueron a votar por falta de locomoci\u00f3n y esto ahora hay que resolverlo.<\/p>\n<p>As\u00ed mismo el dirigente de Monte Patria, \u00c1ngel Araya, enfatiz\u00f3 la importancia de que Michelle Bachelet, \u201cle d\u00e9 un lugar destacado en sus discursos al tema de la agricultura familiar campesina, y cu\u00e1les ser\u00e1n las medidas que adoptar\u00e1 para enfrentar la sequ\u00eda que nos tiene a todos muy angustiados\u201d.<\/p>\n<p>Por su parte Ernesto Galaz, de la Serena, explic\u00f3 que la tarea central de estos \u00faltimos d\u00edas es \u201credoblar el trabajo de visitar casa por casa, para explicar a cada compa\u00f1ero con mucha claridad lo que se\u00f1ala el programa agrario de Michelle Bachelet para apoyar el desarrollo de la agricultura familiar campesina\u201d.<\/p>\n<p>As\u00ed mismo, el dirigente Cesar Portillo anunci\u00f3 que en los pr\u00f3ximos d\u00edas se realizar\u00e1n varias reuniones en sectores importantes de las comunas de R\u00edo Hurtado, La Higuera, Paihuano y Vicu\u00f1a, para ense\u00f1ar a votar y explicar el programa.<\/p>\n<h4><span style=\"color: #0000ff;\">Red de Comunicadores<\/span><\/h4>\n<h4><span style=\"color: #0000ff;\">\u201cCampesinos con Michelle&#8221;<\/span><\/h4>\n","protected":false},"excerpt":{"rendered":"<p>Dirigentes rurales conf\u00edan en su apoyo a la Agricultura Familiar Campesina (Foto: OH).- Un centenar de dirigentes campesinos y profesionales que apoyan a las organizaciones gremiales, comuneros y sindicales de la regi\u00f3n Coquimbo, tras un amplio balance de los trabajos realizados, resolvieron hoy, en el sector El Hinojal de La Serena, redoblar sus actividades para [&hellip;]<\/p>\n","protected":false},"author":1,"featured_media":9616,"comment_status":"open","ping_status":"open","sticky":false,"template":"","format":"standard","meta":{"footnotes":""},"categories":[15],"tags":[],"class_list":["post-9615","post","type-post","status-publish","format-standard","has-post-thumbnail","hentry","category-general"],"jetpack_sharing_enabled":true,"jetpack_featured_media_url":"https:\/\/putaendouno.cl\/wp-content\/uploads\/2013\/12\/bachelet-ovalle-2.jpg","_links":{"self":[{"href":"https:\/\/putaendouno.cl\/index.php?rest_route=\/wp\/v2\/posts\/9615","targetHints":{"allow":["GET"]}}],"collection":[{"href":"https:\/\/putaendouno.cl\/index.php?rest_route=\/wp\/v2\/posts"}],"about":[{"href":"https:\/\/putaendouno.cl\/index.php?rest_route=\/wp\/v2\/types\/post"}],"author":[{"embeddable":true,"href":"https:\/\/putaendouno.cl\/index.php?rest_route=\/wp\/v2\/users\/1"}],"replies":[{"embeddable":true,"href":"https:\/\/putaendouno.cl\/index.php?rest_route=%2Fwp%2Fv2%2Fcomments&post=9615"}],"version-history":[{"count":1,"href":"https:\/\/putaendouno.cl\/index.php?rest_route=\/wp\/v2\/posts\/9615\/revisions"}],"predecessor-version":[{"id":9617,"href":"https:\/\/putaendouno.cl\/index.php?rest_route=\/wp\/v2\/posts\/9615\/revisions\/9617"}],"wp:featuredmedia":[{"embeddable":true,"href":"https:\/\/putaendouno.cl\/index.php?rest_route=\/wp\/v2\/media\/9616"}],"wp:attachment":[{"href":"https:\/\/putaendouno.cl\/index.php?rest_route=%2Fwp%2Fv2%2Fmedia&parent=9615"}],"wp:term":[{"taxonomy":"category","embeddable":true,"href":"https:\/\/putaendouno.cl\/index.php?rest_route=%2Fwp%2Fv2%2Fcategories&post=9615"},{"taxonomy":"post_tag","embeddable":true,"href":"https:\/\/putaendouno.cl\/index.php?rest_route=%2Fwp%2Fv2%2Ftags&post=9615"}],"curies":[{"name":"wp","href":"https:\/\/api.w.org\/{rel}","templated":true}]}}