{"id":9611,"date":"2013-12-01T21:05:03","date_gmt":"2013-12-02T00:05:03","guid":{"rendered":"http:\/\/putaendouno.cl\/?p=9611"},"modified":"2013-12-01T21:05:03","modified_gmt":"2013-12-02T00:05:03","slug":"en-los-andes-celebran-dia-internacional-de-la-no-violencia-contra-la-mujer","status":"publish","type":"post","link":"https:\/\/putaendouno.cl\/?p=9611","title":{"rendered":"En Los Andes celebran &#8220;D\u00eda Internacional de la No Violencia Contra la Mujer&#8221;"},"content":{"rendered":"<div class=\"lazysocialbuttons\" data-float=\"left\" data-buttons=\"google,twitter,facebook\" data-twshareurl=\"https:\/\/putaendouno.cl\/?p=9611\" data-twtext=\"\" data-shareurl=\"https:\/\/putaendouno.cl\/?p=9611\" data-fbhideflyout=\"false\" data-backgroundtype=\"light\"><\/div><h3><span style=\"color: #0000ff;\"><a href=\"http:\/\/putaendouno.cl\/wp-content\/uploads\/2013\/12\/775_1.jpg\"><img loading=\"lazy\" decoding=\"async\" class=\"aligncenter size-full wp-image-9612\" alt=\"775_1\" src=\"http:\/\/putaendouno.cl\/wp-content\/uploads\/2013\/12\/775_1.jpg\" width=\"640\" height=\"320\" srcset=\"https:\/\/putaendouno.cl\/wp-content\/uploads\/2013\/12\/775_1.jpg 640w, https:\/\/putaendouno.cl\/wp-content\/uploads\/2013\/12\/775_1-300x150.jpg 300w\" sizes=\"auto, (max-width: 640px) 100vw, 640px\" \/><\/a>Gobernaci\u00f3n y Centro de la Mujer Sernam Los Andes\u00a0realizaron lanzamiento del libro \u201cTestimonios de Agentes de Cambio\u201d, iniciativa que busca generar conciencia sobre el tema.-<\/span><\/h3>\n<p>En el contexto de la Conmemoraci\u00f3n del \u2018D\u00eda Internacional de la Eliminaci\u00f3n\u2019 de la Violencia Contra la Mujer, la Gobernaci\u00f3n Provincial de Los Andes y el Centro de la Mujer Sernam organizaron un evento masivo donde realizaron el lanzamiento del libro \u201cViolencia Contra la Mujer: Testimonios de Agentes de Cambio\u201d.<\/p>\n<p><a href=\"http:\/\/putaendouno.cl\/wp-content\/uploads\/2013\/12\/775_2.jpg\"><img loading=\"lazy\" decoding=\"async\" class=\"alignleft  wp-image-9613\" alt=\"775_2\" src=\"http:\/\/putaendouno.cl\/wp-content\/uploads\/2013\/12\/775_2-300x176.jpg\" width=\"240\" height=\"141\" srcset=\"https:\/\/putaendouno.cl\/wp-content\/uploads\/2013\/12\/775_2-300x176.jpg 300w, https:\/\/putaendouno.cl\/wp-content\/uploads\/2013\/12\/775_2.jpg 448w\" sizes=\"auto, (max-width: 240px) 100vw, 240px\" \/><\/a>Seg\u00fan expres\u00f3 la Gobernadora Edith Quiroz, esta iniciativa busca, a trav\u00e9s de esta s\u00edntesis de relatos, extraer valiosas experiencias profesionales, historias de vida o perspectivas acerca de esta problem\u00e1tica.<\/p>\n<p>\u201cAdem\u00e1s de entregar informaci\u00f3n, junto con el Centro de la Mujer Sernam Los Andes queremos sensibilizar y generar conciencia acerca de la importancia que tiene el compromiso ciudadano en la reducci\u00f3n de la violencia contra la mujer. Nuestro Gobierno quiere situar esta tem\u00e1tica en el discurso p\u00fablico, buscando mecanismos que comprometan a la comunidad en su erradicaci\u00f3n\u201d, afirm\u00f3 la Gobernadora Provincial.<\/p>\n<p>La autoridad provincial record\u00f3 que se ha avanzado con cambios sustanciales para mejorar la vida de las familias chilenas, en especial para las mujeres: aumentando el empleo, mejorando la cobertura en la educaci\u00f3n preescolar, el post natal de 6 meses, la tipificaci\u00f3n del delito de femicidio, entre otras, todas medidas que buscan una \u00f3ptima compatibilidad de la maternidad y el trabajo.<\/p>\n<p>Finalmente, la Gobernadora reconoci\u00f3 el gran esfuerzo del equipo del \u2018Centro de la Mujer\u2019\u00a0 agradeciendo su dedicaci\u00f3n, \u201cpuesto que han realizado una intervenci\u00f3n integral a quienes han sido v\u00edctimas y tambi\u00e9n trabaja de manera preventiva, tanto en la Mesa de Violencia Intrafamiliar como en actividades masivas y comunitarias\u201d, detall\u00f3.<\/p>\n","protected":false},"excerpt":{"rendered":"<p>Gobernaci\u00f3n y Centro de la Mujer Sernam Los Andes\u00a0realizaron lanzamiento del libro \u201cTestimonios de Agentes de Cambio\u201d, iniciativa que busca generar conciencia sobre el tema.- En el contexto de la Conmemoraci\u00f3n del \u2018D\u00eda Internacional de la Eliminaci\u00f3n\u2019 de la Violencia Contra la Mujer, la Gobernaci\u00f3n Provincial de Los Andes y el Centro de la Mujer [&hellip;]<\/p>\n","protected":false},"author":1,"featured_media":9612,"comment_status":"open","ping_status":"open","sticky":false,"template":"","format":"standard","meta":{"footnotes":""},"categories":[15,5],"tags":[],"class_list":["post-9611","post","type-post","status-publish","format-standard","has-post-thumbnail","hentry","category-general","category-aconcagua"],"jetpack_sharing_enabled":true,"jetpack_featured_media_url":"https:\/\/putaendouno.cl\/wp-content\/uploads\/2013\/12\/775_1.jpg","_links":{"self":[{"href":"https:\/\/putaendouno.cl\/index.php?rest_route=\/wp\/v2\/posts\/9611","targetHints":{"allow":["GET"]}}],"collection":[{"href":"https:\/\/putaendouno.cl\/index.php?rest_route=\/wp\/v2\/posts"}],"about":[{"href":"https:\/\/putaendouno.cl\/index.php?rest_route=\/wp\/v2\/types\/post"}],"author":[{"embeddable":true,"href":"https:\/\/putaendouno.cl\/index.php?rest_route=\/wp\/v2\/users\/1"}],"replies":[{"embeddable":true,"href":"https:\/\/putaendouno.cl\/index.php?rest_route=%2Fwp%2Fv2%2Fcomments&post=9611"}],"version-history":[{"count":1,"href":"https:\/\/putaendouno.cl\/index.php?rest_route=\/wp\/v2\/posts\/9611\/revisions"}],"predecessor-version":[{"id":9614,"href":"https:\/\/putaendouno.cl\/index.php?rest_route=\/wp\/v2\/posts\/9611\/revisions\/9614"}],"wp:featuredmedia":[{"embeddable":true,"href":"https:\/\/putaendouno.cl\/index.php?rest_route=\/wp\/v2\/media\/9612"}],"wp:attachment":[{"href":"https:\/\/putaendouno.cl\/index.php?rest_route=%2Fwp%2Fv2%2Fmedia&parent=9611"}],"wp:term":[{"taxonomy":"category","embeddable":true,"href":"https:\/\/putaendouno.cl\/index.php?rest_route=%2Fwp%2Fv2%2Fcategories&post=9611"},{"taxonomy":"post_tag","embeddable":true,"href":"https:\/\/putaendouno.cl\/index.php?rest_route=%2Fwp%2Fv2%2Ftags&post=9611"}],"curies":[{"name":"wp","href":"https:\/\/api.w.org\/{rel}","templated":true}]}}