{"id":9596,"date":"2013-12-01T02:37:38","date_gmt":"2013-12-01T05:37:38","guid":{"rendered":"http:\/\/putaendouno.cl\/?p=9596"},"modified":"2013-12-01T03:03:03","modified_gmt":"2013-12-01T06:03:03","slug":"presidenta-de-serrania-ermita-es-patrimonio-de-rinconadinos","status":"publish","type":"post","link":"https:\/\/putaendouno.cl\/?p=9596","title":{"rendered":"Presidenta de Serran\u00eda: &#8220;Ermita es patrimonio de rinconadinos&#8221;"},"content":{"rendered":"<div class=\"lazysocialbuttons\" data-float=\"left\" data-buttons=\"google,twitter,facebook\" data-twshareurl=\"https:\/\/putaendouno.cl\/?p=9596\" data-twtext=\"\" data-shareurl=\"https:\/\/putaendouno.cl\/?p=9596\" data-fbhideflyout=\"false\" data-backgroundtype=\"light\"><\/div><h3><span style=\"color: #0000ff;\"><a href=\"http:\/\/putaendouno.cl\/wp-content\/uploads\/2013\/12\/ermita-bp.jpg\"><img loading=\"lazy\" decoding=\"async\" class=\"aligncenter size-full wp-image-9597\" alt=\"ermita bp\" src=\"http:\/\/putaendouno.cl\/wp-content\/uploads\/2013\/12\/ermita-bp.jpg\" width=\"640\" height=\"320\" srcset=\"https:\/\/putaendouno.cl\/wp-content\/uploads\/2013\/12\/ermita-bp.jpg 640w, https:\/\/putaendouno.cl\/wp-content\/uploads\/2013\/12\/ermita-bp-300x150.jpg 300w\" sizes=\"auto, (max-width: 640px) 100vw, 640px\" \/><\/a>&#8220;No es propiedad de la Iglesia&#8221; dijo Marta Silva, Presidente de Serran\u00eda Rinconada de Silva, y agreg\u00f3 que &#8220;conversando se pueden hacer acuerdos&#8221;.-<\/span><\/h3>\n<p>En toda situaci\u00f3n hay puntos de vista diferentes. Y as\u00ed se ratifica con la postura que tiene la Serran\u00eda de Rinconada de Silva, y que <span style=\"color: #0000ff;\">Putaendo Uno<\/span> conoci\u00f3 tras conversar con su presidenta, Marta Silva.<\/p>\n<p><a href=\"http:\/\/putaendouno.cl\/wp-content\/uploads\/2013\/12\/Marta-Silva.jpg\"><img loading=\"lazy\" decoding=\"async\" class=\"alignleft  wp-image-9598\" alt=\"Marta Silva\" src=\"http:\/\/putaendouno.cl\/wp-content\/uploads\/2013\/12\/Marta-Silva-217x300.jpg\" width=\"122\" height=\"168\" srcset=\"https:\/\/putaendouno.cl\/wp-content\/uploads\/2013\/12\/Marta-Silva-217x300.jpg 217w, https:\/\/putaendouno.cl\/wp-content\/uploads\/2013\/12\/Marta-Silva.jpg 374w\" sizes=\"auto, (max-width: 122px) 100vw, 122px\" \/><\/a>Silva a\u00f1ade que &#8220;nunca, en todos estos 109 a\u00f1os, se ha desconocido el &#8216;comodato de palabra&#8217; que tiene la Iglesia Cat\u00f3lica, a trav\u00e9s de la Parroquia de Rinconada de Silva, sobre la Ermita de Los Ba\u00f1os del Parr\u00f3n. Pero de ah\u00ed a que se venga a pedir derechos de propiedad, y adem\u00e1s en favor de un tercero, como el Grupo Arca, nos parece un abuso de confianza&#8221;, dijo molesta.<\/p>\n<p>Agreg\u00f3 que &#8220;nosotros queremos solucionar este &#8216;impasse&#8217;, porque la Ermita no est\u00e1 en juego, podemos llegar a un acuerdo. Pero aqu\u00ed se han tergiversado las cosas e incluso se nos ha impedido el acceso a un medio radial, para responder a un Concejal de la comuna (N. de la R.: se refiere a Carlos Gallardo) que en su programa hizo llamados enardeciendo a la gente e invit\u00e1ndola a un acto previamente preparado por la Parroquia de Rinconada para este domingo&#8221;.<\/p>\n<p>Marta Silva finaliz\u00f3 se\u00f1alando que &#8220;La Ermita es un bien patrimonial de todos los rinconadinos, no de la Iglesia, y no vamos a aceptar que se levante a la gente en nuestra contra inventando causas que no tienen ning\u00fan asidero legal. Si quieren conversar, aqu\u00ed estamos&#8221; dijo tajante.<\/p>\n<h3><span style=\"color: #0000ff;\">Mediaci\u00f3n del CORE Rolando Stevenson<\/span><\/h3>\n<p>Hasta Putaendo lleg\u00f3 el reci\u00e9n electo Consejero Regional Rolando Stevenson, quien convers\u00f3 telef\u00f3nicamente con la se\u00f1ora Marta Silva, al conocer el conflicto que se ha generado sobre la materia.<\/p>\n<p><a href=\"http:\/\/putaendouno.cl\/wp-content\/uploads\/2013\/12\/rstevenson.jpg\"><img loading=\"lazy\" decoding=\"async\" class=\"alignleft  wp-image-9599\" alt=\"rstevenson\" src=\"http:\/\/putaendouno.cl\/wp-content\/uploads\/2013\/12\/rstevenson-232x300.jpg\" width=\"130\" height=\"168\" srcset=\"https:\/\/putaendouno.cl\/wp-content\/uploads\/2013\/12\/rstevenson-232x300.jpg 232w, https:\/\/putaendouno.cl\/wp-content\/uploads\/2013\/12\/rstevenson.jpg 558w\" sizes=\"auto, (max-width: 130px) 100vw, 130px\" \/><\/a>Stevenson inform\u00f3 a <span style=\"color: #0000ff;\">Putaendo Uno<\/span> que, previo a venir este s\u00e1bado a Putaendo, convers\u00f3 con el Obispo de San Felipe, Monse\u00f1or Cristi\u00e1n Contreras, quien le habr\u00eda reconocido que &#8220;la Iglesia no tiene papeles sobre esos terrenos donde est\u00e1 la Ermita&#8221;. Por lo mismo, el Consejero, atendiendo a que &#8220;este es un asunto que debe resolverse espiritualmente, mi intenci\u00f3n es lograr un acercamiento de las partes y facilitar que se llegue a alg\u00fan acuerdo propicio para ambas&#8221;.<\/p>\n<p>&#8220;Es indispensable que la comunidad de Serran\u00eda, la Iglesia, las autoridades y los vecinos, act\u00faen de com\u00fan acuerdo para conservar una tradici\u00f3n religiosa de mas de 100 a\u00f1os, que adem\u00e1s, forma parte del circuito tur\u00edstico religioso del valle de Aconcagua y especialmente de Putaendo, y esto se debe desarrollar&#8221;, finaliz\u00f3 Stevenson en visita a este medio.<\/p>\n<p>Para este domingo, se ha anunciado la realizaci\u00f3n de una misa en la iglesia de Rinconada, por parte de quienes dicen apoyar la postura de la parroquia local, y por otra parte, se espera tambi\u00e9n la difusi\u00f3n de una declaraci\u00f3n p\u00fablica de la Serran\u00eda de Rinconada de Silva.<\/p>\n<p>Y el tema continuar\u00e1 \u00bfRinconada contra Rinconada?<\/p>\n<p>&nbsp;<\/p>\n","protected":false},"excerpt":{"rendered":"<p>&#8220;No es propiedad de la Iglesia&#8221; dijo Marta Silva, Presidente de Serran\u00eda Rinconada de Silva, y agreg\u00f3 que &#8220;conversando se pueden hacer acuerdos&#8221;.- En toda situaci\u00f3n hay puntos de vista diferentes. Y as\u00ed se ratifica con la postura que tiene la Serran\u00eda de Rinconada de Silva, y que Putaendo Uno conoci\u00f3 tras conversar con su [&hellip;]<\/p>\n","protected":false},"author":1,"featured_media":9597,"comment_status":"open","ping_status":"open","sticky":false,"template":"","format":"standard","meta":{"footnotes":""},"categories":[15,4],"tags":[],"class_list":["post-9596","post","type-post","status-publish","format-standard","has-post-thumbnail","hentry","category-general","category-putaendo"],"jetpack_sharing_enabled":true,"jetpack_featured_media_url":"https:\/\/putaendouno.cl\/wp-content\/uploads\/2013\/12\/ermita-bp.jpg","_links":{"self":[{"href":"https:\/\/putaendouno.cl\/index.php?rest_route=\/wp\/v2\/posts\/9596","targetHints":{"allow":["GET"]}}],"collection":[{"href":"https:\/\/putaendouno.cl\/index.php?rest_route=\/wp\/v2\/posts"}],"about":[{"href":"https:\/\/putaendouno.cl\/index.php?rest_route=\/wp\/v2\/types\/post"}],"author":[{"embeddable":true,"href":"https:\/\/putaendouno.cl\/index.php?rest_route=\/wp\/v2\/users\/1"}],"replies":[{"embeddable":true,"href":"https:\/\/putaendouno.cl\/index.php?rest_route=%2Fwp%2Fv2%2Fcomments&post=9596"}],"version-history":[{"count":4,"href":"https:\/\/putaendouno.cl\/index.php?rest_route=\/wp\/v2\/posts\/9596\/revisions"}],"predecessor-version":[{"id":9603,"href":"https:\/\/putaendouno.cl\/index.php?rest_route=\/wp\/v2\/posts\/9596\/revisions\/9603"}],"wp:featuredmedia":[{"embeddable":true,"href":"https:\/\/putaendouno.cl\/index.php?rest_route=\/wp\/v2\/media\/9597"}],"wp:attachment":[{"href":"https:\/\/putaendouno.cl\/index.php?rest_route=%2Fwp%2Fv2%2Fmedia&parent=9596"}],"wp:term":[{"taxonomy":"category","embeddable":true,"href":"https:\/\/putaendouno.cl\/index.php?rest_route=%2Fwp%2Fv2%2Fcategories&post=9596"},{"taxonomy":"post_tag","embeddable":true,"href":"https:\/\/putaendouno.cl\/index.php?rest_route=%2Fwp%2Fv2%2Ftags&post=9596"}],"curies":[{"name":"wp","href":"https:\/\/api.w.org\/{rel}","templated":true}]}}