{"id":8994,"date":"2013-11-07T00:24:01","date_gmt":"2013-11-07T03:24:01","guid":{"rendered":"http:\/\/putaendouno.cl\/?p=8994"},"modified":"2013-11-07T00:24:01","modified_gmt":"2013-11-07T03:24:01","slug":"papa-francisco-abraza-a-enfermo-y-revienta-redes-sociales","status":"publish","type":"post","link":"https:\/\/putaendouno.cl\/?p=8994","title":{"rendered":"\u00a1Papa Francisco abraza a enfermo y revienta redes sociales!"},"content":{"rendered":"<div class=\"lazysocialbuttons\" data-float=\"left\" data-buttons=\"google,twitter,facebook\" data-twshareurl=\"https:\/\/putaendouno.cl\/?p=8994\" data-twtext=\"\" data-shareurl=\"https:\/\/putaendouno.cl\/?p=8994\" data-fbhideflyout=\"false\" data-backgroundtype=\"light\"><\/div><h3><span style=\"color: #0000ff;\"><a href=\"http:\/\/putaendouno.cl\/wp-content\/uploads\/2013\/11\/foto_ANSA_Papa.jpg\"><img loading=\"lazy\" decoding=\"async\" class=\"aligncenter size-full wp-image-8995\" alt=\"foto_ANSA_Papa\" src=\"http:\/\/putaendouno.cl\/wp-content\/uploads\/2013\/11\/foto_ANSA_Papa.jpg\" width=\"640\" height=\"321\" srcset=\"https:\/\/putaendouno.cl\/wp-content\/uploads\/2013\/11\/foto_ANSA_Papa.jpg 640w, https:\/\/putaendouno.cl\/wp-content\/uploads\/2013\/11\/foto_ANSA_Papa-300x150.jpg 300w\" sizes=\"auto, (max-width: 640px) 100vw, 640px\" \/><\/a>El Sumo Pont\u00edfice abraz\u00f3 en un gran gesto de amor a un hombre con neurofibromatosis.-<\/span><\/h3>\n<p>Al culminar la audiencia general de hoy en la Plaza de San Pedro, el Papa Francisco conmovi\u00f3 nuevamente al mundo al abrazar efusivamente a un hombre que padece neurofibromatosis, una enfermedad neuronal que causa tumores en la piel y en los huesos, causando gran dolor.<\/p>\n<p>Las personas que padecen esta enfermedad, de origen gen\u00e9tico y que no se contagia, son discriminadas muchas veces por su apariencia.<\/p>\n<p>Al saludar, como hace habitualmente, a los peregrinos que llegaron para participar en la Audiencia General, en un intenso gesto de amor por las personas que padecen enfermedad, el Papa se detuvo durante varios minutos para acoger en sus brazos al hombre enfermo. Instantes despu\u00e9s lo tom\u00f3 del rostro y le dio su bendici\u00f3n.<\/p>\n<p>La neurofibromatosis puede ocasionar par\u00e1lisis, problemas de visi\u00f3n, sordera, retardo mental, migra\u00f1as e incluso c\u00e1ncer, y su tratamiento es muy complicado.<\/p>\n<p>(Ac\/P1\/Foto: Ansa)<\/p>\n","protected":false},"excerpt":{"rendered":"<p>El Sumo Pont\u00edfice abraz\u00f3 en un gran gesto de amor a un hombre con neurofibromatosis.- Al culminar la audiencia general de hoy en la Plaza de San Pedro, el Papa Francisco conmovi\u00f3 nuevamente al mundo al abrazar efusivamente a un hombre que padece neurofibromatosis, una enfermedad neuronal que causa tumores en la piel y en [&hellip;]<\/p>\n","protected":false},"author":1,"featured_media":8995,"comment_status":"open","ping_status":"open","sticky":false,"template":"","format":"standard","meta":{"footnotes":""},"categories":[15],"tags":[],"class_list":["post-8994","post","type-post","status-publish","format-standard","has-post-thumbnail","hentry","category-general"],"jetpack_sharing_enabled":true,"jetpack_featured_media_url":"https:\/\/putaendouno.cl\/wp-content\/uploads\/2013\/11\/foto_ANSA_Papa.jpg","_links":{"self":[{"href":"https:\/\/putaendouno.cl\/index.php?rest_route=\/wp\/v2\/posts\/8994","targetHints":{"allow":["GET"]}}],"collection":[{"href":"https:\/\/putaendouno.cl\/index.php?rest_route=\/wp\/v2\/posts"}],"about":[{"href":"https:\/\/putaendouno.cl\/index.php?rest_route=\/wp\/v2\/types\/post"}],"author":[{"embeddable":true,"href":"https:\/\/putaendouno.cl\/index.php?rest_route=\/wp\/v2\/users\/1"}],"replies":[{"embeddable":true,"href":"https:\/\/putaendouno.cl\/index.php?rest_route=%2Fwp%2Fv2%2Fcomments&post=8994"}],"version-history":[{"count":1,"href":"https:\/\/putaendouno.cl\/index.php?rest_route=\/wp\/v2\/posts\/8994\/revisions"}],"predecessor-version":[{"id":8996,"href":"https:\/\/putaendouno.cl\/index.php?rest_route=\/wp\/v2\/posts\/8994\/revisions\/8996"}],"wp:featuredmedia":[{"embeddable":true,"href":"https:\/\/putaendouno.cl\/index.php?rest_route=\/wp\/v2\/media\/8995"}],"wp:attachment":[{"href":"https:\/\/putaendouno.cl\/index.php?rest_route=%2Fwp%2Fv2%2Fmedia&parent=8994"}],"wp:term":[{"taxonomy":"category","embeddable":true,"href":"https:\/\/putaendouno.cl\/index.php?rest_route=%2Fwp%2Fv2%2Fcategories&post=8994"},{"taxonomy":"post_tag","embeddable":true,"href":"https:\/\/putaendouno.cl\/index.php?rest_route=%2Fwp%2Fv2%2Ftags&post=8994"}],"curies":[{"name":"wp","href":"https:\/\/api.w.org\/{rel}","templated":true}]}}