{"id":8944,"date":"2013-11-05T22:45:05","date_gmt":"2013-11-06T01:45:05","guid":{"rendered":"http:\/\/putaendouno.cl\/?p=8944"},"modified":"2013-11-05T22:45:05","modified_gmt":"2013-11-06T01:45:05","slug":"hermano-y-cunada-de-allamand-seran-formalizados","status":"publish","type":"post","link":"https:\/\/putaendouno.cl\/?p=8944","title":{"rendered":"Hermano y cu\u00f1ada de Allamand ser\u00e1n formalizados"},"content":{"rendered":"<div class=\"lazysocialbuttons\" data-float=\"left\" data-buttons=\"google,twitter,facebook\" data-twshareurl=\"https:\/\/putaendouno.cl\/?p=8944\" data-twtext=\"\" data-shareurl=\"https:\/\/putaendouno.cl\/?p=8944\" data-fbhideflyout=\"false\" data-backgroundtype=\"light\"><\/div><h3><span style=\"color: #0000ff;\"><a href=\"http:\/\/putaendouno.cl\/wp-content\/uploads\/2013\/11\/andres-allamand-vicu.jpg\"><img loading=\"lazy\" decoding=\"async\" class=\"aligncenter size-full wp-image-8946\" alt=\"andres allamand vicu\" src=\"http:\/\/putaendouno.cl\/wp-content\/uploads\/2013\/11\/andres-allamand-vicu.jpg\" width=\"640\" height=\"321\" srcset=\"https:\/\/putaendouno.cl\/wp-content\/uploads\/2013\/11\/andres-allamand-vicu.jpg 640w, https:\/\/putaendouno.cl\/wp-content\/uploads\/2013\/11\/andres-allamand-vicu-300x150.jpg 300w\" sizes=\"auto, (max-width: 640px) 100vw, 640px\" \/><\/a>Ambos est\u00e1n imputados por usurpaci\u00f3n de\u00a0tierras\u00a0y\u00a0violaci\u00f3n\u00a0de deslindes en Paihuano. Juez posterg\u00f3 la audiencia para el 3 de diciembre.-<\/span><\/h3>\n<p>En el Juzgado de Garant\u00eda de Vicu\u00f1a estaba fijado para\u00a0hoy la audiencia de formalizaci\u00f3n de Miguel Allamand Zavala y de Ana Francisca Aldunate, hermano y cu\u00f1ada respectivamente del candidato de Renovaci\u00f3n Nacional\u00a0a senador por Santiago Poniente, Andr\u00e9s Allamand, por los delitos de usurpaci\u00f3n de terreno y destrucci\u00f3n de deslindes en Paihuano, Coquimbo. Finalmente el juez Juan Bustos decidi\u00f3 aplazar la medida, lo que provoc\u00f3 el reparo de la Fiscal\u00eda. El procedimiento tendr\u00eda lugar en los pr\u00f3ximos d\u00edas.<\/p>\n<p>La solicitud de formalizaci\u00f3n fue requerida por el fiscal, Andr\u00e9s G\u00e1lvez, en el marco de los hechos ocurridos el a\u00f1o 2007, cuando trabajadores de la empresa \u201cAsesor\u00eda, Servicios e Inversiones Incienso Limitada\u201d, cuya representante legal es la imputada Ana Francisca Aldunate, habr\u00edan destruido la pirca que constitu\u00eda el l\u00edmite oeste del predio del querellante Juan Santiago Cristi\u00e1n\u00a0Alemparte Rodr\u00edguez, bajo las \u00f3rdenes de Aldunate.<\/p>\n<p>Seg\u00fan la denuncia, la cu\u00f1ada de Andr\u00e9s Allamand, habr\u00eda obtenido lucro aportando en dominio este terreno a la \u201cSociedad Agr\u00edcola Tres V\u00edas Limitada\u201d, representada legalmente por el imputado Miguel Allamand Zavala (quien tambi\u00e9n es presidente de Exportadora Subsole S.A.) c\u00f3nyuge de Aldunate, y Jos\u00e9 Antonio Jim\u00e9nez, quien adem\u00e1s es socio de Activa SpA, brazo de Private Equity de LarrainVial.<\/p>\n<p>&#8220;Invadieron mi terreno y despu\u00e9s de dos a\u00f1os de conversaciones, finalmente decid\u00ed querellarme porque no hab\u00eda ninguna soluci\u00f3n. Despu\u00e9s de varios a\u00f1os la formalizaci\u00f3n se posterg\u00f3 para el d\u00eda 3 de diciembre por instrucci\u00f3n del juez de garant\u00eda Juan Bustos&#8221;, relata el querellante Juan Santiago Cristi\u00e1n Alemparte. Asimismo, deja entrever que &#8220;presiones pol\u00edticas e influencias&#8221;, sea presumiblemente\u00a0el motivo del cambio en la fecha de la formalizaci\u00f3n fijada en un comienzo para hoy a las 09:30 hrs y reagendada a las 14:30 hrs. Tras la inasistencia de las partes, la nueva fecha definitiva\u00a0ser\u00e1 fijada por el juez en los pr\u00f3ximos d\u00edas.<\/p>\n<p>Los denunciados, posteriormente, habr\u00edan ordenado el ingreso de maquinaria al terreno, de propiedad de Alemparte, para movimientos de tierras, instalaci\u00f3n de palos, bases y la construcci\u00f3n de una nueva pirca, ocupando en cerca de 4 mil metros la propiedad del afectado.<\/p>\n<p>Los hechos antes descritos constituyen un delito consumado de alteraci\u00f3n y\u00a0destrucci\u00f3n de deslindes, previsto y sancionado en el art\u00edculo 462 del C\u00f3digo Penal, atribuy\u00e9ndole a la imputada, Ana Francisca Aldunate, participaci\u00f3n en calidad de autor y un delito consumado de usurpaci\u00f3n no violenta de propiedad previsto y sancionado en el art\u00edculo 458 del C\u00f3digo Penal, atribuy\u00e9ndole adem\u00e1s a, Miguel Allamand Zavala, participaci\u00f3n en calidad de autor.<\/p>\n","protected":false},"excerpt":{"rendered":"<p>Ambos est\u00e1n imputados por usurpaci\u00f3n de\u00a0tierras\u00a0y\u00a0violaci\u00f3n\u00a0de deslindes en Paihuano. Juez posterg\u00f3 la audiencia para el 3 de diciembre.- En el Juzgado de Garant\u00eda de Vicu\u00f1a estaba fijado para\u00a0hoy la audiencia de formalizaci\u00f3n de Miguel Allamand Zavala y de Ana Francisca Aldunate, hermano y cu\u00f1ada respectivamente del candidato de Renovaci\u00f3n Nacional\u00a0a senador por Santiago Poniente, Andr\u00e9s [&hellip;]<\/p>\n","protected":false},"author":1,"featured_media":8946,"comment_status":"open","ping_status":"open","sticky":false,"template":"","format":"standard","meta":{"footnotes":""},"categories":[7,15],"tags":[],"class_list":["post-8944","post","type-post","status-publish","format-standard","has-post-thumbnail","hentry","category-nacionales-y-otras","category-general"],"jetpack_sharing_enabled":true,"jetpack_featured_media_url":"https:\/\/putaendouno.cl\/wp-content\/uploads\/2013\/11\/andres-allamand-vicu.jpg","_links":{"self":[{"href":"https:\/\/putaendouno.cl\/index.php?rest_route=\/wp\/v2\/posts\/8944","targetHints":{"allow":["GET"]}}],"collection":[{"href":"https:\/\/putaendouno.cl\/index.php?rest_route=\/wp\/v2\/posts"}],"about":[{"href":"https:\/\/putaendouno.cl\/index.php?rest_route=\/wp\/v2\/types\/post"}],"author":[{"embeddable":true,"href":"https:\/\/putaendouno.cl\/index.php?rest_route=\/wp\/v2\/users\/1"}],"replies":[{"embeddable":true,"href":"https:\/\/putaendouno.cl\/index.php?rest_route=%2Fwp%2Fv2%2Fcomments&post=8944"}],"version-history":[{"count":2,"href":"https:\/\/putaendouno.cl\/index.php?rest_route=\/wp\/v2\/posts\/8944\/revisions"}],"predecessor-version":[{"id":8947,"href":"https:\/\/putaendouno.cl\/index.php?rest_route=\/wp\/v2\/posts\/8944\/revisions\/8947"}],"wp:featuredmedia":[{"embeddable":true,"href":"https:\/\/putaendouno.cl\/index.php?rest_route=\/wp\/v2\/media\/8946"}],"wp:attachment":[{"href":"https:\/\/putaendouno.cl\/index.php?rest_route=%2Fwp%2Fv2%2Fmedia&parent=8944"}],"wp:term":[{"taxonomy":"category","embeddable":true,"href":"https:\/\/putaendouno.cl\/index.php?rest_route=%2Fwp%2Fv2%2Fcategories&post=8944"},{"taxonomy":"post_tag","embeddable":true,"href":"https:\/\/putaendouno.cl\/index.php?rest_route=%2Fwp%2Fv2%2Ftags&post=8944"}],"curies":[{"name":"wp","href":"https:\/\/api.w.org\/{rel}","templated":true}]}}