{"id":8938,"date":"2013-11-05T17:20:53","date_gmt":"2013-11-05T20:20:53","guid":{"rendered":"http:\/\/putaendouno.cl\/?p=8938"},"modified":"2013-11-05T17:20:53","modified_gmt":"2013-11-05T20:20:53","slug":"alcalde-venegas-fustiga-a-gobernacion-los-andes-por-paro-municipal","status":"publish","type":"post","link":"https:\/\/putaendouno.cl\/?p=8938","title":{"rendered":"Alcalde Venegas fustiga a Gobernaci\u00f3n Los Andes por paro municipal"},"content":{"rendered":"<div class=\"lazysocialbuttons\" data-float=\"left\" data-buttons=\"google,twitter,facebook\" data-twshareurl=\"https:\/\/putaendouno.cl\/?p=8938\" data-twtext=\"\" data-shareurl=\"https:\/\/putaendouno.cl\/?p=8938\" data-fbhideflyout=\"false\" data-backgroundtype=\"light\"><\/div><h3><strong><span style=\"color: #0000ff;\"><a href=\"http:\/\/putaendouno.cl\/wp-content\/uploads\/2013\/11\/venegas-alcalde.jpg\"><img loading=\"lazy\" decoding=\"async\" class=\"aligncenter size-full wp-image-8939\" alt=\"venegas alcalde\" src=\"http:\/\/putaendouno.cl\/wp-content\/uploads\/2013\/11\/venegas-alcalde.jpg\" width=\"640\" height=\"317\" srcset=\"https:\/\/putaendouno.cl\/wp-content\/uploads\/2013\/11\/venegas-alcalde.jpg 640w, https:\/\/putaendouno.cl\/wp-content\/uploads\/2013\/11\/venegas-alcalde-300x148.jpg 300w\" sizes=\"auto, (max-width: 640px) 100vw, 640px\" \/><\/a>El edil de Calle Larga, Nelson Venegas, solicit\u00f3 a Edith Quiroz una reuni\u00f3n de alcaldes y funcionarios de la provincia para conocer situaci\u00f3n que afecta a las comunas.-<\/span>\u00a0<\/strong><\/h3>\n<p>Una fuerte cr\u00edtica a la actitud pasiva que ha tenido durante el paro de funcionarios municipales de la provincia de Los Andes, realiz\u00f3 el alcalde de Calle Larga Nelson Venegas, a la Gobernadora de Los Andes quien hasta este \u00a0momento no se ha contactado ni con los alcaldes ni con los funcionarios municipales, para conocer cu\u00e1l es la situaci\u00f3n en cada una de las comunas a ra\u00edz de esta movilizaci\u00f3n que ya se extiende por veinte d\u00edas.<\/p>\n<p>\u201cQuiero hacer un fuerte emplazamiento a la Gobernadora como m\u00e1xima representante del gobierno en nuestra zona, para que tome cartas en un asunto que nos est\u00e1 afectando profundamente a todos los habitantes de la provincia de Los Andes. En estos momentos tenemos todos nuestros servicios municipales paralizados lo que significa que dentro de poco vamos a dejar de tener alumbrado p\u00fablico, vamos a dejar de tener en muchos sectores agua, el tema del transporte escolar, tenemos estados de pago que se encuentran sin realizar, programas que se est\u00e1n dejando de ejecutar. Este es un paro de los funcionarios municipales que le est\u00e1n haciendo leg\u00edtimas demandas al gobierno y la m\u00e1xima representante del gobierno ni siquiera nos ha llamado por tel\u00e9fono para saber qu\u00e9 es lo que est\u00e1 pasando y c\u00f3mo es la situaci\u00f3n en nuestras respectivas comunas\u201d, sostuvo Nelson Venegas.<\/p>\n<p>A juicio del alcalde, una de las alternativas para que la gobernadora tome contacto con los ediles de la provincia, es sostener una reuni\u00f3n en la que de forma directa ella tome conocimiento de la realidad que enfrentan las comunas de la zona.<\/p>\n<p>\u201cCreo que el gobierno se ha estado lavando las manos, endos\u00e1ndonos una responsabilidad que no es nuestra. Los alcaldes no tenemos las herramientas para solucionar este conflicto, este es un conflicto que s\u00f3lo puede ser solucionado con decisiones que puede adoptar el gobierno. En este caso la gobernadora deber\u00eda ser una interlocutora y conversar o tener por lo menos la posibilidad de conversar con los alcaldes y funcionarios respecto de lo que est\u00e1 ocurriendo, pero ac\u00e1 la autoridad m\u00e1xima no ha hecho absolutamente nada. Creo que es momento que la gobernadora se re\u00fana con nosotros y tome conocimiento de la situaci\u00f3n que nos est\u00e1 afectando y que est\u00e1 afectando a los vecinos y vecinas de las comunas\u201d, agreg\u00f3 Venegas.<\/p>\n<p>(Foto: LA al d\u00eda)<\/p>\n","protected":false},"excerpt":{"rendered":"<p>El edil de Calle Larga, Nelson Venegas, solicit\u00f3 a Edith Quiroz una reuni\u00f3n de alcaldes y funcionarios de la provincia para conocer situaci\u00f3n que afecta a las comunas.-\u00a0 Una fuerte cr\u00edtica a la actitud pasiva que ha tenido durante el paro de funcionarios municipales de la provincia de Los Andes, realiz\u00f3 el alcalde de Calle [&hellip;]<\/p>\n","protected":false},"author":1,"featured_media":8939,"comment_status":"open","ping_status":"open","sticky":false,"template":"","format":"standard","meta":{"footnotes":""},"categories":[15,5],"tags":[],"class_list":["post-8938","post","type-post","status-publish","format-standard","has-post-thumbnail","hentry","category-general","category-aconcagua"],"jetpack_sharing_enabled":true,"jetpack_featured_media_url":"https:\/\/putaendouno.cl\/wp-content\/uploads\/2013\/11\/venegas-alcalde.jpg","_links":{"self":[{"href":"https:\/\/putaendouno.cl\/index.php?rest_route=\/wp\/v2\/posts\/8938","targetHints":{"allow":["GET"]}}],"collection":[{"href":"https:\/\/putaendouno.cl\/index.php?rest_route=\/wp\/v2\/posts"}],"about":[{"href":"https:\/\/putaendouno.cl\/index.php?rest_route=\/wp\/v2\/types\/post"}],"author":[{"embeddable":true,"href":"https:\/\/putaendouno.cl\/index.php?rest_route=\/wp\/v2\/users\/1"}],"replies":[{"embeddable":true,"href":"https:\/\/putaendouno.cl\/index.php?rest_route=%2Fwp%2Fv2%2Fcomments&post=8938"}],"version-history":[{"count":1,"href":"https:\/\/putaendouno.cl\/index.php?rest_route=\/wp\/v2\/posts\/8938\/revisions"}],"predecessor-version":[{"id":8940,"href":"https:\/\/putaendouno.cl\/index.php?rest_route=\/wp\/v2\/posts\/8938\/revisions\/8940"}],"wp:featuredmedia":[{"embeddable":true,"href":"https:\/\/putaendouno.cl\/index.php?rest_route=\/wp\/v2\/media\/8939"}],"wp:attachment":[{"href":"https:\/\/putaendouno.cl\/index.php?rest_route=%2Fwp%2Fv2%2Fmedia&parent=8938"}],"wp:term":[{"taxonomy":"category","embeddable":true,"href":"https:\/\/putaendouno.cl\/index.php?rest_route=%2Fwp%2Fv2%2Fcategories&post=8938"},{"taxonomy":"post_tag","embeddable":true,"href":"https:\/\/putaendouno.cl\/index.php?rest_route=%2Fwp%2Fv2%2Ftags&post=8938"}],"curies":[{"name":"wp","href":"https:\/\/api.w.org\/{rel}","templated":true}]}}