{"id":8935,"date":"2013-11-05T16:49:15","date_gmt":"2013-11-05T19:49:15","guid":{"rendered":"http:\/\/putaendouno.cl\/?p=8935"},"modified":"2013-11-05T16:49:15","modified_gmt":"2013-11-05T19:49:15","slug":"gobernacion-dialoga-con-asemuch-san-felipe","status":"publish","type":"post","link":"https:\/\/putaendouno.cl\/?p=8935","title":{"rendered":"Gobernaci\u00f3n dialoga con Asemuch San Felipe"},"content":{"rendered":"<div class=\"lazysocialbuttons\" data-float=\"left\" data-buttons=\"google,twitter,facebook\" data-twshareurl=\"https:\/\/putaendouno.cl\/?p=8935\" data-twtext=\"\" data-shareurl=\"https:\/\/putaendouno.cl\/?p=8935\" data-fbhideflyout=\"false\" data-backgroundtype=\"light\"><\/div><h3><span style=\"color: #0000ff;\"><a href=\"http:\/\/putaendouno.cl\/wp-content\/uploads\/2013\/11\/IMG_2027.jpg\"><img loading=\"lazy\" decoding=\"async\" class=\"aligncenter size-full wp-image-8936\" alt=\"IMG_2027\" src=\"http:\/\/putaendouno.cl\/wp-content\/uploads\/2013\/11\/IMG_2027.jpg\" width=\"640\" height=\"320\" srcset=\"https:\/\/putaendouno.cl\/wp-content\/uploads\/2013\/11\/IMG_2027.jpg 640w, https:\/\/putaendouno.cl\/wp-content\/uploads\/2013\/11\/IMG_2027-300x150.jpg 300w\" sizes=\"auto, (max-width: 640px) 100vw, 640px\" \/><\/a>Marcha de los municipales, recorrido por los servicios p\u00fablicos, cortes de tr\u00e1nsito y reuni\u00f3n con Gobernaci\u00f3n marcaron jornada de manifestaciones en San Felipe.-<\/span><\/h3>\n<p>A trav\u00e9s de una audiencia, la Gobernadora Provincial Patricia Boffa, tras reunirse con los dirigentes de la Asociaci\u00f3n de Funcionarios Municipales de San Felipe, les manifest\u00f3 que si bien comprende sus demandas tras esta paralizaci\u00f3n de actividades, les solicit\u00f3 no abandonar los turnos \u00e9ticos que a la fecha permiten, entre otras cosas, la distribuci\u00f3n de agua potable a sectores rurales.<\/p>\n<p>Seg\u00fan la Asemuch, la movilizaci\u00f3n es un\u00a0paro sectorial y sus demandas son paralelas a la mesa de reajuste del sector p\u00fablico.\u00a0\u00a0Son puntos distintos a los tratados en esa instancia, ha explicado el presidente de la agrupaci\u00f3n local, Wladimir Tapia, por lo que han seguido participando en otras negociaciones.<\/p>\n<p>Las demandas de Asemuch son a) Homologaci\u00f3n de los Programas de Mejoramiento de Gesti\u00f3n (PMG) con los de la administraci\u00f3n centralizada,\u00a0la confederaci\u00f3n reclama que mientras en el sector p\u00fablico se paga 30,6%, los funcionarios municipales reciben 10%; b)\u00a0Soluci\u00f3n al incremento previsional; c) Asignaci\u00f3n Profesional, t\u00e9cnica y de especialidad; y<br \/>\nd) Readecuaci\u00f3n de las plantas municipales.<\/p>\n<p>Tapia le solicit\u00f3 a la Gobernadora Boffa, traspasar sus inquietudes al gobierno, con el fin de encontrar una soluci\u00f3n a este conflicto que ya acumula 20 d\u00edas de paralizaci\u00f3n laboral de los municipales.<\/p>\n<p>En tanto la Gobernadora Patricia Boffa, junto con reiterar la necesidad de llegar a un acuerdo, explic\u00f3 que servicios como los permisos de circulaci\u00f3n, licencias de conducir, tr\u00e1mites de obras, aseo domiciliario, procesos en el juzgado de policial local, se han visto afectados por esta paralizaci\u00f3n, por lo cual pidi\u00f3 mantener el di\u00e1logo y abrirse a un acuerdo en com\u00fan, situaci\u00f3n que depender\u00e1 de las negociaciones a escala nacional.<\/p>\n","protected":false},"excerpt":{"rendered":"<p>Marcha de los municipales, recorrido por los servicios p\u00fablicos, cortes de tr\u00e1nsito y reuni\u00f3n con Gobernaci\u00f3n marcaron jornada de manifestaciones en San Felipe.- A trav\u00e9s de una audiencia, la Gobernadora Provincial Patricia Boffa, tras reunirse con los dirigentes de la Asociaci\u00f3n de Funcionarios Municipales de San Felipe, les manifest\u00f3 que si bien comprende sus demandas [&hellip;]<\/p>\n","protected":false},"author":1,"featured_media":8936,"comment_status":"open","ping_status":"open","sticky":false,"template":"","format":"standard","meta":{"footnotes":""},"categories":[15,5],"tags":[],"class_list":["post-8935","post","type-post","status-publish","format-standard","has-post-thumbnail","hentry","category-general","category-aconcagua"],"jetpack_sharing_enabled":true,"jetpack_featured_media_url":"https:\/\/putaendouno.cl\/wp-content\/uploads\/2013\/11\/IMG_2027.jpg","_links":{"self":[{"href":"https:\/\/putaendouno.cl\/index.php?rest_route=\/wp\/v2\/posts\/8935","targetHints":{"allow":["GET"]}}],"collection":[{"href":"https:\/\/putaendouno.cl\/index.php?rest_route=\/wp\/v2\/posts"}],"about":[{"href":"https:\/\/putaendouno.cl\/index.php?rest_route=\/wp\/v2\/types\/post"}],"author":[{"embeddable":true,"href":"https:\/\/putaendouno.cl\/index.php?rest_route=\/wp\/v2\/users\/1"}],"replies":[{"embeddable":true,"href":"https:\/\/putaendouno.cl\/index.php?rest_route=%2Fwp%2Fv2%2Fcomments&post=8935"}],"version-history":[{"count":1,"href":"https:\/\/putaendouno.cl\/index.php?rest_route=\/wp\/v2\/posts\/8935\/revisions"}],"predecessor-version":[{"id":8937,"href":"https:\/\/putaendouno.cl\/index.php?rest_route=\/wp\/v2\/posts\/8935\/revisions\/8937"}],"wp:featuredmedia":[{"embeddable":true,"href":"https:\/\/putaendouno.cl\/index.php?rest_route=\/wp\/v2\/media\/8936"}],"wp:attachment":[{"href":"https:\/\/putaendouno.cl\/index.php?rest_route=%2Fwp%2Fv2%2Fmedia&parent=8935"}],"wp:term":[{"taxonomy":"category","embeddable":true,"href":"https:\/\/putaendouno.cl\/index.php?rest_route=%2Fwp%2Fv2%2Fcategories&post=8935"},{"taxonomy":"post_tag","embeddable":true,"href":"https:\/\/putaendouno.cl\/index.php?rest_route=%2Fwp%2Fv2%2Ftags&post=8935"}],"curies":[{"name":"wp","href":"https:\/\/api.w.org\/{rel}","templated":true}]}}