{"id":8926,"date":"2013-11-05T12:26:34","date_gmt":"2013-11-05T15:26:34","guid":{"rendered":"http:\/\/putaendouno.cl\/?p=8926"},"modified":"2013-11-05T12:27:06","modified_gmt":"2013-11-05T15:27:06","slug":"tribunal-de-la-serena-mantiene-a-homicida-en-siquiatrico-de-putaendo","status":"publish","type":"post","link":"https:\/\/putaendouno.cl\/?p=8926","title":{"rendered":"Tribunal de La Serena mantiene a homicida en Siqui\u00e1trico de Putaendo"},"content":{"rendered":"<div class=\"lazysocialbuttons\" data-float=\"left\" data-buttons=\"google,twitter,facebook\" data-twshareurl=\"https:\/\/putaendouno.cl\/?p=8926\" data-twtext=\"\" data-shareurl=\"https:\/\/putaendouno.cl\/?p=8926\" data-fbhideflyout=\"false\" data-backgroundtype=\"light\"><\/div><h3><span style=\"color: #0000ff;\"><a href=\"http:\/\/putaendouno.cl\/wp-content\/uploads\/2013\/11\/a-homic.jpg\"><img loading=\"lazy\" decoding=\"async\" class=\"aligncenter size-full wp-image-8927\" alt=\"a homic\" src=\"http:\/\/putaendouno.cl\/wp-content\/uploads\/2013\/11\/a-homic.jpg\" width=\"640\" height=\"319\" srcset=\"https:\/\/putaendouno.cl\/wp-content\/uploads\/2013\/11\/a-homic.jpg 640w, https:\/\/putaendouno.cl\/wp-content\/uploads\/2013\/11\/a-homic-300x149.jpg 300w\" sizes=\"auto, (max-width: 640px) 100vw, 640px\" \/><\/a>Esquizofr\u00e9nico que mat\u00f3 a guardia en La Serena permanecer\u00e1 recluido en Hospital Philippe Pinel.-\u00a0<\/span><\/h3>\n<p>Se confirm\u00f3 que el autor de la muerte de Fernando Lara G\u00f3mez (61) deber\u00e1 seguir en el hospital psiqui\u00e1trico de Putaendo. All\u00ed el joven de 21 a\u00f1os ya se hallaba en internaci\u00f3n provisoria. El muchacho no ir\u00e1 a la c\u00e1rcel por ser inimputable, debido a que padece una enfermedad mental.<\/p>\n<p>La sentencia se dio a conocer pasadas las 16:00 horas, en el Tribunal Oral de La Serena. No se hizo presente el Ministerio P\u00fablico, pero estaban las abogadas querellantes, as\u00ed como el defensor y la curadora del condenado. All\u00ed el juez dio a conocer que se mantiene la internaci\u00f3n en el hospital psiqui\u00e1trico, mientras subsistan las condiciones actuales, la cual no debe extenderse m\u00e1s all\u00e1 de <span style=\"color: #0000ff;\">10 a\u00f1os y un d\u00eda.<\/span> Junto con ello, se debe entregar un informe semestral de la condici\u00f3n o evoluci\u00f3n del joven al Ministerio P\u00fablico, a su curador o familiares. Se le abona el tiempo que ya hab\u00eda permanecido privado de libertad, desde el 3 de septiembre del a\u00f1o pasado.<\/p>\n<p>La v\u00edctima de este crimen que estremeci\u00f3 a La Serena fue un vigilante que, la noche del 2 de septiembre de 2012, fue golpeado con un objeto contundente en la cabeza por parte de Carlos Correa, que ingres\u00f3 a la automotora que Fernando Lara cuidaba en la Avenida Francisco de Aguirre de dicha ciudad. La gravedad de las lesiones caus\u00f3 la muerte del nochero. Al d\u00eda siguiente de conocidos los hechos, el padre del autor confeso del homicidio asegur\u00f3 que su hijo no es un delincuente y que actu\u00f3 as\u00ed por sus problemas mentales. Despu\u00e9s se supo tambi\u00e9n que el agresor, detenido por Carabineros, era consumidor de droga y hab\u00eda dejado de tomar sus medicamentos.<\/p>\n<p>El homicida tiene esquizofrenia paranoide, que es una enfermedad mental que no conlleva alteraci\u00f3n anat\u00f3mica observable, cuya principal caracter\u00edstica es que afecta a la personalidad del individuo, as\u00ed como a \u00e1reas de su psicolog\u00eda.\u00a0El estado consciente del enfermo es normal. Su actitud ps\u00edquica se caracteriza por el egocentrismo y el aislamiento, y expresa una p\u00e9rdida de contacto con la realidad. Manifiesta ideas delirantes (persecuci\u00f3n, intentos de envenenamiento, influencias extra\u00f1as, etc.) y trastornos de la percepci\u00f3n, con alucinaciones del tipo auditivo.<\/p>\n<p>(Armando Tapia, El D\u00eda\/P1\/ Foto: Lautaro Carmona)<\/p>\n<div><\/div>\n","protected":false},"excerpt":{"rendered":"<p>Esquizofr\u00e9nico que mat\u00f3 a guardia en La Serena permanecer\u00e1 recluido en Hospital Philippe Pinel.-\u00a0 Se confirm\u00f3 que el autor de la muerte de Fernando Lara G\u00f3mez (61) deber\u00e1 seguir en el hospital psiqui\u00e1trico de Putaendo. All\u00ed el joven de 21 a\u00f1os ya se hallaba en internaci\u00f3n provisoria. El muchacho no ir\u00e1 a la c\u00e1rcel por [&hellip;]<\/p>\n","protected":false},"author":1,"featured_media":8927,"comment_status":"open","ping_status":"open","sticky":false,"template":"","format":"standard","meta":{"footnotes":""},"categories":[15,4],"tags":[],"class_list":["post-8926","post","type-post","status-publish","format-standard","has-post-thumbnail","hentry","category-general","category-putaendo"],"jetpack_sharing_enabled":true,"jetpack_featured_media_url":"https:\/\/putaendouno.cl\/wp-content\/uploads\/2013\/11\/a-homic.jpg","_links":{"self":[{"href":"https:\/\/putaendouno.cl\/index.php?rest_route=\/wp\/v2\/posts\/8926","targetHints":{"allow":["GET"]}}],"collection":[{"href":"https:\/\/putaendouno.cl\/index.php?rest_route=\/wp\/v2\/posts"}],"about":[{"href":"https:\/\/putaendouno.cl\/index.php?rest_route=\/wp\/v2\/types\/post"}],"author":[{"embeddable":true,"href":"https:\/\/putaendouno.cl\/index.php?rest_route=\/wp\/v2\/users\/1"}],"replies":[{"embeddable":true,"href":"https:\/\/putaendouno.cl\/index.php?rest_route=%2Fwp%2Fv2%2Fcomments&post=8926"}],"version-history":[{"count":2,"href":"https:\/\/putaendouno.cl\/index.php?rest_route=\/wp\/v2\/posts\/8926\/revisions"}],"predecessor-version":[{"id":8929,"href":"https:\/\/putaendouno.cl\/index.php?rest_route=\/wp\/v2\/posts\/8926\/revisions\/8929"}],"wp:featuredmedia":[{"embeddable":true,"href":"https:\/\/putaendouno.cl\/index.php?rest_route=\/wp\/v2\/media\/8927"}],"wp:attachment":[{"href":"https:\/\/putaendouno.cl\/index.php?rest_route=%2Fwp%2Fv2%2Fmedia&parent=8926"}],"wp:term":[{"taxonomy":"category","embeddable":true,"href":"https:\/\/putaendouno.cl\/index.php?rest_route=%2Fwp%2Fv2%2Fcategories&post=8926"},{"taxonomy":"post_tag","embeddable":true,"href":"https:\/\/putaendouno.cl\/index.php?rest_route=%2Fwp%2Fv2%2Ftags&post=8926"}],"curies":[{"name":"wp","href":"https:\/\/api.w.org\/{rel}","templated":true}]}}