{"id":8923,"date":"2013-11-05T10:03:49","date_gmt":"2013-11-05T13:03:49","guid":{"rendered":"http:\/\/putaendouno.cl\/?p=8923"},"modified":"2013-11-05T16:38:06","modified_gmt":"2013-11-05T19:38:06","slug":"municipales-se-toman-camino-en-los-andes","status":"publish","type":"post","link":"https:\/\/putaendouno.cl\/?p=8923","title":{"rendered":"Municipales se toman camino en Los Andes"},"content":{"rendered":"<div class=\"lazysocialbuttons\" data-float=\"left\" data-buttons=\"google,twitter,facebook\" data-twshareurl=\"https:\/\/putaendouno.cl\/?p=8923\" data-twtext=\"\" data-shareurl=\"https:\/\/putaendouno.cl\/?p=8923\" data-fbhideflyout=\"false\" data-backgroundtype=\"light\"><\/div><h3><span style=\"color: #0000ff;\"><a href=\"http:\/\/putaendouno.cl\/wp-content\/uploads\/2013\/11\/1465197_10202471786017775_1323989384_n.jpg\"><img loading=\"lazy\" decoding=\"async\" class=\"aligncenter size-full wp-image-8924\" alt=\"1465197_10202471786017775_1323989384_n\" src=\"http:\/\/putaendouno.cl\/wp-content\/uploads\/2013\/11\/1465197_10202471786017775_1323989384_n.jpg\" width=\"612\" height=\"320\" srcset=\"https:\/\/putaendouno.cl\/wp-content\/uploads\/2013\/11\/1465197_10202471786017775_1323989384_n.jpg 612w, https:\/\/putaendouno.cl\/wp-content\/uploads\/2013\/11\/1465197_10202471786017775_1323989384_n-300x156.jpg 300w\" sizes=\"auto, (max-width: 612px) 100vw, 612px\" \/><\/a>En protesta por demandas no cumplidas por el Gobierno.-<\/span><\/h3>\n<p>Empleados municipales de Los Andes, afiliados a la Asemuch local, durante esta ma\u00f1ana se tomaron la ruta en sector del puente Las Vizcachas, cercano a El Sauce, y encendieron barricadas para obstaculizar el tr\u00e1nsito de veh\u00edculos e impedir el desv\u00edo por la ruta de tierra alternativa.<\/p>\n<p><a href=\"http:\/\/putaendouno.cl\/wp-content\/uploads\/2013\/11\/IMG-20131105-WA0002.jpg\"><img loading=\"lazy\" decoding=\"async\" class=\"alignleft  wp-image-8931\" alt=\"IMG-20131105-WA0002\" src=\"http:\/\/putaendouno.cl\/wp-content\/uploads\/2013\/11\/IMG-20131105-WA0002-300x224.jpg\" width=\"240\" height=\"179\" srcset=\"https:\/\/putaendouno.cl\/wp-content\/uploads\/2013\/11\/IMG-20131105-WA0002-300x224.jpg 300w, https:\/\/putaendouno.cl\/wp-content\/uploads\/2013\/11\/IMG-20131105-WA0002.jpg 448w\" sizes=\"auto, (max-width: 240px) 100vw, 240px\" \/><\/a>Hasta el lugar llegaron Fuerzas Especiales de Carabineros, pero no se reportaron incidentes con los manifestantes. Todo transcurri\u00f3 pac\u00edficamente. Luego de permanecer m\u00e1s de una hora<a href=\"http:\/\/putaendouno.cl\/wp-content\/uploads\/2013\/11\/IMG-20131105-WA0012.jpg\"><img loading=\"lazy\" decoding=\"async\" class=\"alignright  wp-image-8933\" alt=\"IMG-20131105-WA0012\" src=\"http:\/\/putaendouno.cl\/wp-content\/uploads\/2013\/11\/IMG-20131105-WA0012-224x300.jpg\" width=\"134\" height=\"180\" srcset=\"https:\/\/putaendouno.cl\/wp-content\/uploads\/2013\/11\/IMG-20131105-WA0012-224x300.jpg 224w, https:\/\/putaendouno.cl\/wp-content\/uploads\/2013\/11\/IMG-20131105-WA0012.jpg 336w\" sizes=\"auto, (max-width: 134px) 100vw, 134px\" \/><\/a> con el tr\u00e1nsito interrumpido, los manifestantes se retiraron.<\/p>\n<p>Dirigentes de Asemuch de Los Andes pidieron la presencia de alguna autoridad de Gobierno, con el fin de hacer presentes su demandas, pero ello no ocurri\u00f3. Los trabajadores sentenciaron que si no hay respuesta a sus peticiones, no van a trabajar para la jornada de elecciones nacionales, el pr\u00f3ximo 17 de noviembre.<\/p>\n<p>Los municipales piden, entre otras cosas, equiparar sus sueldos con los de funcionarios p\u00fablicos, incentivos, incremento previsional y el traspaso a la planta municipal.<\/p>\n","protected":false},"excerpt":{"rendered":"<p>En protesta por demandas no cumplidas por el Gobierno.- Empleados municipales de Los Andes, afiliados a la Asemuch local, durante esta ma\u00f1ana se tomaron la ruta en sector del puente Las Vizcachas, cercano a El Sauce, y encendieron barricadas para obstaculizar el tr\u00e1nsito de veh\u00edculos e impedir el desv\u00edo por la ruta de tierra alternativa. [&hellip;]<\/p>\n","protected":false},"author":1,"featured_media":8924,"comment_status":"open","ping_status":"open","sticky":false,"template":"","format":"standard","meta":{"footnotes":""},"categories":[15,5],"tags":[],"class_list":["post-8923","post","type-post","status-publish","format-standard","has-post-thumbnail","hentry","category-general","category-aconcagua"],"jetpack_sharing_enabled":true,"jetpack_featured_media_url":"https:\/\/putaendouno.cl\/wp-content\/uploads\/2013\/11\/1465197_10202471786017775_1323989384_n.jpg","_links":{"self":[{"href":"https:\/\/putaendouno.cl\/index.php?rest_route=\/wp\/v2\/posts\/8923","targetHints":{"allow":["GET"]}}],"collection":[{"href":"https:\/\/putaendouno.cl\/index.php?rest_route=\/wp\/v2\/posts"}],"about":[{"href":"https:\/\/putaendouno.cl\/index.php?rest_route=\/wp\/v2\/types\/post"}],"author":[{"embeddable":true,"href":"https:\/\/putaendouno.cl\/index.php?rest_route=\/wp\/v2\/users\/1"}],"replies":[{"embeddable":true,"href":"https:\/\/putaendouno.cl\/index.php?rest_route=%2Fwp%2Fv2%2Fcomments&post=8923"}],"version-history":[{"count":3,"href":"https:\/\/putaendouno.cl\/index.php?rest_route=\/wp\/v2\/posts\/8923\/revisions"}],"predecessor-version":[{"id":8934,"href":"https:\/\/putaendouno.cl\/index.php?rest_route=\/wp\/v2\/posts\/8923\/revisions\/8934"}],"wp:featuredmedia":[{"embeddable":true,"href":"https:\/\/putaendouno.cl\/index.php?rest_route=\/wp\/v2\/media\/8924"}],"wp:attachment":[{"href":"https:\/\/putaendouno.cl\/index.php?rest_route=%2Fwp%2Fv2%2Fmedia&parent=8923"}],"wp:term":[{"taxonomy":"category","embeddable":true,"href":"https:\/\/putaendouno.cl\/index.php?rest_route=%2Fwp%2Fv2%2Fcategories&post=8923"},{"taxonomy":"post_tag","embeddable":true,"href":"https:\/\/putaendouno.cl\/index.php?rest_route=%2Fwp%2Fv2%2Ftags&post=8923"}],"curies":[{"name":"wp","href":"https:\/\/api.w.org\/{rel}","templated":true}]}}