{"id":8919,"date":"2013-11-05T08:59:44","date_gmt":"2013-11-05T11:59:44","guid":{"rendered":"http:\/\/putaendouno.cl\/?p=8919"},"modified":"2013-11-05T09:00:26","modified_gmt":"2013-11-05T12:00:26","slug":"presidente-acusado-de-duplicar-su-fortuna-durante-su-mandato","status":"publish","type":"post","link":"https:\/\/putaendouno.cl\/?p=8919","title":{"rendered":"Presidente Pi\u00f1era acusado de duplicar su fortuna durante su mandato"},"content":{"rendered":"<div class=\"lazysocialbuttons\" data-float=\"left\" data-buttons=\"google,twitter,facebook\" data-twshareurl=\"https:\/\/putaendouno.cl\/?p=8919\" data-twtext=\"\" data-shareurl=\"https:\/\/putaendouno.cl\/?p=8919\" data-fbhideflyout=\"false\" data-backgroundtype=\"light\"><\/div><h3><span style=\"color: #0000ff;\"><a href=\"http:\/\/putaendouno.cl\/wp-content\/uploads\/2013\/11\/dips.jpg\"><img loading=\"lazy\" decoding=\"async\" class=\"aligncenter size-full wp-image-8920\" alt=\"dips\" src=\"http:\/\/putaendouno.cl\/wp-content\/uploads\/2013\/11\/dips.jpg\" width=\"640\" height=\"321\" srcset=\"https:\/\/putaendouno.cl\/wp-content\/uploads\/2013\/11\/dips.jpg 640w, https:\/\/putaendouno.cl\/wp-content\/uploads\/2013\/11\/dips-300x150.jpg 300w\" sizes=\"auto, (max-width: 640px) 100vw, 640px\" \/><\/a>Jefes de bancada DC y PPD acusan extra\u00f1eza y denuncian que Sebasti\u00e1n Pi\u00f1era pas\u00f3 de mil a 2500 millones de d\u00f3lares en cuatro a\u00f1os\/\u00a0Once chilenos entre los m\u00e1s ricos del mundo (Foto: UPI).-<\/span><\/h3>\n<p>Los\u00a0jefes de las bancadas de diputados de la DC y el PPD, Ricardo Rinc\u00f3n y Marco Antonio N\u00fa\u00f1ez, aseguraron que\u00a0el Presidente Sebasti\u00e1n Pi\u00f1era ha duplicado su fortuna durante sus cuatro a\u00f1os en La Moneda.<\/p>\n<p>&#8220;Nos parece\u00a0sumamente preocupante para el pa\u00eds que el Presidente Sebastian Pi\u00f1era en estos cuatro a\u00f1os de Gobierno haya -considerando como base el a\u00f1o 2009- duplicado su patrimonio, su fortuna, pasando de 1.000 millones m\u00e1s menos a 2.500 millones de d\u00f3lares en el 2013&#8221;, dijo Rinc\u00f3n.<\/p>\n<p>El legislador DC indic\u00f3 que \u00e9stos son &#8220;datos no de la oposici\u00f3n, sino de\u00a0<em>Forbes<\/em>, revista que permanentemente publica la informaci\u00f3n de los multimillonarios en el mundo\u00a0y donde\u00a0el Presidente <a title=\"Sebasti\u00e1n Pi\u00f1era en Forbes\" href=\"http:\/\/www.forbes.com\/profile\/sebastian-pinera\/#\" target=\"_blank\">Sebasti\u00e1n Pi\u00f1era ocupa un destacado lugar<\/a>, en el n\u00famero 589 de la lista&#8221;.<\/p>\n<p>&#8220;El Presidente debe responder si ha estado m\u00e1s dedicado y preocupado a su incremento patrimonial o verdaderamente a conducir los destinos de Chile&#8221;, sentenci\u00f3 Rinc\u00f3n.<\/p>\n<p>El\u00a0PPD Marco Antonio N\u00fa\u00f1ez coment\u00f3 que &#8220;junto a este aumento exorbitante del patrimonio del Presidente Sebasti\u00e1n Pi\u00f1era\u00a0est\u00e1n las bajas cifras de la\u00a0encuesta Latinobar\u00f3metro (publicada el pasado viernes)\u00a0respecto a la confianza del Presidente y la aprobaci\u00f3n del Gobierno&#8221;.<\/p>\n<p>&#8220;De los 18 presidentes latinoamericanos el promedio de la confianza en la figura del Presidente Pi\u00f1era es s\u00f3lo de 36 por ciento, es decir, 10 puntos menos que el resto de los pa\u00edses, porque\u00a0los chilenos lo vemos como un empresario que aumenta su fortuna de manera exorbitante cuando accede al poder, y no como la m\u00e1xima autoridad republicana que gu\u00eda los destinos de Chile&#8221;, asever\u00f3.<\/p>\n<p>El parlamentario a\u00f1adi\u00f3\u00a0que &#8220;es un secreto a voces que en el caso Soquimich-Cascadas el fondo de inversi\u00f3n Moneda cuenta con capitales vinculados al Presidente Pi\u00f1era&#8221; y &#8220;hay una denuncia realizada por Julio Ponce que es necesario demostrar&#8221;.<\/p>\n<p>Las afirmaciones de los parlamentarios fueron rechazadas desde el Palacio de La Moneda por la\u00a0ministra\u00a0Cecilia P\u00e9rez.<\/p>\n<p>&#8220;Si ha existido alguien transparente sin la obligaci\u00f3n de hacerlo en t\u00e9rminos de su patrimonio, \u00e9se ha sido el Presidente Sebasti\u00e1n Pi\u00f1era&#8221;, dijo P\u00e9rez.<\/p>\n<p>La vocera record\u00f3 que el Mandatario &#8220;constituy\u00f3 un fideicomiso ciego sin que fuera obligatorio en forma voluntaria&#8221;.<\/p>\n<p>&#8220;Yo no s\u00e9 cu\u00e1ntos parlamentarios hacen eso con su patrimonio&#8230;&#8221;, a\u00f1adi\u00f3 la ministra, quien indic\u00f3 que en el Gobierno est\u00e1n\u00a0&#8220;acostumbrados a estas declaraciones oportunistas&#8221; y &#8220;al voleo&#8221; desde la oposici\u00f3n.<\/p>\n<p><strong><span style=\"color: #0000ff;\">EXAMINE LA LISTA DE LOS 11 CHILENOS EN FORBES<\/span><\/strong><\/p>\n<div id=\"thelist\" style=\"text-align: center;\" data-year=\"2013\" data-uri=\"billionaires\" data-type=\"person\" data-size-of-list=\"1426\" data-amount-to-display=\"100\"><small><span>Patrimonio Neto calculado marzo 2013<\/span><\/small><\/p>\n<table>\n<thead id=\"listhead\">\n<tr>\n<th><a><span><span>Posici\u00f3n<\/span><\/span><\/a><\/th>\n<th><a><span><span>Nombre<\/span><\/span><\/a><\/th>\n<th><a><span><span>Patrimonio<\/span><\/span><\/a><\/th>\n<th><a><span><span>Edad<\/span><\/span><\/a><\/th>\n<th><a><span><span>Fuente<\/span><\/span><\/a><\/th>\n<th><a><span><span>Pa\u00eds\u00a0<\/span><\/span><\/a><\/th>\n<\/tr>\n<\/thead>\n<tbody id=\"listbody\">\n<tr>\n<td><span>35<\/span><\/td>\n<td><a href=\"http:\/\/www.forbes.com\/profile\/iris-fontbona\/\"><img decoding=\"async\" alt=\"\" src=\"http:\/\/i.forbesimg.com\/media\/lists\/people\/no-pic-female_50x50.jpg\" \/><\/a><\/p>\n<h3><span><span>Iris Fontbona y familia<\/span><\/span><\/h3>\n<\/td>\n<td><span>$ 17.4 B<\/span><\/td>\n<td><span>70<\/span><\/td>\n<td><span>miner\u00eda<\/span><\/td>\n<td><span>Chile<\/span><\/td>\n<\/tr>\n<tr>\n<td><span>114<\/span><\/td>\n<td><a href=\"http:\/\/www.forbes.com\/profile\/horst-paulmann\/\"><img decoding=\"async\" alt=\"\" src=\"http:\/\/i.forbesimg.com\/media\/lists\/people\/horst-paulmann_50x50.jpg\" \/><\/a><\/p>\n<h3><span><span>Horst Paulmann y familia<\/span><\/span><\/h3>\n<\/td>\n<td><span>$ 9.7 B<\/span><\/td>\n<td><span>78<\/span><\/td>\n<td><span>venta al por menor<\/span><\/td>\n<td><span>Chile<\/span><\/td>\n<\/tr>\n<tr>\n<td><span>363<\/span><\/td>\n<td><a href=\"http:\/\/www.forbes.com\/profile\/bernardo-matte\/\"><img decoding=\"async\" alt=\"\" src=\"http:\/\/i.forbesimg.com\/media\/lists\/people\/bernardo-matte_50x50.jpg\" \/><\/a><\/p>\n<h3><span><span>Bernardo Matte<\/span><\/span><\/h3>\n<\/td>\n<td><span>$ 3.7 B<\/span><\/td>\n<td><span>&#8211;<\/span><\/td>\n<td><span>papel<\/span><\/td>\n<td><span>Chile<\/span><\/td>\n<\/tr>\n<tr>\n<td><span>363<\/span><\/td>\n<td><a href=\"http:\/\/www.forbes.com\/profile\/eliodoro-matte\/\"><img decoding=\"async\" alt=\"\" src=\"http:\/\/i.forbesimg.com\/media\/lists\/people\/no-pic_50x50.jpg\" \/><\/a><\/p>\n<h3><span><span>Eliodoro Matte<\/span><\/span><\/h3>\n<\/td>\n<td><span>$ 3.7 B<\/span><\/td>\n<td><span>&#8211;<\/span><\/td>\n<td><span>papel<\/span><\/td>\n<td><span>Chile<\/span><\/td>\n<\/tr>\n<tr>\n<td><span>363<\/span><\/td>\n<td><a href=\"http:\/\/www.forbes.com\/profile\/patricia-matte\/\"><img decoding=\"async\" alt=\"\" src=\"http:\/\/i.forbesimg.com\/media\/lists\/people\/no-pic-female_50x50.jpg\" \/><\/a><\/p>\n<h3><span><span>Patricia Matte<\/span><\/span><\/h3>\n<\/td>\n<td><span>$ 3.7 B<\/span><\/td>\n<td><span>&#8211;<\/span><\/td>\n<td><span>papel<\/span><\/td>\n<td><span>Chile<\/span><\/td>\n<\/tr>\n<tr>\n<td><span>363<\/span><\/td>\n<td><a href=\"http:\/\/www.forbes.com\/profile\/maria-luisa-solari-falabella-family\/\"><img decoding=\"async\" alt=\"\" src=\"http:\/\/i.forbesimg.com\/media\/lists\/people\/no-pic-female_50x50.jpg\" \/><\/a><\/p>\n<h3><span><span>Mar\u00eda Luisa Solari Falabella y familia<\/span><\/span><\/h3>\n<\/td>\n<td><span>$ 3.7 B<\/span><\/td>\n<td><span>&#8211;<\/span><\/td>\n<td><span>venta al por menor<\/span><\/td>\n<td><span>Chile<\/span><\/td>\n<\/tr>\n<tr>\n<td><span>395<\/span><\/td>\n<td><a href=\"http:\/\/www.forbes.com\/profile\/juan-cuneo-solari-family\/\"><img decoding=\"async\" alt=\"\" src=\"http:\/\/i.forbesimg.com\/media\/lists\/people\/no-pic_50x50.jpg\" \/><\/a><\/p>\n<h3><span><span>Juan Cuneo Solari y familia<\/span><\/span><\/h3>\n<\/td>\n<td><span>$ 3.4 B<\/span><\/td>\n<td><span>&#8211;<\/span><\/td>\n<td><span>venta al por menor<\/span><\/td>\n<td><span>Chile<\/span><\/td>\n<\/tr>\n<tr>\n<td><span>395<\/span><\/td>\n<td><a href=\"http:\/\/www.forbes.com\/profile\/teresa-matilde-solari-falabella\/\"><img decoding=\"async\" alt=\"\" src=\"http:\/\/i.forbesimg.com\/media\/lists\/people\/no-pic-female_50x50.jpg\" \/><\/a><\/p>\n<h3><span><span>Matilde Teresa Solari Falabella y familia<\/span><\/span><\/h3>\n<\/td>\n<td><span>$ 3.4 B<\/span><\/td>\n<td><span>&#8211;<\/span><\/td>\n<td><span>venta al por menor<\/span><\/td>\n<td><span>Chile<\/span><\/td>\n<\/tr>\n<tr>\n<td><span>437<\/span><\/td>\n<td><a href=\"http:\/\/www.forbes.com\/profile\/piero-solari-donaggio\/\"><img decoding=\"async\" alt=\"\" src=\"http:\/\/i.forbesimg.com\/media\/lists\/people\/no-pic_50x50.jpg\" \/><\/a><\/p>\n<h3><span><span>Piero Solari Donaggio y familia<\/span><\/span><\/h3>\n<\/td>\n<td><span>$ 3.1 B<\/span><\/td>\n<td><span>&#8211;<\/span><\/td>\n<td><span>venta al por menor<\/span><\/td>\n<td><span>Chile<\/span><\/td>\n<\/tr>\n<tr>\n<td><span>458<\/span><\/td>\n<td><a href=\"http:\/\/www.forbes.com\/profile\/alvaro-saieh-bendeck\/\"><img decoding=\"async\" alt=\"\" src=\"http:\/\/i.forbesimg.com\/media\/lists\/people\/alvaro-saieh-bendeck_50x50.jpg\" \/><\/a><\/p>\n<h3><span><span>Alvaro Saieh Bendeck<\/span><\/span><\/h3>\n<\/td>\n<td><span>$ 3 B<\/span><\/td>\n<td><span>63<\/span><\/td>\n<td><span>banca<\/span><\/td>\n<td><span>Chile<\/span><\/td>\n<\/tr>\n<tr>\n<td><span>589<\/span><\/td>\n<td><a href=\"http:\/\/www.forbes.com\/profile\/sebastian-pinera\/\"><img decoding=\"async\" alt=\"\" src=\"http:\/\/i.forbesimg.com\/media\/lists\/people\/sebastian-pinera_50x50.jpg\" \/><\/a><\/p>\n<h3><span><span>Sebasti\u00e1n Pi\u00f1era<\/span><\/span><\/h3>\n<\/td>\n<td><span>$ 2.5 B<\/span><\/td>\n<td><span>63<\/span><\/td>\n<td><span>inversiones<\/span><\/td>\n<td><span>Chile<\/span><\/td>\n<\/tr>\n<tr>\n<td><span>825<\/span><\/td>\n<td><a href=\"http:\/\/www.forbes.com\/profile\/luis-enrique-yarur-rey\/\"><img decoding=\"async\" alt=\"\" src=\"http:\/\/i.forbesimg.com\/media\/lists\/people\/no-pic_50x50.jpg\" \/><\/a><\/p>\n<h3><span><span>Luis Enrique Yarur Rey<\/span><\/span><\/h3>\n<\/td>\n<td><span>$ 1.85 B<\/span><\/td>\n<td><span>62<\/span><\/td>\n<td><span>Empresas Juan Yarur SAC<\/span><\/td>\n<td><span>Chile<\/span><\/td>\n<\/tr>\n<tr>\n<td><span>1175<\/span><\/td>\n<td><a href=\"http:\/\/www.forbes.com\/profile\/roberto-angelini-rossi\/\"><img decoding=\"async\" alt=\"\" src=\"http:\/\/i.forbesimg.com\/media\/lists\/people\/no-pic_50x50.jpg\" \/><\/a><\/p>\n<h3><span><span>Roberto Angelini Rossi<\/span><\/span><\/h3>\n<\/td>\n<td><span>$ 1.2 B<\/span><\/td>\n<td><span>65<\/span><\/td>\n<td><span>la silvicultura, la miner\u00eda<\/span><\/td>\n<td><span>Chile<\/span><\/td>\n<\/tr>\n<tr>\n<td><span>1342<\/span><\/td>\n<td><a href=\"http:\/\/www.forbes.com\/profile\/patricia-angelini-rossi\/\"><img decoding=\"async\" alt=\"\" src=\"http:\/\/i.forbesimg.com\/media\/lists\/people\/patricia-angelini-rossi_50x50.jpg\" \/><\/a><\/p>\n<h3><span><span>Patricia Angelini Rossi<\/span><\/span><\/h3>\n<\/td>\n<td><span>$ 1 B<\/span><\/td>\n<td><span>59<\/span><\/td>\n<td><span>la silvicultura, la miner\u00eda<\/span><\/td>\n<td><span>Chile<\/span><\/td>\n<\/tr>\n<\/tbody>\n<\/table>\n<p style=\"text-align: left;\">(Cp\/Forbes\/P1)<\/p>\n<\/div>\n","protected":false},"excerpt":{"rendered":"<p>Jefes de bancada DC y PPD acusan extra\u00f1eza y denuncian que Sebasti\u00e1n Pi\u00f1era pas\u00f3 de mil a 2500 millones de d\u00f3lares en cuatro a\u00f1os\/\u00a0Once chilenos entre los m\u00e1s ricos del mundo (Foto: UPI).- Los\u00a0jefes de las bancadas de diputados de la DC y el PPD, Ricardo Rinc\u00f3n y Marco Antonio N\u00fa\u00f1ez, aseguraron que\u00a0el Presidente Sebasti\u00e1n [&hellip;]<\/p>\n","protected":false},"author":1,"featured_media":8920,"comment_status":"open","ping_status":"open","sticky":false,"template":"","format":"standard","meta":{"footnotes":""},"categories":[7,15],"tags":[],"class_list":["post-8919","post","type-post","status-publish","format-standard","has-post-thumbnail","hentry","category-nacionales-y-otras","category-general"],"jetpack_sharing_enabled":true,"jetpack_featured_media_url":"https:\/\/putaendouno.cl\/wp-content\/uploads\/2013\/11\/dips.jpg","_links":{"self":[{"href":"https:\/\/putaendouno.cl\/index.php?rest_route=\/wp\/v2\/posts\/8919","targetHints":{"allow":["GET"]}}],"collection":[{"href":"https:\/\/putaendouno.cl\/index.php?rest_route=\/wp\/v2\/posts"}],"about":[{"href":"https:\/\/putaendouno.cl\/index.php?rest_route=\/wp\/v2\/types\/post"}],"author":[{"embeddable":true,"href":"https:\/\/putaendouno.cl\/index.php?rest_route=\/wp\/v2\/users\/1"}],"replies":[{"embeddable":true,"href":"https:\/\/putaendouno.cl\/index.php?rest_route=%2Fwp%2Fv2%2Fcomments&post=8919"}],"version-history":[{"count":2,"href":"https:\/\/putaendouno.cl\/index.php?rest_route=\/wp\/v2\/posts\/8919\/revisions"}],"predecessor-version":[{"id":8922,"href":"https:\/\/putaendouno.cl\/index.php?rest_route=\/wp\/v2\/posts\/8919\/revisions\/8922"}],"wp:featuredmedia":[{"embeddable":true,"href":"https:\/\/putaendouno.cl\/index.php?rest_route=\/wp\/v2\/media\/8920"}],"wp:attachment":[{"href":"https:\/\/putaendouno.cl\/index.php?rest_route=%2Fwp%2Fv2%2Fmedia&parent=8919"}],"wp:term":[{"taxonomy":"category","embeddable":true,"href":"https:\/\/putaendouno.cl\/index.php?rest_route=%2Fwp%2Fv2%2Fcategories&post=8919"},{"taxonomy":"post_tag","embeddable":true,"href":"https:\/\/putaendouno.cl\/index.php?rest_route=%2Fwp%2Fv2%2Ftags&post=8919"}],"curies":[{"name":"wp","href":"https:\/\/api.w.org\/{rel}","templated":true}]}}