{"id":8916,"date":"2013-11-05T00:39:18","date_gmt":"2013-11-05T03:39:18","guid":{"rendered":"http:\/\/putaendouno.cl\/?p=8916"},"modified":"2013-11-05T00:39:18","modified_gmt":"2013-11-05T03:39:18","slug":"nuevo-fraude-en-gobierno-regional-de-valparaiso","status":"publish","type":"post","link":"https:\/\/putaendouno.cl\/?p=8916","title":{"rendered":"\u00a1Nuevo fraude en Gobierno Regional de Valpara\u00edso!"},"content":{"rendered":"<div class=\"lazysocialbuttons\" data-float=\"left\" data-buttons=\"google,twitter,facebook\" data-twshareurl=\"https:\/\/putaendouno.cl\/?p=8916\" data-twtext=\"\" data-shareurl=\"https:\/\/putaendouno.cl\/?p=8916\" data-fbhideflyout=\"false\" data-backgroundtype=\"light\"><\/div><h3><span style=\"color: #0000ff;\"><a href=\"http:\/\/putaendouno.cl\/wp-content\/uploads\/2013\/11\/core-porta.jpg\"><img loading=\"lazy\" decoding=\"async\" class=\"aligncenter size-full wp-image-8917\" alt=\"core porta\" src=\"http:\/\/putaendouno.cl\/wp-content\/uploads\/2013\/11\/core-porta.jpg\" width=\"640\" height=\"313\" srcset=\"https:\/\/putaendouno.cl\/wp-content\/uploads\/2013\/11\/core-porta.jpg 640w, https:\/\/putaendouno.cl\/wp-content\/uploads\/2013\/11\/core-porta-300x146.jpg 300w\" sizes=\"auto, (max-width: 640px) 100vw, 640px\" \/><\/a>La Fiscal\u00eda Regional de Valpara\u00edso se encuentra investigando supuestos desv\u00edos y mala utilizaci\u00f3n de fondos que fueron entregados por el Gobierno regional para la ejecuci\u00f3n de proyectos.-<\/span><\/h3>\n<p>El caso se viene arrastrando hace unos meses, cuando los dirigentes socialistas de la ciudad de La Calera y de Nogales, el 31 de julio de 2012, enviaron a la Intendencia una solicitud de investigaci\u00f3n, tras generarse sospechas de que algunos personeros de ese partido, al parecer, estaban desviando fondos de los proyectos del Gobierno Regional, para otros fines.<\/p>\n<p>Walter Heilig, ex dirigente socialista de Nogales, explic\u00f3 que el modus operandi de estas personas era postular proyectos millonarios, justific\u00e1ndolos con empresas externas. Adem\u00e1s, se\u00f1al\u00f3 que las sospechas apuntan a que el dinero se fue al financiamiento de campa\u00f1as pol\u00edticas.<\/p>\n<p>Luis Garc\u00eda, ex dirigente socialista de La Calera, sostuvo que la Contralor\u00eda entreg\u00f3 un informe que apunta a investigar los recursos del 2% que se puede utilizar para efectos deportivos, sin embargo, se detect\u00f3 que algunas organizaciones, por ejemplo, utilizaron los dineros para almuerzos y viajes de recreaci\u00f3n.<\/p>\n<p>Seg\u00fan los dirigentes, no recibieron respuesta de los organismos a los que acudieron, por lo tanto pusieron en manos de la Contralor\u00eda el caso, la que emiti\u00f3 un informe en diciembre de 2012, sin tampoco obtener respuesta de alguna medida que se haya adoptado.<\/p>\n<p>A partir de estos antecedentes, los dirigentes contactaron a la senadora Lily P\u00e9rez (RN), con quien pusieron a disposici\u00f3n del Ministerio Publico el caso, desde donde se design\u00f3 al fiscal Juan Ignacio Sep\u00falveda, con dedicaci\u00f3n especial para que investigue la denuncia.<\/p>\n<p>La parlamentaria sostuvo que hay sospechas de que existen personeros de distintos partidos pol\u00edticos supuestamente involucrados y que si es efectivo que los antecedentes estaban en manos de las autoridades hace m\u00e1s de un a\u00f1o, deben dar explicaciones.<\/p>\n<p>En tanto, el intendente regional Ra\u00fal Celis, confirm\u00f3 que se reuni\u00f3 con los dirigentes del Partido Socialista, y que la denuncia se\u00f1ala el actuar de algunos consejeros y no necesariamente a funcionarios del Gobierno Regional.<\/p>\n<p>El jefe regional asegur\u00f3 que la Contralor\u00eda no le dio importancia a la denuncia, que no se detect\u00f3 nada grave y que a pesar de ello, se inici\u00f3 un sumario administrativo que a\u00fan est\u00e1 en curso.<\/p>\n<p>Sin embargo, para el ex gobernador de Petorca, Julio Trigo, quien tambi\u00e9n present\u00f3 la denuncia, se\u00f1al\u00f3 que un sumario administrativo no es la soluci\u00f3n m\u00e1s adecuada, acusando a la autoridad regional de abandono de deberes, en lo que calific\u00f3 de una verdadera maquinaria que se estableci\u00f3 en la regi\u00f3n para defraudar al Fisco.<\/p>\n<p>Cabe se\u00f1alar que en parte del informe de la Contralor\u00eda, se menciona que cuatro organizaciones sociales y culturales de La Calera y Nogales hab\u00edan presentado facturas exentas para justificar los gastos de algunos proyectos, las que fueron emitidas desde el Centro de Educaci\u00f3n y Trabajo (CET) de Gendarmer\u00eda.<\/p>\n<p>El ex gobernador de Petorca, Julio Trigo, emplaz\u00f3 a las autoridades relacionadas y a los parlamentarios de la zona a dar tambi\u00e9n explicaciones.\u00a0Hasta el cierre de esta nota, Gendarmer\u00eda y la serem\u00eda de Justicia no emitieron respuesta.<\/p>\n<p>(Rb\/Lt\/P1\/Foto: LVDV)<\/p>\n","protected":false},"excerpt":{"rendered":"<p>La Fiscal\u00eda Regional de Valpara\u00edso se encuentra investigando supuestos desv\u00edos y mala utilizaci\u00f3n de fondos que fueron entregados por el Gobierno regional para la ejecuci\u00f3n de proyectos.- El caso se viene arrastrando hace unos meses, cuando los dirigentes socialistas de la ciudad de La Calera y de Nogales, el 31 de julio de 2012, enviaron [&hellip;]<\/p>\n","protected":false},"author":1,"featured_media":8917,"comment_status":"open","ping_status":"open","sticky":false,"template":"","format":"standard","meta":{"footnotes":""},"categories":[15,5],"tags":[],"class_list":["post-8916","post","type-post","status-publish","format-standard","has-post-thumbnail","hentry","category-general","category-aconcagua"],"jetpack_sharing_enabled":true,"jetpack_featured_media_url":"https:\/\/putaendouno.cl\/wp-content\/uploads\/2013\/11\/core-porta.jpg","_links":{"self":[{"href":"https:\/\/putaendouno.cl\/index.php?rest_route=\/wp\/v2\/posts\/8916","targetHints":{"allow":["GET"]}}],"collection":[{"href":"https:\/\/putaendouno.cl\/index.php?rest_route=\/wp\/v2\/posts"}],"about":[{"href":"https:\/\/putaendouno.cl\/index.php?rest_route=\/wp\/v2\/types\/post"}],"author":[{"embeddable":true,"href":"https:\/\/putaendouno.cl\/index.php?rest_route=\/wp\/v2\/users\/1"}],"replies":[{"embeddable":true,"href":"https:\/\/putaendouno.cl\/index.php?rest_route=%2Fwp%2Fv2%2Fcomments&post=8916"}],"version-history":[{"count":1,"href":"https:\/\/putaendouno.cl\/index.php?rest_route=\/wp\/v2\/posts\/8916\/revisions"}],"predecessor-version":[{"id":8918,"href":"https:\/\/putaendouno.cl\/index.php?rest_route=\/wp\/v2\/posts\/8916\/revisions\/8918"}],"wp:featuredmedia":[{"embeddable":true,"href":"https:\/\/putaendouno.cl\/index.php?rest_route=\/wp\/v2\/media\/8917"}],"wp:attachment":[{"href":"https:\/\/putaendouno.cl\/index.php?rest_route=%2Fwp%2Fv2%2Fmedia&parent=8916"}],"wp:term":[{"taxonomy":"category","embeddable":true,"href":"https:\/\/putaendouno.cl\/index.php?rest_route=%2Fwp%2Fv2%2Fcategories&post=8916"},{"taxonomy":"post_tag","embeddable":true,"href":"https:\/\/putaendouno.cl\/index.php?rest_route=%2Fwp%2Fv2%2Ftags&post=8916"}],"curies":[{"name":"wp","href":"https:\/\/api.w.org\/{rel}","templated":true}]}}