{"id":8911,"date":"2013-11-04T23:26:29","date_gmt":"2013-11-05T02:26:29","guid":{"rendered":"http:\/\/putaendouno.cl\/?p=8911"},"modified":"2013-11-04T23:27:14","modified_gmt":"2013-11-05T02:27:14","slug":"tribunal-rechazo-demanda-de-parisi-contra-matthei","status":"publish","type":"post","link":"https:\/\/putaendouno.cl\/?p=8911","title":{"rendered":"Tribunal rechaz\u00f3 demanda de Parisi contra Matthei"},"content":{"rendered":"<div class=\"lazysocialbuttons\" data-float=\"left\" data-buttons=\"google,twitter,facebook\" data-twshareurl=\"https:\/\/putaendouno.cl\/?p=8911\" data-twtext=\"\" data-shareurl=\"https:\/\/putaendouno.cl\/?p=8911\" data-fbhideflyout=\"false\" data-backgroundtype=\"light\"><\/div><h3><span style=\"color: #0000ff;\"><a href=\"http:\/\/putaendouno.cl\/wp-content\/uploads\/2013\/11\/matt-parisi.jpg\"><img loading=\"lazy\" decoding=\"async\" class=\"aligncenter size-full wp-image-8912\" alt=\"matt parisi\" src=\"http:\/\/putaendouno.cl\/wp-content\/uploads\/2013\/11\/matt-parisi.jpg\" width=\"649\" height=\"365\" srcset=\"https:\/\/putaendouno.cl\/wp-content\/uploads\/2013\/11\/matt-parisi.jpg 649w, https:\/\/putaendouno.cl\/wp-content\/uploads\/2013\/11\/matt-parisi-300x168.jpg 300w\" sizes=\"auto, (max-width: 649px) 100vw, 649px\" \/><\/a>Jueza se\u00f1ala que los dichos fueron &#8220;en un contexto de campa\u00f1a electoral&#8221;. Parisi apelar\u00e1.-<\/span><\/h3>\n<p>El 8\u00b0 Tribunal de Garant\u00eda de Santiago desech\u00f3\u00a0la querella por injurias graves y calumnia que present\u00f3 Franco Parisi contra Evelyn Matthei.<\/p>\n<p>La jueza Alicia Rosende\u00a0determin\u00f3 inadmisible la acci\u00f3n legal del candidato presidencial independiente, quien acus\u00f3 a la abanderada de la Alianza de atentar contra su honor, al asegurar que se rob\u00f3 m\u00e1s de 100 millones de pesos en cotizaciones previsionales de trabajadores de los colegios que administr\u00f3 en sociedad junto a su hermano, Antonino.<\/p>\n<p>Seg\u00fan la resoluci\u00f3n, la decisi\u00f3n se tom\u00f3 porque los hechos denunciados no constituyen delito.\u00a0En la resoluci\u00f3n se hace menci\u00f3n al &#8220;contexto&#8221; de las declaraciones, es decir, a la campa\u00f1a electoral.<\/p>\n<p>&#8220;Del solo an\u00e1lisis de los hechos expuestos en el libelo, y comoquiera que el querellante haya calificado los mismos -como delitos contra el honor-,<strong>\u00a0<\/strong>lo cierto es que claramente se desprende que los hechos relatados no son constitutivos de delito, toda vez que de la sola lectura no se advierte el dolo de afectaci\u00f3n al honor, analizado lo anterior en el &#8216;contexto&#8217; en que las imputaciones, acciones o expresiones se vertieron&#8221;, dice el documento.<\/p>\n<h3><span style=\"text-decoration: underline;\"><span style=\"color: #0000ff; text-decoration: underline;\">Reacci\u00f3n en Comando de Parisi<\/span><\/span><\/h3>\n<p>En tanto, el jefe de campa\u00f1a del comando del independiente Franco Parisi,\u00a0Dino Villegas, confirm\u00f3 que recurrir\u00e1n a la Corte de Apelaciones luego del rechazo de la querella por parte del\u00a08\u00b0 Tribunal de Garant\u00eda de Santiago.<\/p>\n<p>&#8220;Es un proceso que no ha terminado, sab\u00edamos que iba a ser dif\u00edcil luchar contra personas que han tenido impunidad siempre, por lo tanto sab\u00edamos que iba a ser un proceso complejo, por eso ahora esto pasa a la Corte de Apelaciones donde van a apelar nuestros abogados&#8221;, sostuvo Villegas.<\/p>\n<p>(Cp\/LT\/P1)<\/p>\n","protected":false},"excerpt":{"rendered":"<p>Jueza se\u00f1ala que los dichos fueron &#8220;en un contexto de campa\u00f1a electoral&#8221;. Parisi apelar\u00e1.- El 8\u00b0 Tribunal de Garant\u00eda de Santiago desech\u00f3\u00a0la querella por injurias graves y calumnia que present\u00f3 Franco Parisi contra Evelyn Matthei. La jueza Alicia Rosende\u00a0determin\u00f3 inadmisible la acci\u00f3n legal del candidato presidencial independiente, quien acus\u00f3 a la abanderada de la Alianza [&hellip;]<\/p>\n","protected":false},"author":1,"featured_media":8912,"comment_status":"open","ping_status":"open","sticky":false,"template":"","format":"standard","meta":{"footnotes":""},"categories":[15],"tags":[],"class_list":["post-8911","post","type-post","status-publish","format-standard","has-post-thumbnail","hentry","category-general"],"jetpack_sharing_enabled":true,"jetpack_featured_media_url":"https:\/\/putaendouno.cl\/wp-content\/uploads\/2013\/11\/matt-parisi.jpg","_links":{"self":[{"href":"https:\/\/putaendouno.cl\/index.php?rest_route=\/wp\/v2\/posts\/8911","targetHints":{"allow":["GET"]}}],"collection":[{"href":"https:\/\/putaendouno.cl\/index.php?rest_route=\/wp\/v2\/posts"}],"about":[{"href":"https:\/\/putaendouno.cl\/index.php?rest_route=\/wp\/v2\/types\/post"}],"author":[{"embeddable":true,"href":"https:\/\/putaendouno.cl\/index.php?rest_route=\/wp\/v2\/users\/1"}],"replies":[{"embeddable":true,"href":"https:\/\/putaendouno.cl\/index.php?rest_route=%2Fwp%2Fv2%2Fcomments&post=8911"}],"version-history":[{"count":2,"href":"https:\/\/putaendouno.cl\/index.php?rest_route=\/wp\/v2\/posts\/8911\/revisions"}],"predecessor-version":[{"id":8914,"href":"https:\/\/putaendouno.cl\/index.php?rest_route=\/wp\/v2\/posts\/8911\/revisions\/8914"}],"wp:featuredmedia":[{"embeddable":true,"href":"https:\/\/putaendouno.cl\/index.php?rest_route=\/wp\/v2\/media\/8912"}],"wp:attachment":[{"href":"https:\/\/putaendouno.cl\/index.php?rest_route=%2Fwp%2Fv2%2Fmedia&parent=8911"}],"wp:term":[{"taxonomy":"category","embeddable":true,"href":"https:\/\/putaendouno.cl\/index.php?rest_route=%2Fwp%2Fv2%2Fcategories&post=8911"},{"taxonomy":"post_tag","embeddable":true,"href":"https:\/\/putaendouno.cl\/index.php?rest_route=%2Fwp%2Fv2%2Ftags&post=8911"}],"curies":[{"name":"wp","href":"https:\/\/api.w.org\/{rel}","templated":true}]}}