{"id":8875,"date":"2013-11-03T01:20:10","date_gmt":"2013-11-03T04:20:10","guid":{"rendered":"http:\/\/putaendouno.cl\/?p=8875"},"modified":"2013-11-04T22:26:02","modified_gmt":"2013-11-05T01:26:02","slug":"nunez-anuncia-cierre-con-bachelet-en-los-andes","status":"publish","type":"post","link":"https:\/\/putaendouno.cl\/?p=8875","title":{"rendered":"N\u00fa\u00f1ez anuncia cierre con Bachelet en Los Andes y Putaendo"},"content":{"rendered":"<div class=\"lazysocialbuttons\" data-float=\"left\" data-buttons=\"google,twitter,facebook\" data-twshareurl=\"https:\/\/putaendouno.cl\/?p=8875\" data-twtext=\"\" data-shareurl=\"https:\/\/putaendouno.cl\/?p=8875\" data-fbhideflyout=\"false\" data-backgroundtype=\"light\"><\/div><h3><span style=\"color: #0000ff;\"><a href=\"http:\/\/putaendouno.cl\/wp-content\/uploads\/2013\/11\/avisita.jpg\"><img loading=\"lazy\" decoding=\"async\" class=\"aligncenter size-full wp-image-8876\" alt=\"avisita\" src=\"http:\/\/putaendouno.cl\/wp-content\/uploads\/2013\/11\/avisita.jpg\" width=\"640\" height=\"319\" srcset=\"https:\/\/putaendouno.cl\/wp-content\/uploads\/2013\/11\/avisita.jpg 640w, https:\/\/putaendouno.cl\/wp-content\/uploads\/2013\/11\/avisita-300x149.jpg 300w\" sizes=\"auto, (max-width: 640px) 100vw, 640px\" \/><\/a>La ex presidenta estar\u00e1 en Putaendo a las 16 hrs y luego cierra en Los Andes su campa\u00f1a en Aconcagua.-<\/span><\/h3>\n<p>\u201cDespu\u00e9s del multitudinario respaldo que tuvimos en Llay Llay, la Presidenta me confirm\u00f3 que participar\u00e1 del acto de cierre de campa\u00f1a que organizaremos el pr\u00f3ximo jueves 7 de noviembre en la comuna de Los Andes\u201d, agreg\u00f3 el parlamentario.<\/p>\n<p>El diputado Marco Antonio N\u00fa\u00f1ez confirm\u00f3 que Bachelet volver\u00e1 a visitar Aconcagua para participar de un masivo acto de cierre de campa\u00f1a que se realizar\u00e1 el pr\u00f3ximo jueves 7 de noviembre desde las 17:30 horas, en la esquina de las calles O\u2019Higgins con Maip\u00fa, en Los Andes. Previo a ello, estar\u00e1 en un acto en la plaza de Putaendo, a las 16 hrs.<\/p>\n<p>\u201cHemos escuchado su compromiso para fortalecer la red de protecci\u00f3n social y recuperar el sistema de salud p\u00fablico. Aumentar los especialistas, establecer un sistema de financiamiento solidario para los medicamentos, ampliar los programas de salud bucal para hombres y mujeres, en construir 4.500 nuevas salas cunas, entregar un Aporte Familiar Permanente en Marzo a 2 millones de familias y desmunicipalizar la educaci\u00f3n para que el Estado la garantice y los municipios dispongan de mayores recursos que beneficien a los ciudadanos y sus comunas\u201d, dijo el parlamentario sobre los anuncios program\u00e1ticos de la candidata presidencial.<\/p>\n<p>\u201cComo en sus visitas anteriores ella ha quedado muy contenta y me ha confirmado que el pr\u00f3ximo jueves 7 de noviembre participar\u00e1 de un masivo acto de cierre de campa\u00f1a que realizaremos en la comuna de Los Andes desde las 17:30 horas, y donde los asistentes podr\u00e1n disfrutar tambi\u00e9n de grupos musicales como la Sonora Tommy Rey y Chancho en Piedra. Desde ya, invitamos a toda la gente de Aconcagua a acompa\u00f1ar a la Presidenta Bachelet para que ese d\u00eda sea un acto masivo que anticipe el triunfo hist\u00f3rico que tendremos en las elecciones del pr\u00f3ximo domingo 17 de noviembre\u201d, se\u00f1al\u00f3 finalmente el diputado Marco Antonio N\u00fa\u00f1ez.<\/p>\n","protected":false},"excerpt":{"rendered":"<p>La ex presidenta estar\u00e1 en Putaendo a las 16 hrs y luego cierra en Los Andes su campa\u00f1a en Aconcagua.- \u201cDespu\u00e9s del multitudinario respaldo que tuvimos en Llay Llay, la Presidenta me confirm\u00f3 que participar\u00e1 del acto de cierre de campa\u00f1a que organizaremos el pr\u00f3ximo jueves 7 de noviembre en la comuna de Los Andes\u201d, [&hellip;]<\/p>\n","protected":false},"author":1,"featured_media":8876,"comment_status":"open","ping_status":"open","sticky":false,"template":"","format":"standard","meta":{"footnotes":""},"categories":[15,5],"tags":[],"class_list":["post-8875","post","type-post","status-publish","format-standard","has-post-thumbnail","hentry","category-general","category-aconcagua"],"jetpack_sharing_enabled":true,"jetpack_featured_media_url":"https:\/\/putaendouno.cl\/wp-content\/uploads\/2013\/11\/avisita.jpg","_links":{"self":[{"href":"https:\/\/putaendouno.cl\/index.php?rest_route=\/wp\/v2\/posts\/8875","targetHints":{"allow":["GET"]}}],"collection":[{"href":"https:\/\/putaendouno.cl\/index.php?rest_route=\/wp\/v2\/posts"}],"about":[{"href":"https:\/\/putaendouno.cl\/index.php?rest_route=\/wp\/v2\/types\/post"}],"author":[{"embeddable":true,"href":"https:\/\/putaendouno.cl\/index.php?rest_route=\/wp\/v2\/users\/1"}],"replies":[{"embeddable":true,"href":"https:\/\/putaendouno.cl\/index.php?rest_route=%2Fwp%2Fv2%2Fcomments&post=8875"}],"version-history":[{"count":2,"href":"https:\/\/putaendouno.cl\/index.php?rest_route=\/wp\/v2\/posts\/8875\/revisions"}],"predecessor-version":[{"id":8910,"href":"https:\/\/putaendouno.cl\/index.php?rest_route=\/wp\/v2\/posts\/8875\/revisions\/8910"}],"wp:featuredmedia":[{"embeddable":true,"href":"https:\/\/putaendouno.cl\/index.php?rest_route=\/wp\/v2\/media\/8876"}],"wp:attachment":[{"href":"https:\/\/putaendouno.cl\/index.php?rest_route=%2Fwp%2Fv2%2Fmedia&parent=8875"}],"wp:term":[{"taxonomy":"category","embeddable":true,"href":"https:\/\/putaendouno.cl\/index.php?rest_route=%2Fwp%2Fv2%2Fcategories&post=8875"},{"taxonomy":"post_tag","embeddable":true,"href":"https:\/\/putaendouno.cl\/index.php?rest_route=%2Fwp%2Fv2%2Ftags&post=8875"}],"curies":[{"name":"wp","href":"https:\/\/api.w.org\/{rel}","templated":true}]}}