{"id":22294,"date":"2017-08-22T10:13:00","date_gmt":"2017-08-22T14:13:00","guid":{"rendered":"http:\/\/putaendouno.cl\/?p=22294"},"modified":"2017-08-22T20:13:37","modified_gmt":"2017-08-23T00:13:37","slug":"cesfam-putaendo-en-paro","status":"publish","type":"post","link":"https:\/\/putaendouno.cl\/?p=22294","title":{"rendered":"Cesfam Putaendo en paro"},"content":{"rendered":"<div class=\"lazysocialbuttons\" data-float=\"left\" data-buttons=\"google,twitter,facebook\" data-twshareurl=\"https:\/\/putaendouno.cl\/?p=22294\" data-twtext=\"\" data-shareurl=\"https:\/\/putaendouno.cl\/?p=22294\" data-fbhideflyout=\"false\" data-backgroundtype=\"light\"><\/div><h2><span style=\"color: #0000ff;\"><a href=\"http:\/\/putaendouno.cl\/wp-content\/uploads\/2017\/08\/cesfamptdo.jpg\"><img loading=\"lazy\" decoding=\"async\" class=\"aligncenter size-full wp-image-22295\" src=\"http:\/\/putaendouno.cl\/wp-content\/uploads\/2017\/08\/cesfamptdo.jpg\" alt=\"\" width=\"640\" height=\"320\" srcset=\"https:\/\/putaendouno.cl\/wp-content\/uploads\/2017\/08\/cesfamptdo.jpg 640w, https:\/\/putaendouno.cl\/wp-content\/uploads\/2017\/08\/cesfamptdo-300x150.jpg 300w\" sizes=\"auto, (max-width: 640px) 100vw, 640px\" \/><\/a>Funcionarios se plegaron al paro nacional.-<\/span><\/h2>\n<div id=\"id_599c4a3c54cfb2a50792220\" class=\"text_exposed_root text_exposed\">\n<p>El Cesfam Valle de Los Libertadores decidi\u00f3 unirse al paro nacional convocado por la Confederaci\u00f3n Nacional de Funcionarios de la Salud Municipalizada (Confusam).<\/p>\n<p>Desde el Centro de Salud Familiar aseguraron que las horas m\u00e9dicas ser\u00e1n reprogramadas. Existen turnos \u00e9ticos y S\u00cd contin\u00faan atendiendo los siguientes servicios:<\/p>\n<p>&#8211; Entrega de medicamentos agendados para hoy.<br \/>\n&#8211; Entrega de alimentos.<br \/>\n&#8211; Urgencias odontol\u00f3gicas.<br \/>\n&#8211; Controles de embarazadas, tanto dental como de matronas.<br \/>\n&#8211; Plan de Vacunaci\u00f3n.<br \/>\n&#8211; Toma de muestras.<\/p>\n<p>El motivo de esta movilizaci\u00f3n que dura 24 horas, busca mejorar el trato entre usuarios y funcionarios. En el \u00faltimo tiempo, se han producido casos de extrema violencia en diferentes recintos de atenci\u00f3n primaria del pa\u00eds, incluyendo agresiones, golpes, asaltos, robos e intentos de homicidio.<\/p>\n<p>El Cecosf de Las Coimas est\u00e1 funcionando con normalidad. El paro solo una movilizaci\u00f3n de 24 hrs,o sea, e<span style=\"color: #0000ff;\">ste mi\u00e9rcoles todo funciona con normalidad.<\/span><\/p>\n<\/div>\n<div><\/div>\n<div>(IMP\/P1)<\/div>\n<p>&nbsp;<\/p>\n","protected":false},"excerpt":{"rendered":"<p>Funcionarios se plegaron al paro nacional.- El Cesfam Valle de Los Libertadores decidi\u00f3 unirse al paro nacional convocado por la Confederaci\u00f3n Nacional de Funcionarios de la Salud Municipalizada (Confusam). Desde el Centro de Salud Familiar aseguraron que las horas m\u00e9dicas ser\u00e1n reprogramadas. Existen turnos \u00e9ticos y S\u00cd contin\u00faan atendiendo los siguientes servicios: &#8211; Entrega de [&hellip;]<\/p>\n","protected":false},"author":1,"featured_media":22295,"comment_status":"open","ping_status":"open","sticky":false,"template":"","format":"standard","meta":{"footnotes":""},"categories":[15,4],"tags":[],"class_list":["post-22294","post","type-post","status-publish","format-standard","has-post-thumbnail","hentry","category-general","category-putaendo"],"jetpack_sharing_enabled":true,"jetpack_featured_media_url":"https:\/\/putaendouno.cl\/wp-content\/uploads\/2017\/08\/cesfamptdo.jpg","_links":{"self":[{"href":"https:\/\/putaendouno.cl\/index.php?rest_route=\/wp\/v2\/posts\/22294","targetHints":{"allow":["GET"]}}],"collection":[{"href":"https:\/\/putaendouno.cl\/index.php?rest_route=\/wp\/v2\/posts"}],"about":[{"href":"https:\/\/putaendouno.cl\/index.php?rest_route=\/wp\/v2\/types\/post"}],"author":[{"embeddable":true,"href":"https:\/\/putaendouno.cl\/index.php?rest_route=\/wp\/v2\/users\/1"}],"replies":[{"embeddable":true,"href":"https:\/\/putaendouno.cl\/index.php?rest_route=%2Fwp%2Fv2%2Fcomments&post=22294"}],"version-history":[{"count":2,"href":"https:\/\/putaendouno.cl\/index.php?rest_route=\/wp\/v2\/posts\/22294\/revisions"}],"predecessor-version":[{"id":22297,"href":"https:\/\/putaendouno.cl\/index.php?rest_route=\/wp\/v2\/posts\/22294\/revisions\/22297"}],"wp:featuredmedia":[{"embeddable":true,"href":"https:\/\/putaendouno.cl\/index.php?rest_route=\/wp\/v2\/media\/22295"}],"wp:attachment":[{"href":"https:\/\/putaendouno.cl\/index.php?rest_route=%2Fwp%2Fv2%2Fmedia&parent=22294"}],"wp:term":[{"taxonomy":"category","embeddable":true,"href":"https:\/\/putaendouno.cl\/index.php?rest_route=%2Fwp%2Fv2%2Fcategories&post=22294"},{"taxonomy":"post_tag","embeddable":true,"href":"https:\/\/putaendouno.cl\/index.php?rest_route=%2Fwp%2Fv2%2Ftags&post=22294"}],"curies":[{"name":"wp","href":"https:\/\/api.w.org\/{rel}","templated":true}]}}