{"id":22272,"date":"2017-08-18T01:56:31","date_gmt":"2017-08-18T05:56:31","guid":{"rendered":"http:\/\/putaendouno.cl\/?p=22272"},"modified":"2017-08-18T01:59:16","modified_gmt":"2017-08-18T05:59:16","slug":"choque-frontal-en-san-esteban-deja-un-fallecido","status":"publish","type":"post","link":"https:\/\/putaendouno.cl\/?p=22272","title":{"rendered":"Choque frontal en San Esteban deja un fallecido"},"content":{"rendered":"<div class=\"lazysocialbuttons\" data-float=\"left\" data-buttons=\"google,twitter,facebook\" data-twshareurl=\"https:\/\/putaendouno.cl\/?p=22272\" data-twtext=\"\" data-shareurl=\"https:\/\/putaendouno.cl\/?p=22272\" data-fbhideflyout=\"false\" data-backgroundtype=\"light\"><\/div><h2><span style=\"color: #0000ff;\"><a href=\"http:\/\/putaendouno.cl\/wp-content\/uploads\/2017\/08\/se12.gif\"><img loading=\"lazy\" decoding=\"async\" class=\"aligncenter size-full wp-image-22274\" src=\"http:\/\/putaendouno.cl\/wp-content\/uploads\/2017\/08\/se12.gif\" alt=\"\" width=\"640\" height=\"317\" \/><\/a>Putaendino de 53 a\u00f1os no pudo ser reanimado mientras era atendido por Samu.-<\/span><\/h2>\n<p>Una persona falleci\u00f3 y otra qued\u00f3 herida de consideraci\u00f3n tras un choque frontal entre una camioneta cargada con mallas de cebolla y un autom\u00f3vil, ocurrido la tarde de este jueves en la ruta E-755, en la cercan\u00eda de la rotonda El Higueral, en San Esteban.<\/p>\n<p>Mientras recib\u00eda atenci\u00f3n por parte de personal Samu, el conductor del autom\u00f3vil Suzuki Aerio, falleci\u00f3 en el lugar, siendo identificado como <span style=\"color: #0000ff;\">Luis Alberto L\u00f3pez Carrasco, de 53 a\u00f1os, con domicilio en Putaendo, <span style=\"color: #000000;\">suceso que enluta a toda la comunidad<\/span>.<\/span> El chofer de la camioneta Chevrolet LUV, <span style=\"color: #0000ff;\">Eduardo Silva Ch\u00e1vez, result\u00f3 con serias heridas<\/span>, debiendo ser trasladado al Hospital de Los Andes, con diagn\u00f3stico reservado, seg\u00fan consigna el diario virtual <span style=\"color: #0000ff;\">Los Andes On Line.<\/span><\/p>\n<p>El accidente ocurri\u00f3 poco antes de las 13 hrs, cuando el Suzuki, que transitaba hacia el oriente, al enfrentar la curva, al parecer perdi\u00f3 el control, cruzando el eje de la calzada y chocando de frente en forma violenta con la camioneta, que corr\u00eda en sentido contrario y por su pista. La violencia y fuerza del impacto implic\u00f3 que ambos conductores quedasen atrapados en sus respectivas cabinas, ante lo cual debi\u00f3 trabajar la unidad de recate de la 1\u00aa C\u00eda de Bomberos de San Esteban, para liberar a los dos choferes.<\/p>\n<p>Carabineros de San Esteban y Los Andes concurrieron al lugar, adem\u00e1s de bomberos y Samu. La Secci\u00f3n de Investigaci\u00f3n de Accidentes del Tr\u00e1nsito, SIAT, permaneci\u00f3 en el lugar para establecer las causas del accidente.<\/p>\n\n\t\t<style type=\"text\/css\">\n\t\t\t#gallery-1 {\n\t\t\t\tmargin: auto;\n\t\t\t}\n\t\t\t#gallery-1 .gallery-item {\n\t\t\t\tfloat: left;\n\t\t\t\tmargin-top: 10px;\n\t\t\t\ttext-align: center;\n\t\t\t\twidth: 33%;\n\t\t\t}\n\t\t\t#gallery-1 img {\n\t\t\t\tborder: 2px solid #cfcfcf;\n\t\t\t}\n\t\t\t#gallery-1 .gallery-caption {\n\t\t\t\tmargin-left: 0;\n\t\t\t}\n\t\t\t\/* see gallery_shortcode() in wp-includes\/media.php *\/\n\t\t<\/style>\n\t\t<div id='gallery-1' class='gallery galleryid-22272 gallery-columns-3 gallery-size-thumbnail'><dl class='gallery-item'>\n\t\t\t<dt class='gallery-icon landscape'>\n\t\t\t\t<a href='https:\/\/putaendouno.cl\/?attachment_id=22275'><img loading=\"lazy\" decoding=\"async\" width=\"150\" height=\"150\" src=\"https:\/\/putaendouno.cl\/wp-content\/uploads\/2017\/08\/SE-1\u00aacia-SE-150x150.jpg\" class=\"attachment-thumbnail size-thumbnail\" alt=\"\" \/><\/a>\n\t\t\t<\/dt><\/dl><dl class='gallery-item'>\n\t\t\t<dt class='gallery-icon landscape'>\n\t\t\t\t<a href='https:\/\/putaendouno.cl\/?attachment_id=22276'><img loading=\"lazy\" decoding=\"async\" width=\"150\" height=\"150\" src=\"https:\/\/putaendouno.cl\/wp-content\/uploads\/2017\/08\/se1-150x150.jpg\" class=\"attachment-thumbnail size-thumbnail\" alt=\"\" \/><\/a>\n\t\t\t<\/dt><\/dl><dl class='gallery-item'>\n\t\t\t<dt class='gallery-icon landscape'>\n\t\t\t\t<a href='https:\/\/putaendouno.cl\/?attachment_id=22277'><img loading=\"lazy\" decoding=\"async\" width=\"150\" height=\"150\" src=\"https:\/\/putaendouno.cl\/wp-content\/uploads\/2017\/08\/SE2-150x150.jpg\" class=\"attachment-thumbnail size-thumbnail\" alt=\"\" \/><\/a>\n\t\t\t<\/dt><\/dl><br style=\"clear: both\" \/>\n\t\t<\/div>\n\n<p>(AOL\/P1\/ Fotos: 1\u00aaSE\/AOL)<\/p>\n","protected":false},"excerpt":{"rendered":"<p>Putaendino de 53 a\u00f1os no pudo ser reanimado mientras era atendido por Samu.- Una persona falleci\u00f3 y otra qued\u00f3 herida de consideraci\u00f3n tras un choque frontal entre una camioneta cargada con mallas de cebolla y un autom\u00f3vil, ocurrido la tarde de este jueves en la ruta E-755, en la cercan\u00eda de la rotonda El Higueral, [&hellip;]<\/p>\n","protected":false},"author":1,"featured_media":22274,"comment_status":"open","ping_status":"open","sticky":false,"template":"","format":"standard","meta":{"footnotes":""},"categories":[15,5],"tags":[],"class_list":["post-22272","post","type-post","status-publish","format-standard","has-post-thumbnail","hentry","category-general","category-aconcagua"],"jetpack_sharing_enabled":true,"jetpack_featured_media_url":"https:\/\/putaendouno.cl\/wp-content\/uploads\/2017\/08\/se12.gif","_links":{"self":[{"href":"https:\/\/putaendouno.cl\/index.php?rest_route=\/wp\/v2\/posts\/22272","targetHints":{"allow":["GET"]}}],"collection":[{"href":"https:\/\/putaendouno.cl\/index.php?rest_route=\/wp\/v2\/posts"}],"about":[{"href":"https:\/\/putaendouno.cl\/index.php?rest_route=\/wp\/v2\/types\/post"}],"author":[{"embeddable":true,"href":"https:\/\/putaendouno.cl\/index.php?rest_route=\/wp\/v2\/users\/1"}],"replies":[{"embeddable":true,"href":"https:\/\/putaendouno.cl\/index.php?rest_route=%2Fwp%2Fv2%2Fcomments&post=22272"}],"version-history":[{"count":4,"href":"https:\/\/putaendouno.cl\/index.php?rest_route=\/wp\/v2\/posts\/22272\/revisions"}],"predecessor-version":[{"id":22280,"href":"https:\/\/putaendouno.cl\/index.php?rest_route=\/wp\/v2\/posts\/22272\/revisions\/22280"}],"wp:featuredmedia":[{"embeddable":true,"href":"https:\/\/putaendouno.cl\/index.php?rest_route=\/wp\/v2\/media\/22274"}],"wp:attachment":[{"href":"https:\/\/putaendouno.cl\/index.php?rest_route=%2Fwp%2Fv2%2Fmedia&parent=22272"}],"wp:term":[{"taxonomy":"category","embeddable":true,"href":"https:\/\/putaendouno.cl\/index.php?rest_route=%2Fwp%2Fv2%2Fcategories&post=22272"},{"taxonomy":"post_tag","embeddable":true,"href":"https:\/\/putaendouno.cl\/index.php?rest_route=%2Fwp%2Fv2%2Ftags&post=22272"}],"curies":[{"name":"wp","href":"https:\/\/api.w.org\/{rel}","templated":true}]}}