{"id":22226,"date":"2017-08-13T19:33:47","date_gmt":"2017-08-13T23:33:47","guid":{"rendered":"http:\/\/putaendouno.cl\/?p=22226"},"modified":"2017-08-13T19:33:47","modified_gmt":"2017-08-13T23:33:47","slug":"asesinado-por-la-dictadura","status":"publish","type":"post","link":"https:\/\/putaendouno.cl\/?p=22226","title":{"rendered":"\u00a1Asesinado por la dictadura!"},"content":{"rendered":"<div class=\"lazysocialbuttons\" data-float=\"left\" data-buttons=\"google,twitter,facebook\" data-twshareurl=\"https:\/\/putaendouno.cl\/?p=22226\" data-twtext=\"\" data-shareurl=\"https:\/\/putaendouno.cl\/?p=22226\" data-fbhideflyout=\"false\" data-backgroundtype=\"light\"><\/div><h2><span style=\"color: #0000ff;\"><a href=\"http:\/\/putaendouno.cl\/wp-content\/uploads\/2017\/08\/frei.jpg\"><img loading=\"lazy\" decoding=\"async\" class=\"aligncenter size-full wp-image-22227\" src=\"http:\/\/putaendouno.cl\/wp-content\/uploads\/2017\/08\/frei.jpg\" alt=\"\" width=\"640\" height=\"320\" srcset=\"https:\/\/putaendouno.cl\/wp-content\/uploads\/2017\/08\/frei.jpg 640w, https:\/\/putaendouno.cl\/wp-content\/uploads\/2017\/08\/frei-300x150.jpg 300w\" sizes=\"auto, (max-width: 640px) 100vw, 640px\" \/><\/a>Ex Presidente Eduardo Frei Montalva fue v\u00edctima del primer magnicidio ocurrido en Chile.-<\/span><\/h2>\n<p><span style=\"color: #0000ff;\"><strong>Por el delito de homicidio<\/strong>,<\/span> el ministro en visita, Alejandro Madrid, present\u00f3 una<span style=\"color: #0000ff;\">\u00a0<strong>acusaci\u00f3n en contra de los seis procesados por la muerte del expresidente Eduardo Frei Montalva<\/strong><\/span>, ocurrida en la <strong><span style=\"color: #0000ff;\">Cl\u00ednica Santa Mar\u00eda el 22 de enero de 1982.<\/span><\/strong><\/p>\n<p><span style=\"color: #0000ff;\">El magistrado acus\u00f3 al exchofer de Frei y exagente de la Central Nacional de Informaciones (CNI), Luis Becerra; al m\u00e9dico que oper\u00f3 a Frei de una hernia, Patricio Silva; y al exagente de la Dina y del Ej\u00e9rcito, Ra\u00fal Lillo.<\/span><\/p>\n<p><span style=\"color: #0000ff;\">Madrid acus\u00f3 como c\u00f3mplice al m\u00e9dico Pedro Valdivia, quien prestaba servicios a la CNI, y como encubridores a los tanat\u00f3logos de la Universidad Cat\u00f3lica, Elmar Rosenberg y Sergio Gonz\u00e1lez.<\/span><\/p>\n<p>Una vez dictada la acusaci\u00f3n, los querellantes en la causa pueden hacerse parte de la misma, o bien presentar una propia, lo cual se debe decidir en esta indagatoria. A su vez, defensores pueden formular sus descargos.<\/p>\n<p>Luego,\u00a0<strong>el ministro Madrid deber\u00e1 dictar fallo de primera instancia<\/strong>, el que puede ser revisado por la Corte de Apelaciones y por la Corte Suprema.<\/p>\n<p>La muerte de Frei se debi\u00f3, seg\u00fan el ministro, a una septicemia generalizada, pero \u00e9sta habr\u00eda sido ocasionada por la\u00a0<strong>inoculaci\u00f3n de gas mostaza<\/strong>.<\/p>\n<p>De esta forma, se ratifica la acusaci\u00f3n se\u00f1alada por el querellante de la Democracia Cristiana, el abogado Luciano Fouillioux, respecto al deceso del expresidente.<\/p>\n<p>\u201c(El ministro Madrid) entendi\u00f3 que se legisl\u00f3 una suerte de convicci\u00f3n judicial para levantar cargos definitivos en contra de las personas que estaban siendo investigadas anteriormente, y esos cargos se traducen en lo que es la acusaci\u00f3n\u201d, indic\u00f3 Fouillioux.<\/p>\n<p><span style=\"color: #0000ff;\">\u201c<strong>(Frei) fue asesinado<\/strong>,\u00a0<strong>as\u00ed es lo que dice el ministro y es lo que nosotros hemos sostenido<\/strong>. Hoy la acusaci\u00f3n es por el homicidio del presidente Frei Montalva\u201d, sentenci\u00f3.<\/span><\/p>\n<p>La confirmaci\u00f3n de la acusaci\u00f3n se dio a conocer en una actividad de la presidenta de la Democracia Cristiana y candidata presidencial,<span style=\"color: #0000ff;\"> Carolina Goic, quien se reuni\u00f3 con parte de la familia del ex mandatario.<\/span><\/p>\n<p><span style=\"color: #0000ff;\">\u201cEste es un paso decisivo, porque significa que el, durante una larga investigaci\u00f3n, ha tenido los antecedentes que lo llevan a dictar esta sentencia y, por lo tanto, aqu\u00ed esta la evidencia del asesinato\u201d, puntualiz\u00f3 Goic.<\/span><\/p>\n<p><span style=\"color: #0000ff;\">\u201c<strong>Hoy d\u00eda hemos sabido la resoluci\u00f3n del juez y estamos muy conmovidos<\/strong>. Han sido a\u00f1os, 17 a\u00f1os desde que entramos en querella ante la Justicia. Ha sido (\u2026) un tiempo largo, doloroso, pero hoy el juez ratifica la sentencia (\u2026) lo que hab\u00eda dictado hace 7 a\u00f1os\u201d, sostuvo la hija del fallecido exmandatario, Carmen Frei.<\/span><\/p>\n<p><span style=\"color: #0000ff;\">\u201c<strong>Duele mucho saber todo lo que sufri\u00f3<\/strong>, y todos los vej\u00e1menes que sufri\u00f3 su cuerpo.<\/span> Un hecho que a mi me causa mucho dolor\u201d, a\u00f1adi\u00f3 Carmen.<\/p>\n<p>En la instancia, la hija del expresidente fue enf\u00e1tica en declarar que todo lo que le ocurri\u00f3 a su padre sucedi\u00f3 por ser consecuente y por haber actuado con fuerza frente a la dictadura de Augusto Pinochet.<\/p>\n<p>Los restos de Frei Montalva han sido exhumados en dos ocasiones para verificar si fue envenenado o no.<\/p>\n<p>Por el momento, sigue pendiente el informe realizado por el perito espa\u00f1ol, Aurelio Lunam, que estableci\u00f3 que no era posible poder determinar la presencia de gas mostaza y talio en los restos del expresidente.<\/p>\n<p>Lo anterior debe ser discutido durante el proceso que comienza ahora y que estima que dure unos nueve meses, en cuanto a todos lo que se debe realizar en materia judicial.<\/p>\n","protected":false},"excerpt":{"rendered":"<p>Ex Presidente Eduardo Frei Montalva fue v\u00edctima del primer magnicidio ocurrido en Chile.- Por el delito de homicidio, el ministro en visita, Alejandro Madrid, present\u00f3 una\u00a0acusaci\u00f3n en contra de los seis procesados por la muerte del expresidente Eduardo Frei Montalva, ocurrida en la Cl\u00ednica Santa Mar\u00eda el 22 de enero de 1982. El magistrado acus\u00f3 [&hellip;]<\/p>\n","protected":false},"author":1,"featured_media":22227,"comment_status":"open","ping_status":"open","sticky":false,"template":"","format":"standard","meta":{"footnotes":""},"categories":[15],"tags":[],"class_list":["post-22226","post","type-post","status-publish","format-standard","has-post-thumbnail","hentry","category-general"],"jetpack_sharing_enabled":true,"jetpack_featured_media_url":"https:\/\/putaendouno.cl\/wp-content\/uploads\/2017\/08\/frei.jpg","_links":{"self":[{"href":"https:\/\/putaendouno.cl\/index.php?rest_route=\/wp\/v2\/posts\/22226","targetHints":{"allow":["GET"]}}],"collection":[{"href":"https:\/\/putaendouno.cl\/index.php?rest_route=\/wp\/v2\/posts"}],"about":[{"href":"https:\/\/putaendouno.cl\/index.php?rest_route=\/wp\/v2\/types\/post"}],"author":[{"embeddable":true,"href":"https:\/\/putaendouno.cl\/index.php?rest_route=\/wp\/v2\/users\/1"}],"replies":[{"embeddable":true,"href":"https:\/\/putaendouno.cl\/index.php?rest_route=%2Fwp%2Fv2%2Fcomments&post=22226"}],"version-history":[{"count":1,"href":"https:\/\/putaendouno.cl\/index.php?rest_route=\/wp\/v2\/posts\/22226\/revisions"}],"predecessor-version":[{"id":22228,"href":"https:\/\/putaendouno.cl\/index.php?rest_route=\/wp\/v2\/posts\/22226\/revisions\/22228"}],"wp:featuredmedia":[{"embeddable":true,"href":"https:\/\/putaendouno.cl\/index.php?rest_route=\/wp\/v2\/media\/22227"}],"wp:attachment":[{"href":"https:\/\/putaendouno.cl\/index.php?rest_route=%2Fwp%2Fv2%2Fmedia&parent=22226"}],"wp:term":[{"taxonomy":"category","embeddable":true,"href":"https:\/\/putaendouno.cl\/index.php?rest_route=%2Fwp%2Fv2%2Fcategories&post=22226"},{"taxonomy":"post_tag","embeddable":true,"href":"https:\/\/putaendouno.cl\/index.php?rest_route=%2Fwp%2Fv2%2Ftags&post=22226"}],"curies":[{"name":"wp","href":"https:\/\/api.w.org\/{rel}","templated":true}]}}