{"id":22191,"date":"2017-08-09T11:03:51","date_gmt":"2017-08-09T15:03:51","guid":{"rendered":"http:\/\/putaendouno.cl\/?p=22191"},"modified":"2017-08-09T11:03:51","modified_gmt":"2017-08-09T15:03:51","slug":"la-dina-usaba-ropa-de-johnsons-biografia-no-autorizada-de-don-francisco","status":"publish","type":"post","link":"https:\/\/putaendouno.cl\/?p=22191","title":{"rendered":"&#8220;La Dina usaba ropa de Johnson&#8217;s&#8221;: Biograf\u00eda no autorizada de Don Francisco"},"content":{"rendered":"<div class=\"lazysocialbuttons\" data-float=\"left\" data-buttons=\"google,twitter,facebook\" data-twshareurl=\"https:\/\/putaendouno.cl\/?p=22191\" data-twtext=\"\" data-shareurl=\"https:\/\/putaendouno.cl\/?p=22191\" data-fbhideflyout=\"false\" data-backgroundtype=\"light\"><\/div><h2><span style=\"color: #0000ff;\"><a href=\"http:\/\/putaendouno.cl\/wp-content\/uploads\/2017\/08\/df.jpg\"><img loading=\"lazy\" decoding=\"async\" class=\"aligncenter size-full wp-image-22192\" src=\"http:\/\/putaendouno.cl\/wp-content\/uploads\/2017\/08\/df.jpg\" alt=\"\" width=\"640\" height=\"321\" srcset=\"https:\/\/putaendouno.cl\/wp-content\/uploads\/2017\/08\/df.jpg 640w, https:\/\/putaendouno.cl\/wp-content\/uploads\/2017\/08\/df-300x150.jpg 300w\" sizes=\"auto, (max-width: 640px) 100vw, 640px\" \/><\/a>Periodista Laura Landaeta lanza libro &#8220;Don Francisco, Biograf\u00eda no autorizada de un gigante&#8221;.-<\/span><\/h2>\n<p>\u00bfFue o no amigo de\u00a0<strong>Manuel Contreras<\/strong>?, \u00bfhubo alg\u00fan tipo de manipulaci\u00f3n en el juicio de paternidad en su contra?, \u00bfes la\u00a0<strong>Telet\u00f3n<\/strong>\u00a0un negocio?, \u00bfc\u00f3mo fue su relaci\u00f3n con\u00a0<strong>Pinochet, Bachelet y Pi\u00f1era<\/strong>?, \u00bfqu\u00e9 pas\u00f3 con la modelo mexicana que lo acus\u00f3 de acoso sexual?, \u00bfpor qu\u00e9 termin\u00f3 su programa\u00a0<strong>S\u00e1bado Gigante<\/strong>\u00a0realmente?<\/p>\n<p>Son algunas de las preguntas que la periodista\u00a0<strong>Laura Landaeta<\/strong>\u00a0pretende responder en su libro \u201c<strong>Don Francisco, Biograf\u00eda no autorizada de un gigante<\/strong>\u201c, revelando secretos desconocidos de la vida del animador de televisi\u00f3n m\u00e1s importante de Chile y Latinoam\u00e9rica.<\/p>\n<p>La autora, en di\u00e1logo con Radio<strong>\u00a0B\u00edo B\u00edo<\/strong>, coment\u00f3 que \u201celeg\u00ed a Don Francisco porque\u00a0<strong>no solo es un comunicador, sino que es un tremendo estratega<\/strong>, un personaje muy importante de la transici\u00f3n a la democracia y de los \u00faltimos a\u00f1os, m\u00e1s all\u00e1 del tiempo que lleve en televisi\u00f3n, es un gran art\u00edfice de cosas que trascienden al mero espect\u00e1culo. Fue muy dif\u00edcil porque es un personaje que vemos mucho, pero sabemos muy poco\u201d.<\/p>\n<p>\u201cComo muchos chilenos crec\u00ed viendo \u2018S\u00e1bados Gigantes\u2019, entonces ten\u00eda la imagen de un Mario Kreutzberger que tenemos, o ten\u00edamos, todos los espectadores. Enfrentarme a este personaje que, en cierta forma, te amedrenta (cuando intent\u00f3 entrevistarlo por la demanda de acoso sexual en Estados Unidos), por todo lo que implica su figura. (\u2026)\u00a0<strong>He tenido encuentros y desencuentros a lo largo de mi carrera con Don Francisco<\/strong>\u00a0y lo relato, porque no solo lo viv\u00ed yo, sino que siempre hay un testigo que puede dar fe de que ocurrieron\u201d, a\u00f1adi\u00f3.<\/p>\n<p>En el libro, adem\u00e1s, Landaeta entrega detalles poco conocidos sobre c\u00f3mo funcionaba la\u00a0<strong>Telet\u00f3n<\/strong>. \u201c<strong>Es una obra que merece transparencia<\/strong>, que se hagan balances completos, que se transparenten los gastos, los costos, etc\u00e9tera.\u00a0<strong>Aqu\u00ed lo que uno critica no es la causa, sino el c\u00f3mo se maneja<\/strong>. En cierta forma, las personas que terminan conversando conmigo y entreg\u00e1ndome informaci\u00f3n est\u00e1n un poco apegados a esa idea, como de limpiar la imagen de la Telet\u00f3n, de permitir que siga funcionando sin tanto cuestionamiento y sin tanta sombra entre medio\u201d.<\/p>\n<div id=\"attachment_2603131\" class=\"wp-caption aligncenter\"><img loading=\"lazy\" decoding=\"async\" class=\"size-full wp-image-2603131\" title=\"Pablo Vera | Agencia Uno\" src=\"http:\/\/media.biobiochile.cl\/wp-content\/uploads\/2016\/02\/teleton.jpg\" alt=\"Pablo Vera | Agencia Uno\" width=\"730\" height=\"350\" \/><\/p>\n<p class=\"wp-caption-text\">Pablo Vera | Agencia Uno<\/p>\n<\/div>\n<p>Otro de los \u00edtem destacados es la relaci\u00f3n que tuvo Kreutzberger con el dictador\u00a0<strong>Augusto Pinochet y con Manuel Contreras<\/strong>, en cuyo cap\u00edtulo expone una entrevista a una persona que trabaj\u00f3 en la DINA, que relata este \u2018mito urbano\u2019. \u201cCuento detalles de la relaci\u00f3n que tuvo, particularmente, con Contreras y hay datos muy reveladores, como que\u00a0<strong>la DINA usaba ropa de Johnson\u2019s<\/strong>, se vest\u00edan con el auspicio de Johnson\u2019s. De toda la investigaci\u00f3n fue lo m\u00e1s dif\u00edcil de constatar\u201d, relat\u00f3.<\/p>\n<p>La empresa, fundada por la familia Calder\u00f3n y que hasta el 2011 fue propiedad de Empresas Ripley cuando fue vendida a Cencosud,\u00a0<strong>era constantemente promocionada por Don Francisco<\/strong>. Adem\u00e1s, fue auspiciador de la\u00a0<strong>Telet\u00f3n<\/strong>\u00a0desde 1978 hasta el 2010.<\/p>\n<p>Incluso, la periodista se\u00f1al\u00f3 que d\u00edas antes de publicar el libro, recibi\u00f3 una llamada de la oficina de\u00a0<strong>Enrique Correa<\/strong>, \u201cporque iba a asesorar a Mario Kreutzberger en este tema\u201d.<\/p>\n<p>\u201cTelevisivamente,\u00a0<strong>Don Francisco sigue siendo una figura de primer nivel<\/strong>, la m\u00e1s importante que tenemos, independiente que no est\u00e9 al aire. (\u2026) En temas empresariales y pol\u00edticos, siempre ha estado ligado a figuras de mucho poder,\u00a0<strong>es un articulador important\u00edsimo de la actualidad del pa\u00eds<\/strong>\u201c, sentenci\u00f3.<\/p>\n<p>(BBCL\/P1)<\/p>\n","protected":false},"excerpt":{"rendered":"<p>Periodista Laura Landaeta lanza libro &#8220;Don Francisco, Biograf\u00eda no autorizada de un gigante&#8221;.- \u00bfFue o no amigo de\u00a0Manuel Contreras?, \u00bfhubo alg\u00fan tipo de manipulaci\u00f3n en el juicio de paternidad en su contra?, \u00bfes la\u00a0Telet\u00f3n\u00a0un negocio?, \u00bfc\u00f3mo fue su relaci\u00f3n con\u00a0Pinochet, Bachelet y Pi\u00f1era?, \u00bfqu\u00e9 pas\u00f3 con la modelo mexicana que lo acus\u00f3 de acoso sexual?, [&hellip;]<\/p>\n","protected":false},"author":1,"featured_media":22192,"comment_status":"open","ping_status":"open","sticky":false,"template":"","format":"standard","meta":{"footnotes":""},"categories":[7,15],"tags":[],"class_list":["post-22191","post","type-post","status-publish","format-standard","has-post-thumbnail","hentry","category-nacionales-y-otras","category-general"],"jetpack_sharing_enabled":true,"jetpack_featured_media_url":"https:\/\/putaendouno.cl\/wp-content\/uploads\/2017\/08\/df.jpg","_links":{"self":[{"href":"https:\/\/putaendouno.cl\/index.php?rest_route=\/wp\/v2\/posts\/22191","targetHints":{"allow":["GET"]}}],"collection":[{"href":"https:\/\/putaendouno.cl\/index.php?rest_route=\/wp\/v2\/posts"}],"about":[{"href":"https:\/\/putaendouno.cl\/index.php?rest_route=\/wp\/v2\/types\/post"}],"author":[{"embeddable":true,"href":"https:\/\/putaendouno.cl\/index.php?rest_route=\/wp\/v2\/users\/1"}],"replies":[{"embeddable":true,"href":"https:\/\/putaendouno.cl\/index.php?rest_route=%2Fwp%2Fv2%2Fcomments&post=22191"}],"version-history":[{"count":2,"href":"https:\/\/putaendouno.cl\/index.php?rest_route=\/wp\/v2\/posts\/22191\/revisions"}],"predecessor-version":[{"id":22194,"href":"https:\/\/putaendouno.cl\/index.php?rest_route=\/wp\/v2\/posts\/22191\/revisions\/22194"}],"wp:featuredmedia":[{"embeddable":true,"href":"https:\/\/putaendouno.cl\/index.php?rest_route=\/wp\/v2\/media\/22192"}],"wp:attachment":[{"href":"https:\/\/putaendouno.cl\/index.php?rest_route=%2Fwp%2Fv2%2Fmedia&parent=22191"}],"wp:term":[{"taxonomy":"category","embeddable":true,"href":"https:\/\/putaendouno.cl\/index.php?rest_route=%2Fwp%2Fv2%2Fcategories&post=22191"},{"taxonomy":"post_tag","embeddable":true,"href":"https:\/\/putaendouno.cl\/index.php?rest_route=%2Fwp%2Fv2%2Ftags&post=22191"}],"curies":[{"name":"wp","href":"https:\/\/api.w.org\/{rel}","templated":true}]}}