{"id":22169,"date":"2017-08-07T12:24:56","date_gmt":"2017-08-07T16:24:56","guid":{"rendered":"http:\/\/putaendouno.cl\/?p=22169"},"modified":"2017-08-07T19:16:45","modified_gmt":"2017-08-07T23:16:45","slug":"en-dia-del-campesino-reconocen-a-participantes-de-la-reforma-agraria","status":"publish","type":"post","link":"https:\/\/putaendouno.cl\/?p=22169","title":{"rendered":"En D\u00eda del Campesino reconocen a participantes de la Reforma Agraria"},"content":{"rendered":"<div class=\"lazysocialbuttons\" data-float=\"left\" data-buttons=\"google,twitter,facebook\" data-twshareurl=\"https:\/\/putaendouno.cl\/?p=22169\" data-twtext=\"\" data-shareurl=\"https:\/\/putaendouno.cl\/?p=22169\" data-fbhideflyout=\"false\" data-backgroundtype=\"light\"><\/div><h2><span style=\"color: #0000ff;\"><strong><a href=\"http:\/\/putaendouno.cl\/wp-content\/uploads\/2017\/08\/dc6.jpg\"><img loading=\"lazy\" decoding=\"async\" class=\"aligncenter size-full wp-image-22170\" src=\"http:\/\/putaendouno.cl\/wp-content\/uploads\/2017\/08\/dc6.jpg\" alt=\"\" width=\"640\" height=\"321\" srcset=\"https:\/\/putaendouno.cl\/wp-content\/uploads\/2017\/08\/dc6.jpg 640w, https:\/\/putaendouno.cl\/wp-content\/uploads\/2017\/08\/dc6-300x150.jpg 300w\" sizes=\"auto, (max-width: 640px) 100vw, 640px\" \/><\/a>En Llay Llay y ante autoridades regionales distinguen a agricultores.-<\/strong><\/span><\/h2>\n<p>En la medialuna del sector Santa Rosa, en la comuna de Llay Llay, este s\u00e1bado 5 de agosto se celebr\u00f3 el D\u00eda Regional del Campesino 2017, que este a\u00f1o tuvo una connotaci\u00f3n especial por conmemorarse los 50 a\u00f1os de la promulgaci\u00f3n de la leyes de\u00a0<span style=\"color: #0000ff;\">Reforma Agraria y de Sindicalizaci\u00f3n Campesina, promulgadas durante el gobierno de Eduardo Frei Montalva.<\/span><\/p>\n<p>Fueron 10 agricultores de toda la Regi\u00f3n de Valpara\u00edso, participantes directos de la Reforma Agraria, quienes recibieron un <a href=\"http:\/\/putaendouno.cl\/wp-content\/uploads\/2017\/08\/IMG-20170806-WA0001-1.jpg\"><img loading=\"lazy\" decoding=\"async\" class=\"alignleft wp-image-22171\" src=\"http:\/\/putaendouno.cl\/wp-content\/uploads\/2017\/08\/IMG-20170806-WA0001-1-300x200.jpg\" alt=\"\" width=\"233\" height=\"155\" srcset=\"https:\/\/putaendouno.cl\/wp-content\/uploads\/2017\/08\/IMG-20170806-WA0001-1-300x200.jpg 300w, https:\/\/putaendouno.cl\/wp-content\/uploads\/2017\/08\/IMG-20170806-WA0001-1.jpg 640w\" sizes=\"auto, (max-width: 233px) 100vw, 233px\" \/><\/a>reconocimiento de parte del Gobierno. La\u00a0<span style=\"color: #0000ff;\">Asociaci\u00f3n de Agricultores de Putaendo AG\u00a0present\u00f3 a don\u00a0Manuel Mu\u00f1oz Calder\u00f3n<\/span>,\u00a0como uno de los testimonios directos de la Reforma Agraria en Putaendo, quien recibi\u00f3 el reconocimiento respectivo y que mas tarde luci\u00f3 orgulloso con su extensa familia. Don Manuel recibi\u00f3 el galvano de manos del <span style=\"color: #0000ff;\">Presidente del Consejo Regional, Rolando Stevenson, y del alcalde de Llay Llay, Edgardo Gonz\u00e1lez.<\/span><\/p>\n<p>El resto de los premiados fueron Jaime G\u00f3mez, de la comuna de Quillota; Sofanor P\u00e9rez Villalobos, de la comuna de Petorca; Rosalindo Riquelme, de la comuna de Santo Domingo; Jos\u00e9 N\u00fa\u00f1ez, de la comuna de Quilpu\u00e9; Evaristo L\u00f3pez, de la comuna de Calle Larga; Joaqu\u00edn Rold\u00e1n, de la comuna de Nogales; Francisco Bustamante, de la comuna de La Ligua; Rosamel Catal\u00e1n de Casablanca y Emilio Henr\u00edquez, de la comuna de Llay Llay.<\/p>\n<p>Rolando Stevenson, en su alocuci\u00f3n, reconoci\u00f3 <span style=\"color: #0000ff;\">&#8220;en el proceso de Reforma Agraria la dignificaci\u00f3n del campesinado, con la erradicaci\u00f3n del inquilinaje y los abusos patronales de la \u00e9poca&#8221;.<\/span> Remarc\u00f3 que dicha reforma es tal vez <span style=\"color: #0000ff;\">&#8220;el proceso de cambio m\u00e1s importante que ha vivido Chile en el \u00faltimo siglo&#8221;.<\/span><\/p>\n<p>En la multitudinaria fiesta tambi\u00e9n estuvieron presentes los senadores <span style=\"color: #0000ff;\">Ignacio Walker e Isabel Allende<\/span>, diputados y candidatos a diputado por los nuevos distritos de la Regi\u00f3n de Valpara\u00edso, los consejeros regionales <span style=\"color: #0000ff;\">Iv\u00e1n Reyes y Mario Sotolicchio<\/span>, varios alcaldes y dirigentes del sector agrario. La <span style=\"color: #0000ff;\">candidata presidencial Carolina Goic (DC)<\/span> tambi\u00e9n lleg\u00f3 al acto, salud\u00f3 a las familias campesinas presentes y hasta bail\u00f3 muy bien unos pie de cueca, recibiendo mucho cari\u00f1o de parte de la gente.<\/p>\n<p>INDAP y el municipio de Llay Llay organizaron tambi\u00e9n una serie de actividades, como una muestra artesanal y la exposici\u00f3n fotogr\u00e1fica \u201c50 a\u00f1os de la Reforma Agraria\u201d con im\u00e1genes recopiladas de todo el pa\u00eds con escenas de la vida en el campo en los a\u00f1os sesenta y setenta.<\/p>\n\n\t\t<style type=\"text\/css\">\n\t\t\t#gallery-1 {\n\t\t\t\tmargin: auto;\n\t\t\t}\n\t\t\t#gallery-1 .gallery-item {\n\t\t\t\tfloat: left;\n\t\t\t\tmargin-top: 10px;\n\t\t\t\ttext-align: center;\n\t\t\t\twidth: 33%;\n\t\t\t}\n\t\t\t#gallery-1 img {\n\t\t\t\tborder: 2px solid #cfcfcf;\n\t\t\t}\n\t\t\t#gallery-1 .gallery-caption {\n\t\t\t\tmargin-left: 0;\n\t\t\t}\n\t\t\t\/* see gallery_shortcode() in wp-includes\/media.php *\/\n\t\t<\/style>\n\t\t<div id='gallery-1' class='gallery galleryid-22169 gallery-columns-3 gallery-size-thumbnail'><dl class='gallery-item'>\n\t\t\t<dt class='gallery-icon landscape'>\n\t\t\t\t<a href='https:\/\/putaendouno.cl\/?attachment_id=22175'><img loading=\"lazy\" decoding=\"async\" width=\"150\" height=\"150\" src=\"https:\/\/putaendouno.cl\/wp-content\/uploads\/2017\/08\/dc1-150x150.jpg\" class=\"attachment-thumbnail size-thumbnail\" alt=\"\" \/><\/a>\n\t\t\t<\/dt><\/dl><dl class='gallery-item'>\n\t\t\t<dt class='gallery-icon landscape'>\n\t\t\t\t<a href='https:\/\/putaendouno.cl\/?attachment_id=22176'><img loading=\"lazy\" decoding=\"async\" width=\"150\" height=\"150\" src=\"https:\/\/putaendouno.cl\/wp-content\/uploads\/2017\/08\/dc2-150x150.jpg\" class=\"attachment-thumbnail size-thumbnail\" alt=\"\" \/><\/a>\n\t\t\t<\/dt><\/dl><dl class='gallery-item'>\n\t\t\t<dt class='gallery-icon landscape'>\n\t\t\t\t<a href='https:\/\/putaendouno.cl\/?attachment_id=22177'><img loading=\"lazy\" decoding=\"async\" width=\"150\" height=\"150\" src=\"https:\/\/putaendouno.cl\/wp-content\/uploads\/2017\/08\/dc3-150x150.jpg\" class=\"attachment-thumbnail size-thumbnail\" alt=\"\" \/><\/a>\n\t\t\t<\/dt><\/dl><br style=\"clear: both\" \/><dl class='gallery-item'>\n\t\t\t<dt class='gallery-icon landscape'>\n\t\t\t\t<a href='https:\/\/putaendouno.cl\/?attachment_id=22178'><img loading=\"lazy\" decoding=\"async\" width=\"150\" height=\"150\" src=\"https:\/\/putaendouno.cl\/wp-content\/uploads\/2017\/08\/dc4-150x150.jpg\" class=\"attachment-thumbnail size-thumbnail\" alt=\"\" \/><\/a>\n\t\t\t<\/dt><\/dl><dl class='gallery-item'>\n\t\t\t<dt class='gallery-icon landscape'>\n\t\t\t\t<a href='https:\/\/putaendouno.cl\/?attachment_id=22179'><img loading=\"lazy\" decoding=\"async\" width=\"150\" height=\"150\" src=\"https:\/\/putaendouno.cl\/wp-content\/uploads\/2017\/08\/dc5-150x150.jpg\" class=\"attachment-thumbnail size-thumbnail\" alt=\"\" \/><\/a>\n\t\t\t<\/dt><\/dl><dl class='gallery-item'>\n\t\t\t<dt class='gallery-icon landscape'>\n\t\t\t\t<a href='https:\/\/putaendouno.cl\/?attachment_id=22181'><img loading=\"lazy\" decoding=\"async\" width=\"150\" height=\"150\" src=\"https:\/\/putaendouno.cl\/wp-content\/uploads\/2017\/08\/dcgoic-150x150.jpg\" class=\"attachment-thumbnail size-thumbnail\" alt=\"\" \/><\/a>\n\t\t\t<\/dt><\/dl><br style=\"clear: both\" \/><dl class='gallery-item'>\n\t\t\t<dt class='gallery-icon landscape'>\n\t\t\t\t<a href='https:\/\/putaendouno.cl\/?attachment_id=22182'><img loading=\"lazy\" decoding=\"async\" width=\"150\" height=\"150\" src=\"https:\/\/putaendouno.cl\/wp-content\/uploads\/2017\/08\/IMG-20170806-WA0000-150x150.jpg\" class=\"attachment-thumbnail size-thumbnail\" alt=\"\" \/><\/a>\n\t\t\t<\/dt><\/dl><dl class='gallery-item'>\n\t\t\t<dt class='gallery-icon landscape'>\n\t\t\t\t<a href='https:\/\/putaendouno.cl\/?attachment_id=22183'><img loading=\"lazy\" decoding=\"async\" width=\"150\" height=\"150\" src=\"https:\/\/putaendouno.cl\/wp-content\/uploads\/2017\/08\/IMG-20170806-WA0003-150x150.jpg\" class=\"attachment-thumbnail size-thumbnail\" alt=\"\" \/><\/a>\n\t\t\t<\/dt><\/dl><dl class='gallery-item'>\n\t\t\t<dt class='gallery-icon landscape'>\n\t\t\t\t<a href='https:\/\/putaendouno.cl\/?attachment_id=22171'><img loading=\"lazy\" decoding=\"async\" width=\"150\" height=\"150\" src=\"https:\/\/putaendouno.cl\/wp-content\/uploads\/2017\/08\/IMG-20170806-WA0001-1-150x150.jpg\" class=\"attachment-thumbnail size-thumbnail\" alt=\"\" \/><\/a>\n\t\t\t<\/dt><\/dl><br style=\"clear: both\" \/>\n\t\t<\/div>\n\n","protected":false},"excerpt":{"rendered":"<p>En Llay Llay y ante autoridades regionales distinguen a agricultores.- En la medialuna del sector Santa Rosa, en la comuna de Llay Llay, este s\u00e1bado 5 de agosto se celebr\u00f3 el D\u00eda Regional del Campesino 2017, que este a\u00f1o tuvo una connotaci\u00f3n especial por conmemorarse los 50 a\u00f1os de la promulgaci\u00f3n de la leyes de\u00a0Reforma [&hellip;]<\/p>\n","protected":false},"author":1,"featured_media":22170,"comment_status":"open","ping_status":"open","sticky":false,"template":"","format":"standard","meta":{"footnotes":""},"categories":[15,5],"tags":[],"class_list":["post-22169","post","type-post","status-publish","format-standard","has-post-thumbnail","hentry","category-general","category-aconcagua"],"jetpack_sharing_enabled":true,"jetpack_featured_media_url":"https:\/\/putaendouno.cl\/wp-content\/uploads\/2017\/08\/dc6.jpg","_links":{"self":[{"href":"https:\/\/putaendouno.cl\/index.php?rest_route=\/wp\/v2\/posts\/22169","targetHints":{"allow":["GET"]}}],"collection":[{"href":"https:\/\/putaendouno.cl\/index.php?rest_route=\/wp\/v2\/posts"}],"about":[{"href":"https:\/\/putaendouno.cl\/index.php?rest_route=\/wp\/v2\/types\/post"}],"author":[{"embeddable":true,"href":"https:\/\/putaendouno.cl\/index.php?rest_route=\/wp\/v2\/users\/1"}],"replies":[{"embeddable":true,"href":"https:\/\/putaendouno.cl\/index.php?rest_route=%2Fwp%2Fv2%2Fcomments&post=22169"}],"version-history":[{"count":4,"href":"https:\/\/putaendouno.cl\/index.php?rest_route=\/wp\/v2\/posts\/22169\/revisions"}],"predecessor-version":[{"id":22184,"href":"https:\/\/putaendouno.cl\/index.php?rest_route=\/wp\/v2\/posts\/22169\/revisions\/22184"}],"wp:featuredmedia":[{"embeddable":true,"href":"https:\/\/putaendouno.cl\/index.php?rest_route=\/wp\/v2\/media\/22170"}],"wp:attachment":[{"href":"https:\/\/putaendouno.cl\/index.php?rest_route=%2Fwp%2Fv2%2Fmedia&parent=22169"}],"wp:term":[{"taxonomy":"category","embeddable":true,"href":"https:\/\/putaendouno.cl\/index.php?rest_route=%2Fwp%2Fv2%2Fcategories&post=22169"},{"taxonomy":"post_tag","embeddable":true,"href":"https:\/\/putaendouno.cl\/index.php?rest_route=%2Fwp%2Fv2%2Ftags&post=22169"}],"curies":[{"name":"wp","href":"https:\/\/api.w.org\/{rel}","templated":true}]}}