{"id":22164,"date":"2017-08-06T21:13:55","date_gmt":"2017-08-07T01:13:55","guid":{"rendered":"http:\/\/putaendouno.cl\/?p=22164"},"modified":"2017-08-07T11:58:23","modified_gmt":"2017-08-07T15:58:23","slug":"pistolero-causa-panico-en-el-dia-del-nino-en-putaendo","status":"publish","type":"post","link":"https:\/\/putaendouno.cl\/?p=22164","title":{"rendered":"Pistolero causa p\u00e1nico en el D\u00eda del Ni\u00f1o en Putaendo"},"content":{"rendered":"<div class=\"lazysocialbuttons\" data-float=\"left\" data-buttons=\"google,twitter,facebook\" data-twshareurl=\"https:\/\/putaendouno.cl\/?p=22164\" data-twtext=\"\" data-shareurl=\"https:\/\/putaendouno.cl\/?p=22164\" data-fbhideflyout=\"false\" data-backgroundtype=\"light\"><\/div><h2><span style=\"color: #0000ff;\"><a href=\"http:\/\/putaendouno.cl\/wp-content\/uploads\/2017\/08\/parque12.jpg\"><img loading=\"lazy\" decoding=\"async\" class=\"aligncenter size-full wp-image-22166\" src=\"http:\/\/putaendouno.cl\/wp-content\/uploads\/2017\/08\/parque12.jpg\" alt=\"\" width=\"640\" height=\"320\" srcset=\"https:\/\/putaendouno.cl\/wp-content\/uploads\/2017\/08\/parque12.jpg 640w, https:\/\/putaendouno.cl\/wp-content\/uploads\/2017\/08\/parque12-300x150.jpg 300w\" sizes=\"auto, (max-width: 640px) 100vw, 640px\" \/><\/a>Un sujeto sac\u00f3 un arma para amenazar a otro en medio de los ni\u00f1os y sus familias que disfrutaban en el Parque Municipal.-<\/span><\/h2>\n<p>En medio de la multitudinaria fiesta que se realizaba en el Parque Municipal, con motivo del D\u00eda del Ni\u00f1o, donde ni\u00f1os y sus familias disfrutaban de una agradable tarde de juegos y sorpresas, un individuo sac\u00f3 un arma, para, en medio de una disputa, amenazar a otro apunt\u00e1ndole, lo que origin\u00f3 la inmediata huida de los presentes, que corrieron a tomar a sus hijos para hacer abandono del parque.<\/p>\n<p><a href=\"http:\/\/putaendouno.cl\/wp-content\/uploads\/2017\/08\/Mauri.jpg\"><img loading=\"lazy\" decoding=\"async\" class=\"alignleft wp-image-22165\" src=\"http:\/\/putaendouno.cl\/wp-content\/uploads\/2017\/08\/Mauri-218x300.jpg\" alt=\"\" width=\"137\" height=\"189\" srcset=\"https:\/\/putaendouno.cl\/wp-content\/uploads\/2017\/08\/Mauri-218x300.jpg 218w, https:\/\/putaendouno.cl\/wp-content\/uploads\/2017\/08\/Mauri.jpg 533w\" sizes=\"auto, (max-width: 137px) 100vw, 137px\" \/><\/a><span style=\"color: #0000ff;\">Mauricio Gonz\u00e1lez,<\/span> director de <span style=\"color: #0000ff;\">&#8220;Putaendo en Im\u00e1genes&#8221;<\/span> y locutor de una radio en Los Andes, narr\u00f3 as\u00ed su propia y angustiante experiencia: <span style=\"color: #0000ff;\">&#8220;Esta tarde en el parque municipal de Putaendo, todos quienes compart\u00edamos con nuestros hijos el D\u00eda del Ni\u00f1o vivimos una experiencia casi traum\u00e1tica. Un hombre lleg\u00f3 pistola en mano apuntando a otro que se escond\u00eda entre adultos y ni\u00f1os. En ese momento me encontraba con mi hijo en el carro de completos, cuando un joven se escond\u00eda entre la gente. Y al mirar de quien se escond\u00eda, uno con pistola apuntaba a todos buscando al otro tipo. Tome a mi hijo en brazos y al igual que la\u00a0<span class=\"text_exposed_show\">mayor\u00eda de la gente corrimos hacia la medialuna. Muchos padres corr\u00edan con sus hijos en brazos sin siquiera saber qu\u00e9 pasaba.<br \/>\nUna vez calmada la situaci\u00f3n salimos lo mas r\u00e1pido posible con mi hijo y su mam\u00e1. Y habr\u00eda sido la tarde del D\u00eda del Ni\u00f1o. La gente iba saliendo en masa del parque y se sub\u00eda a sus veh\u00edculos. El parque qued\u00f3 con muy poca gente.<br \/>\nCERO SEGURIDAD. NING\u00daN GUARDIA NI CARABINERO ESTABA EN EL LUGAR DONDE HAB\u00cdAN CIENTOS DE NI\u00d1OS.\u00a0Como m\u00ednimo debiese haber seguridad en una actividad llena de ni\u00f1os.\u00a0Fue una experiencia dif\u00edcil&#8230;&#8221;.<\/span><\/span><\/p>\n<p><span style=\"color: #0000ff;\">Carabineros<\/span>, a trav\u00e9s del <span style=\"color: #0000ff;\">Subteniente Marcelo Gonz\u00e1lez<\/span>, inform\u00f3 que se inici\u00f3 un patrullaje por el centro de Putaendo y pocos minutos m\u00e1s tarde <span style=\"color: #0000ff;\">se detuvo a tres personas<\/span>, sindicados previamente como los autores del hecho. Reiter\u00f3 que no hubo disparos, como se inform\u00f3 preliminarmente, sino que se trat\u00f3 de amenazas con un arma de fuego.<\/p>\n<p>El alcalde\u00a0Guillermo Reyes\u00a0y la Municipalidad de Putaendo, en un comunicado en redes sociales, lamentaron y condenaron el hecho de violencia. El municipio insisti\u00f3 en que se trat\u00f3 de un hecho puntual. No obstante, el alcalde reconoce con responsabilidad que a la hora del incidente no hab\u00eda resguardo policial en el Parque. Para pr\u00f3ximas actividades similares habr\u00e1 mejor coordinaci\u00f3n con Carabineros.<\/p>\n<p>Aunque no hubo disparos, el hecho sin duda reviste gravedad y habr\u00e1 que tomar resguardos, especialmente cuando se espera masiva concurrencia de p\u00fablico. Afortunadamente no hay desgracias que lamentar.<\/p>\n<p>&nbsp;<\/p>\n<div class=\"text_exposed_show\"><\/div>\n","protected":false},"excerpt":{"rendered":"<p>Un sujeto sac\u00f3 un arma para amenazar a otro en medio de los ni\u00f1os y sus familias que disfrutaban en el Parque Municipal.- En medio de la multitudinaria fiesta que se realizaba en el Parque Municipal, con motivo del D\u00eda del Ni\u00f1o, donde ni\u00f1os y sus familias disfrutaban de una agradable tarde de juegos y [&hellip;]<\/p>\n","protected":false},"author":1,"featured_media":22166,"comment_status":"open","ping_status":"open","sticky":false,"template":"","format":"standard","meta":{"footnotes":""},"categories":[15,4],"tags":[],"class_list":["post-22164","post","type-post","status-publish","format-standard","has-post-thumbnail","hentry","category-general","category-putaendo"],"jetpack_sharing_enabled":true,"jetpack_featured_media_url":"https:\/\/putaendouno.cl\/wp-content\/uploads\/2017\/08\/parque12.jpg","_links":{"self":[{"href":"https:\/\/putaendouno.cl\/index.php?rest_route=\/wp\/v2\/posts\/22164","targetHints":{"allow":["GET"]}}],"collection":[{"href":"https:\/\/putaendouno.cl\/index.php?rest_route=\/wp\/v2\/posts"}],"about":[{"href":"https:\/\/putaendouno.cl\/index.php?rest_route=\/wp\/v2\/types\/post"}],"author":[{"embeddable":true,"href":"https:\/\/putaendouno.cl\/index.php?rest_route=\/wp\/v2\/users\/1"}],"replies":[{"embeddable":true,"href":"https:\/\/putaendouno.cl\/index.php?rest_route=%2Fwp%2Fv2%2Fcomments&post=22164"}],"version-history":[{"count":1,"href":"https:\/\/putaendouno.cl\/index.php?rest_route=\/wp\/v2\/posts\/22164\/revisions"}],"predecessor-version":[{"id":22167,"href":"https:\/\/putaendouno.cl\/index.php?rest_route=\/wp\/v2\/posts\/22164\/revisions\/22167"}],"wp:featuredmedia":[{"embeddable":true,"href":"https:\/\/putaendouno.cl\/index.php?rest_route=\/wp\/v2\/media\/22166"}],"wp:attachment":[{"href":"https:\/\/putaendouno.cl\/index.php?rest_route=%2Fwp%2Fv2%2Fmedia&parent=22164"}],"wp:term":[{"taxonomy":"category","embeddable":true,"href":"https:\/\/putaendouno.cl\/index.php?rest_route=%2Fwp%2Fv2%2Fcategories&post=22164"},{"taxonomy":"post_tag","embeddable":true,"href":"https:\/\/putaendouno.cl\/index.php?rest_route=%2Fwp%2Fv2%2Ftags&post=22164"}],"curies":[{"name":"wp","href":"https:\/\/api.w.org\/{rel}","templated":true}]}}