{"id":19598,"date":"2016-11-29T23:52:49","date_gmt":"2016-11-30T02:52:49","guid":{"rendered":"http:\/\/putaendouno.cl\/?p=19598"},"modified":"2016-11-29T23:52:49","modified_gmt":"2016-11-30T02:52:49","slug":"aeronatica-colombiana-publica-lista-de-71-victimas-de-accidente","status":"publish","type":"post","link":"https:\/\/putaendouno.cl\/?p=19598","title":{"rendered":"Aeron\u00e1tica colombiana publica lista de 71 v\u00edctimas de accidente"},"content":{"rendered":"<div class=\"lazysocialbuttons\" data-float=\"left\" data-buttons=\"google,twitter,facebook\" data-twshareurl=\"https:\/\/putaendouno.cl\/?p=19598\" data-twtext=\"\" data-shareurl=\"https:\/\/putaendouno.cl\/?p=19598\" data-fbhideflyout=\"false\" data-backgroundtype=\"light\"><\/div><div class=\"article-1-col-left\"><\/div>\n<div>\n<div class=\"body-area has-related\">\n<div class=\"article-body\">\n<h2><span style=\"color: #0000ff;\"><a href=\"http:\/\/putaendouno.cl\/wp-content\/uploads\/2016\/11\/chape1-1.jpeg\"><img loading=\"lazy\" decoding=\"async\" class=\"aligncenter size-full wp-image-19600\" src=\"http:\/\/putaendouno.cl\/wp-content\/uploads\/2016\/11\/chape1-1.jpeg\" alt=\"chape1\" width=\"640\" height=\"321\" srcset=\"https:\/\/putaendouno.cl\/wp-content\/uploads\/2016\/11\/chape1-1.jpeg 640w, https:\/\/putaendouno.cl\/wp-content\/uploads\/2016\/11\/chape1-1-300x150.jpeg 300w\" sizes=\"auto, (max-width: 640px) 100vw, 640px\" \/><\/a>Solo seis sobrevivientes. Arquero Jakson Follmann fue amputado de pierna derecha en el hospital.-<\/span><\/h2>\n<p>La Aeron\u00e1utica Civil de Colombia revel\u00f3 la lista de los seis sobrevivientes y las 71\u00a0v\u00edctimas del accidente del avi\u00f3n que transportaba a la delegaci\u00f3n del equipo brasile\u00f1o de f\u00fatbol Chapecoense, ocurrido en el Cerro El Gordo en el municipio de La Uni\u00f3n del departamento de Antoquia, situado a 38 kil\u00f3metros de Medell\u00edn.<\/p>\n<p>\u201cSe da por terminada la b\u00fasqueda y rescate de las personas que ven\u00edan del vuelo (\u2026) El balance es el siguiente: <span style=\"color: #0000ff;\">seis personas heridas y 71 personas fallecidas para un total de 77 personas<\/span>\u201d, dijo a periodistas el director de la <strong>Unidad Nacional para la Gesti\u00f3n del Riesgo de Desastres (UNGRD)<\/strong>, Carlos Iv\u00e1n M\u00e1rquez. Inicialmente, se hab\u00eda dicho que el avi\u00f3n ten\u00eda 81 personas dentro, pero hubo cuatro que no lo abordaron. Las seis personas que fueron rescatadas con vida est\u00e1n internadas en distintos hospitales de Colombia.<\/p>\n<p><span style=\"color: #0000ff;\">Los sobrevivientes son los jugadores Alan Ruschel, Jakson Follmann y Helio Zampier;\u00a0el periodista Rafael Valmorbida;\u00a0la auxiliar de vuelo Ximena Su\u00e1rez y el t\u00e9cnico de vuelo Erwin Turmin,<\/span> tal como se\u00f1al\u00f3 el comunicado que entreg\u00f3 la\u00a0Aeron\u00e1utica Civil de Colombia.<\/p>\n<p><span style=\"color: #0000ff;\">Respecto a las v\u00edctimas\u00a0mortales,\u00a0los\u00a0delegados del equipo Chapecoense\u00a0que fallecieron son: Ananias Castro, Arthur Maia, Bruno Rangel, Aiton\u00a0Alves, Cleber Santana, Marcos Padilha, Dener Assun\u00e7\u00e3o, Filipe Machado, Jos\u00e9 Paiva, Guilherme de Souza, Everton Kempes, Lucas da Silva, Matheus Bitencourt, H\u00e9lio Zampier, S\u00e9rgio\u00a0Barbosa y William Thiego.<\/span><\/p>\n<p>En\u00a0la lista tambi\u00e9n\u00a0se integran los nombres de\u00a0<span style=\"color: #0000ff;\">Tiago da Rocha, Marcelo Mathias, Mateus Lucena dos Santos, Luiz Saroli, Eduardo de Castro Filho, Anderson\u00a0Paixau Ara\u00fajo, Anderson Martins, Marcio Bestene\u00a0Koury, Rafael Correa\u00a0Gobbato, Luiz\u00a0Martins\u00a0Cunha, Luiz Grohs, S\u00e9rgio\u00a0Ferreira, Anderson Donizette, Andriano Bitencourt, Cleberson Fernando da Silva.<\/span><\/p>\n<p>Adem\u00e1s, aparecen reconocidos como v\u00edctimas fatales del accidente\u00a0<span style=\"color: #0000ff;\">Emersson Domenico, Eduardo Preuss, Mauro Stumpf, Sandro Pallaoro, Nilson Jr. Decio Filho, Jandir Bordignon, Gilberto Thomaz, Mauro Bello, Edir De Marco, Dav\u00ed Barela D\u00e1vi, Ricardo Porto, Delfim P\u00e1dua, Peixoto Filho, Sandro Pallaoro.<\/span><\/p>\n<p>Se agregan los nombres de <span style=\"color: #0000ff;\">Plinio de Nes, Luciano Buligon, Gelson Merisio, Nilson Folle Jr; Decio Burtet, Jardir Bordignon, Gilberto Pace, Mauro dal Bello, Edir de Marco, Darv\u00ed Barela, Ricardo Pilippi y Delfim\u00a0Peixoto.\u00a0<\/span><\/p>\n<p>De acuerdo con reportes desde Colombia y Brasil, los periodistas fallecidos que acompa\u00f1aban al equipo son <span style=\"color: #0000ff;\">los periodistas\u00a0Victorino Miranda, Rodrigo Santana Gon\u00e7alves, Devair Paschoalon, Lilacio Pereira Jr, Paulo Moraes, M\u00e1rio Pontes,\u00a0todos correspondientes a la cadena deportiva FOX Sport.<\/span><\/p>\n<p><span style=\"color: #0000ff;\">Del diario Globo viajaban los periodistas\u00a0Guilherme Marques, Ari de Ara\u00fajo Jr. y Guilherme Laars. Adem\u00e1s de Giovane Klein Vict\u00f3ria (reportero de RBS TV de Chapec\u00f3), Bruno Mauri da Silva (t\u00e9cnico de RBS TV de Florian\u00f3polis), Djalma Ara\u00fajo Neto (camar\u00f3grafo de RBS TV de Florian\u00f3polis).<\/span><\/p>\n<p><span style=\"color: #0000ff;\">Tambi\u00e9n Andr\u00e9 Goulart (reportero del Diario Catarinense), Laion Machado Esp\u00edndola (reportero de Chapec\u00f3), Renan Agnolin, Fernando Schardong, Edson Ebeliny, Gelson Galiotto, Douglas Dorneles, Jacir Biavatti e Iv\u00e1n Agnoletto.<\/span><\/p>\n<p><span style=\"color: #0000ff;\">De la tripulaci\u00f3n fallecieron Miguel Quiroga, Ovar Goytia, Sisy Arias, Romel Vacaflores, Alex Quispe y Angel Lugo.<\/span><\/p>\n<p>(PUB\/JO\/P1)\n<\/p><\/div>\n<div class=\"html-component\">\n<div class=\"SandboxRoot env-bp-350\" data-twitter-event-id=\"0\">\n<div id=\"twitter-widget-0\" class=\"EmbeddedTweet EmbeddedTweet--mediaForward media-forward js-clickToOpenTarget js-tweetIdInfo\" lang=\"es\" data-click-to-open-target=\"https:\/\/twitter.com\/AerocivilCol\/status\/803514657965228032\" data-iframe-title=\"Tweet de Twitter\" data-dt-full=\"%{hours24}:%{minutes} - %{day} %{month} %{year}\" data-dt-months=\"ene|feb|mar|abr|Mayo|jun|jul|ago|sep|oct|nov|dic\" data-dt-am=\"AM\" data-dt-pm=\"PM\" data-dt-now=\"ahora\" data-dt-s=\"s\" data-dt-m=\"m\" data-dt-h=\"h\" data-dt-second=\"segundo\" data-dt-seconds=\"segundos\" data-dt-minute=\"minuto\" data-dt-minutes=\"minutos\" data-dt-hour=\"hora\" data-dt-hours=\"horas\" data-dt-abbr=\"%{number}%{symbol}\" data-dt-short=\"%{day} %{month}\" data-dt-long=\"%{day} %{month} %{year}\" data-scribe=\"page:tweet\" data-tweet-id=\"803514657965228032\" data-twitter-event-id=\"1\">\n<article class=\"MediaCard\n           MediaCard--mediaForward\n\n           customisable-border\" dir=\"ltr\" data-scribe=\"component:card\"><\/p>\n<div class=\"MediaCard-mediaContainer js-cspForcedStyle\" data-style=\"padding-bottom: 50%\">\n<div class=\"MediaCard-mediaAsset\n                ImageGrid\n                ImageGrid--3\n                ImageGrid--roundedTop\n                \"><a class=\"ImageGrid-image\n                  ImageGrid-image-0\n                  CroppedImage\n                  CroppedImage--fillWidth\n                  \" href=\"http:\/\/twitter.com\/AerocivilCol\/status\/803514657965228032\/photo\/1\"><img loading=\"lazy\" decoding=\"async\" class=\"CroppedImage-image js-cspForcedStyle\" title=\"Ver imagen en Twitter\" src=\"https:\/\/pbs.twimg.com\/media\/CyaoKU8W8AAaVgF.jpg:small\" alt=\"Ver imagen en Twitter\" width=\"878\" height=\"1139\" data-srcset=\"https%3A%2F%2Fpbs.twimg.com%2Fmedia%2FCyaoKU8W8AAaVgF.jpg%3Alarge 878w,https%3A%2F%2Fpbs.twimg.com%2Fmedia%2FCyaoKU8W8AAaVgF.jpg 878w,https%3A%2F%2Fpbs.twimg.com%2Fmedia%2FCyaoKU8W8AAaVgF.jpg%3Asmall 524w\" data-style=\";\n                    top:-14%;\" \/><\/a><a class=\"ImageGrid-image\n                  ImageGrid-image-1\n                  CroppedImage\n                  CroppedImage--fillWidth\n                  \" href=\"http:\/\/twitter.com\/AerocivilCol\/status\/803514657965228032\/photo\/1\"><img loading=\"lazy\" decoding=\"async\" class=\"CroppedImage-image js-cspForcedStyle\" title=\"Ver imagen en Twitter\" src=\"https:\/\/pbs.twimg.com\/media\/CyaoLi1WQAA_OjK.jpg:small\" alt=\"Ver imagen en Twitter\" width=\"1059\" height=\"1200\" data-srcset=\"https%3A%2F%2Fpbs.twimg.com%2Fmedia%2FCyaoLi1WQAA_OjK.jpg%3Alarge 1061w,https%3A%2F%2Fpbs.twimg.com%2Fmedia%2FCyaoLi1WQAA_OjK.jpg 1059w,https%3A%2F%2Fpbs.twimg.com%2Fmedia%2FCyaoLi1WQAA_OjK.jpg%3Asmall 600w\" data-style=\";\n                    top:-63%;\" \/><\/a><a class=\"ImageGrid-image\n                  ImageGrid-image-2\n                  CroppedImage\n                  CroppedImage--fillWidth\n                  \" href=\"http:\/\/twitter.com\/AerocivilCol\/status\/803514657965228032\/photo\/1\"><img loading=\"lazy\" decoding=\"async\" class=\"CroppedImage-image js-cspForcedStyle\" title=\"Ver imagen en Twitter\" src=\"https:\/\/pbs.twimg.com\/media\/CyaoM-5XEAEdNq9.jpg:small\" alt=\"Ver imagen en Twitter\" width=\"988\" height=\"1198\" data-srcset=\"https%3A%2F%2Fpbs.twimg.com%2Fmedia%2FCyaoM-5XEAEdNq9.jpg%3Alarge 988w,https%3A%2F%2Fpbs.twimg.com%2Fmedia%2FCyaoM-5XEAEdNq9.jpg 988w,https%3A%2F%2Fpbs.twimg.com%2Fmedia%2FCyaoM-5XEAEdNq9.jpg%3Asmall 561w\" data-style=\";\n                    top:-71%;\" \/><\/a><\/div>\n<\/div>\n<\/article>\n<div class=\"EmbeddedTweet-tweet\">\n<blockquote class=\"Tweet h-entry js-tweetIdInfo subject expanded \n<p>                    is-deciderHtmlWhitespace\" cite=\"https:\/\/twitter.com\/AerocivilCol\/status\/803514657965228032\" data-tweet-id=\"803514657965228032\" data-scribe=\"section:subject\"><\/p>\n<div class=\"Tweet-header u-cf\">\n<div class=\"Tweet-brand u-floatRight\">\n<div class=\"Icon Icon--twitter \" title=\"\"><\/div>\n<p><span class=\"u-hiddenInNarrowEnv\"><a class=\"FollowButton follow-button profile\" title=\"Seguir a AERON\u00c1UTICA CIVIL en Twitter\" href=\"https:\/\/twitter.com\/AerocivilCol\" data-scribe=\"component:followbutton\">Seguir<\/a><\/span><\/div>\n<div class=\"TweetAuthor \" data-scribe=\"component:author\"><a class=\"TweetAuthor-link Identity u-linkBlend\" href=\"https:\/\/twitter.com\/AerocivilCol\" data-scribe=\"element:user_link\"><span class=\"TweetAuthor-avatar Identity-avatar\"><img decoding=\"async\" class=\"Avatar\" src=\"https:\/\/pbs.twimg.com\/profile_images\/715665441549631491\/x62B5dOF_normal.jpg\" alt=\"\" data-scribe=\"element:avatar\" data-src-2x=\"https:\/\/pbs.twimg.com\/profile_images\/715665441549631491\/x62B5dOF_bigger.jpg\" data-src-1x=\"https:\/\/pbs.twimg.com\/profile_images\/715665441549631491\/x62B5dOF_normal.jpg\" \/><\/span><span class=\"TweetAuthor-name Identity-name customisable-highlight\" title=\"AERON\u00c1UTICA CIVIL\" data-scribe=\"element:name\">AERON\u00c1UTICA CIVIL<\/span> <span class=\"TweetAuthor-screenName Identity-screenName\" dir=\"ltr\" title=\"@AerocivilCol\" data-scribe=\"element:screen_name\">@AerocivilCol<\/span><\/a><\/div>\n<\/div>\n<div class=\"Tweet-body e-entry-content\" data-scribe=\"component:tweet\">\n<p class=\"Tweet-text e-entry-title\" dir=\"ltr\" lang=\"es\">Aerocivil publica el listado de pasajeros del vuelo de Lamia CP 2933 que transportaba delegaci\u00f3n deportiva <a class=\"link customisable\" dir=\"ltr\" title=\"https:\/\/www.facebook.com\/Aerocivil-Col-184913868210638\/\" href=\"https:\/\/t.co\/kHymbYbYai\" target=\"_blank\" rel=\"nofollow\" data-expanded-url=\"https:\/\/www.facebook.com\/Aerocivil-Col-184913868210638\/\" data-scribe=\"element:url\"><span class=\"u-hiddenVisually\">https:\/\/www.<\/span>facebook.com\/Aerocivil-Col-<span class=\"u-hiddenVisually\">184913868210638\/\u00a0<\/span>\u2026<\/a><\/p>\n<div class=\"Tweet-metadata dateline\"><\/div>\n<\/div>\n<\/blockquote>\n<\/div>\n<\/div>\n<\/div>\n<\/div>\n<\/div>\n<\/div>\n<div class=\"fact-related-box\"><\/div>\n","protected":false},"excerpt":{"rendered":"<p>Solo seis sobrevivientes. Arquero Jakson Follmann fue amputado de pierna derecha en el hospital.- La Aeron\u00e1utica Civil de Colombia revel\u00f3 la lista de los seis sobrevivientes y las 71\u00a0v\u00edctimas del accidente del avi\u00f3n que transportaba a la delegaci\u00f3n del equipo brasile\u00f1o de f\u00fatbol Chapecoense, ocurrido en el Cerro El Gordo en el municipio de La [&hellip;]<\/p>\n","protected":false},"author":1,"featured_media":19600,"comment_status":"open","ping_status":"open","sticky":false,"template":"","format":"standard","meta":{"footnotes":""},"categories":[15],"tags":[],"class_list":["post-19598","post","type-post","status-publish","format-standard","has-post-thumbnail","hentry","category-general"],"jetpack_sharing_enabled":true,"jetpack_featured_media_url":"https:\/\/putaendouno.cl\/wp-content\/uploads\/2016\/11\/chape1-1.jpeg","_links":{"self":[{"href":"https:\/\/putaendouno.cl\/index.php?rest_route=\/wp\/v2\/posts\/19598","targetHints":{"allow":["GET"]}}],"collection":[{"href":"https:\/\/putaendouno.cl\/index.php?rest_route=\/wp\/v2\/posts"}],"about":[{"href":"https:\/\/putaendouno.cl\/index.php?rest_route=\/wp\/v2\/types\/post"}],"author":[{"embeddable":true,"href":"https:\/\/putaendouno.cl\/index.php?rest_route=\/wp\/v2\/users\/1"}],"replies":[{"embeddable":true,"href":"https:\/\/putaendouno.cl\/index.php?rest_route=%2Fwp%2Fv2%2Fcomments&post=19598"}],"version-history":[{"count":1,"href":"https:\/\/putaendouno.cl\/index.php?rest_route=\/wp\/v2\/posts\/19598\/revisions"}],"predecessor-version":[{"id":19601,"href":"https:\/\/putaendouno.cl\/index.php?rest_route=\/wp\/v2\/posts\/19598\/revisions\/19601"}],"wp:featuredmedia":[{"embeddable":true,"href":"https:\/\/putaendouno.cl\/index.php?rest_route=\/wp\/v2\/media\/19600"}],"wp:attachment":[{"href":"https:\/\/putaendouno.cl\/index.php?rest_route=%2Fwp%2Fv2%2Fmedia&parent=19598"}],"wp:term":[{"taxonomy":"category","embeddable":true,"href":"https:\/\/putaendouno.cl\/index.php?rest_route=%2Fwp%2Fv2%2Fcategories&post=19598"},{"taxonomy":"post_tag","embeddable":true,"href":"https:\/\/putaendouno.cl\/index.php?rest_route=%2Fwp%2Fv2%2Ftags&post=19598"}],"curies":[{"name":"wp","href":"https:\/\/api.w.org\/{rel}","templated":true}]}}