{"id":18232,"date":"2015-11-16T02:23:35","date_gmt":"2015-11-16T05:23:35","guid":{"rendered":"http:\/\/putaendouno.cl\/?p=18232"},"modified":"2015-11-16T02:23:35","modified_gmt":"2015-11-16T05:23:35","slug":"vibrante-homenaje-a-folclorista-esteban-vargas","status":"publish","type":"post","link":"https:\/\/putaendouno.cl\/?p=18232","title":{"rendered":"Vibrante homenaje a folclorista Esteban Vargas"},"content":{"rendered":"<div class=\"lazysocialbuttons\" data-float=\"left\" data-buttons=\"google,twitter,facebook\" data-twshareurl=\"https:\/\/putaendouno.cl\/?p=18232\" data-twtext=\"\" data-shareurl=\"https:\/\/putaendouno.cl\/?p=18232\" data-fbhideflyout=\"false\" data-backgroundtype=\"light\"><\/div><h2><span style=\"color: #0000ff;\"><a href=\"http:\/\/putaendouno.cl\/wp-content\/uploads\/2015\/11\/12208822_10208148514130190_5595600440775212932_n.jpg\"><img loading=\"lazy\" decoding=\"async\" class=\"aligncenter size-full wp-image-18233\" src=\"http:\/\/putaendouno.cl\/wp-content\/uploads\/2015\/11\/12208822_10208148514130190_5595600440775212932_n.jpg\" alt=\"12208822_10208148514130190_5595600440775212932_n\" width=\"640\" height=\"320\" srcset=\"https:\/\/putaendouno.cl\/wp-content\/uploads\/2015\/11\/12208822_10208148514130190_5595600440775212932_n.jpg 640w, https:\/\/putaendouno.cl\/wp-content\/uploads\/2015\/11\/12208822_10208148514130190_5595600440775212932_n-300x150.jpg 300w\" sizes=\"auto, (max-width: 640px) 100vw, 640px\" \/><\/a><a href=\"http:\/\/putaendouno.cl\/wp-content\/uploads\/2015\/11\/12208822_10208148514130190_5595600440775212932_n.jpg\"><br \/>\n<\/a>Folcloristas de Putaendo se reunieron para rememorar al destacado acordeonista.-<\/span><\/h2>\n<p>De gala fue la realizaci\u00f3n del \u201cOctavo Encuentro Folcl\u00f3rico Esteban Vargas\u201d que ya se ha constituido en toda una tradici\u00f3n en Putaendo, donde participan destacados exponentes del folclore de Aconcagua y Putaendo.<\/p>\n<p>El evento se inici\u00f3 cerca de las 20 hrs, con un primer n\u00famero preparado por Ra\u00edces de mi Tierra, el grupo de bailarines que dirige la profesora Alicia Fabres.<\/p>\n<p><a href=\"http:\/\/putaendouno.cl\/wp-content\/uploads\/2015\/11\/luna.jpg\"><img loading=\"lazy\" decoding=\"async\" class=\"alignleft  wp-image-18235\" src=\"http:\/\/putaendouno.cl\/wp-content\/uploads\/2015\/11\/luna-300x190.jpg\" alt=\"luna\" width=\"191\" height=\"121\" srcset=\"https:\/\/putaendouno.cl\/wp-content\/uploads\/2015\/11\/luna-300x190.jpg 300w, https:\/\/putaendouno.cl\/wp-content\/uploads\/2015\/11\/luna.jpg 597w\" sizes=\"auto, (max-width: 191px) 100vw, 191px\" \/><\/a>Canto de Luna, con integrantes del Hospital San Antonio de Putaendo, efectu\u00f3 una acabada presentaci\u00f3n, incluyendo bailarines para algunos temas chilotes, destacando la calidad de su primera voz y la maestr\u00eda en los instrumentos.<\/p>\n<p>Luego el Tr\u00edo Orolonco, integrado por Luis Vargas, Carlos Gallardo y el eterno don Roberto Mora, que a pesar de sus a\u00f1os sigue entregando folclore a las nuevas generaciones.<\/p>\n<p>Destac\u00f3 la presentaci\u00f3n del Ballet Folcl\u00f3rico de Los Andes, BAFOCLA (foto portada), grupo de bailarines dirigido por Rescner Vergara, que present\u00f3 coloridas danzas sure\u00f1as, en especial alegres aires de chamam\u00e9 que sus bellas j\u00f3venes danzantes mostraron con galanura.<\/p>\n<p><a href=\"http:\/\/putaendouno.cl\/wp-content\/uploads\/2015\/11\/cuequeros-EV.jpg\"><img loading=\"lazy\" decoding=\"async\" class=\"alignleft size-medium wp-image-18236\" src=\"http:\/\/putaendouno.cl\/wp-content\/uploads\/2015\/11\/cuequeros-EV-300x163.jpg\" alt=\"cuequeros EV\" width=\"300\" height=\"163\" srcset=\"https:\/\/putaendouno.cl\/wp-content\/uploads\/2015\/11\/cuequeros-EV-300x163.jpg 300w, https:\/\/putaendouno.cl\/wp-content\/uploads\/2015\/11\/cuequeros-EV.jpg 640w\" sizes=\"auto, (max-width: 300px) 100vw, 300px\" \/><\/a>El plato de fondo estuvo reservado para \u201cLos Cuequeros de Putaendo\u201d, grupo que lleva m\u00e1s de un a\u00f1o paseando el nombre de Putaendo por diversos escenarios de Aconcagua, en especial en el Teatro Municipal de San Felipe y en la Fiesta de la Chilenidad, en El Almendral. Prontos a presentar una de sus primeras grabaciones, presentaron parte de su obra \u201cCuecario de Putaendo\u201d, con temas como \u201cEl Puente de Cimbra\u201d, \u201cCristo de Rinconada\u201d, \u201cLa Trilla de Los S\u00e1nchez\u201d, \u201cLa Cazuela de Pava\u201d y varios m\u00e1s, cuecas que los presentes bailaron con ganas, especialmente la familia Gonz\u00e1lez Arenas, que ha dado ya dos campeones regionales de cueca a esta tierra.<\/p>\n<p>Sendos presentes a la familia, y en especial a la viuda de don Esteban Vargas se entregaron en el escenario preparado al efecto en el Liceo Manuel Mar\u00edn Fritis. M\u00e1s tarde, la familia ofreci\u00f3 un exquisito c\u00f3ctel a todos los presentes, agradeciendo el apoyo del municipio, a trav\u00e9s del Alcalde Guillermo Reyes, quien estuvo presente en todo el espect\u00e1culo.<\/p>\n<p>Este a\u00f1o caus\u00f3 extra\u00f1eza la ausencia del Grupo Folcl\u00f3rico Esteban Vargas, agrupaci\u00f3n de folcloristas de m\u00fasicos y bailarines del Hospital Psiqui\u00e1trico de Putaendo que lleva el nombre del homenajeado, justamente porque \u00e9l fue uno de sus fundadores y entusiasta participante, hasta que el cielo le llam\u00f3 a tocar all\u00e1 su recordado acorde\u00f3n.<\/p>\n<p>(Fotos: M. Salinas V.\/M. Gonz\u00e1lez)<\/p>\n\n\t\t<style type=\"text\/css\">\n\t\t\t#gallery-1 {\n\t\t\t\tmargin: auto;\n\t\t\t}\n\t\t\t#gallery-1 .gallery-item {\n\t\t\t\tfloat: left;\n\t\t\t\tmargin-top: 10px;\n\t\t\t\ttext-align: center;\n\t\t\t\twidth: 33%;\n\t\t\t}\n\t\t\t#gallery-1 img {\n\t\t\t\tborder: 2px solid #cfcfcf;\n\t\t\t}\n\t\t\t#gallery-1 .gallery-caption {\n\t\t\t\tmargin-left: 0;\n\t\t\t}\n\t\t\t\/* see gallery_shortcode() in wp-includes\/media.php *\/\n\t\t<\/style>\n\t\t<div id='gallery-1' class='gallery galleryid-18232 gallery-columns-3 gallery-size-thumbnail'><dl class='gallery-item'>\n\t\t\t<dt class='gallery-icon landscape'>\n\t\t\t\t<a href='https:\/\/putaendouno.cl\/?attachment_id=18237'><img loading=\"lazy\" decoding=\"async\" width=\"150\" height=\"150\" src=\"https:\/\/putaendouno.cl\/wp-content\/uploads\/2015\/11\/12208303_10208148516890259_3600368935874300985_n-150x150.jpg\" class=\"attachment-thumbnail size-thumbnail\" alt=\"\" \/><\/a>\n\t\t\t<\/dt><\/dl><dl class='gallery-item'>\n\t\t\t<dt class='gallery-icon landscape'>\n\t\t\t\t<a href='https:\/\/putaendouno.cl\/?attachment_id=18238'><img loading=\"lazy\" decoding=\"async\" width=\"150\" height=\"150\" src=\"https:\/\/putaendouno.cl\/wp-content\/uploads\/2015\/11\/20151114_204510-150x150.jpg\" class=\"attachment-thumbnail size-thumbnail\" alt=\"\" \/><\/a>\n\t\t\t<\/dt><\/dl>\n\t\t\t<br style='clear: both' \/>\n\t\t<\/div>\n\n","protected":false},"excerpt":{"rendered":"<p>Folcloristas de Putaendo se reunieron para rememorar al destacado acordeonista.- De gala fue la realizaci\u00f3n del \u201cOctavo Encuentro Folcl\u00f3rico Esteban Vargas\u201d que ya se ha constituido en toda una tradici\u00f3n en Putaendo, donde participan destacados exponentes del folclore de Aconcagua y Putaendo. El evento se inici\u00f3 cerca de las 20 hrs, con un primer n\u00famero [&hellip;]<\/p>\n","protected":false},"author":1,"featured_media":18233,"comment_status":"open","ping_status":"open","sticky":false,"template":"","format":"standard","meta":{"footnotes":""},"categories":[15,4],"tags":[],"class_list":["post-18232","post","type-post","status-publish","format-standard","has-post-thumbnail","hentry","category-general","category-putaendo"],"jetpack_sharing_enabled":true,"jetpack_featured_media_url":"https:\/\/putaendouno.cl\/wp-content\/uploads\/2015\/11\/12208822_10208148514130190_5595600440775212932_n.jpg","_links":{"self":[{"href":"https:\/\/putaendouno.cl\/index.php?rest_route=\/wp\/v2\/posts\/18232","targetHints":{"allow":["GET"]}}],"collection":[{"href":"https:\/\/putaendouno.cl\/index.php?rest_route=\/wp\/v2\/posts"}],"about":[{"href":"https:\/\/putaendouno.cl\/index.php?rest_route=\/wp\/v2\/types\/post"}],"author":[{"embeddable":true,"href":"https:\/\/putaendouno.cl\/index.php?rest_route=\/wp\/v2\/users\/1"}],"replies":[{"embeddable":true,"href":"https:\/\/putaendouno.cl\/index.php?rest_route=%2Fwp%2Fv2%2Fcomments&post=18232"}],"version-history":[{"count":2,"href":"https:\/\/putaendouno.cl\/index.php?rest_route=\/wp\/v2\/posts\/18232\/revisions"}],"predecessor-version":[{"id":18239,"href":"https:\/\/putaendouno.cl\/index.php?rest_route=\/wp\/v2\/posts\/18232\/revisions\/18239"}],"wp:featuredmedia":[{"embeddable":true,"href":"https:\/\/putaendouno.cl\/index.php?rest_route=\/wp\/v2\/media\/18233"}],"wp:attachment":[{"href":"https:\/\/putaendouno.cl\/index.php?rest_route=%2Fwp%2Fv2%2Fmedia&parent=18232"}],"wp:term":[{"taxonomy":"category","embeddable":true,"href":"https:\/\/putaendouno.cl\/index.php?rest_route=%2Fwp%2Fv2%2Fcategories&post=18232"},{"taxonomy":"post_tag","embeddable":true,"href":"https:\/\/putaendouno.cl\/index.php?rest_route=%2Fwp%2Fv2%2Ftags&post=18232"}],"curies":[{"name":"wp","href":"https:\/\/api.w.org\/{rel}","templated":true}]}}