{"id":18228,"date":"2015-11-07T01:08:56","date_gmt":"2015-11-07T04:08:56","guid":{"rendered":"http:\/\/putaendouno.cl\/?p=18228"},"modified":"2015-11-07T01:08:56","modified_gmt":"2015-11-07T04:08:56","slug":"se-acaba-paro-del-registro-civil-tras-39-dias","status":"publish","type":"post","link":"https:\/\/putaendouno.cl\/?p=18228","title":{"rendered":"Se acaba paro del Registro Civil tras 39 d\u00edas"},"content":{"rendered":"<div class=\"lazysocialbuttons\" data-float=\"left\" data-buttons=\"google,twitter,facebook\" data-twshareurl=\"https:\/\/putaendouno.cl\/?p=18228\" data-twtext=\"\" data-shareurl=\"https:\/\/putaendouno.cl\/?p=18228\" data-fbhideflyout=\"false\" data-backgroundtype=\"light\"><\/div><div>\n<div id=\"HOTWordsTxt\">\n<div class=\"body-area has-related\">\n<div class=\"article-body\">\n<h2><span style=\"color: #0000ff;\"><a href=\"http:\/\/putaendouno.cl\/wp-content\/uploads\/2015\/11\/paro.jpg\"><img loading=\"lazy\" decoding=\"async\" class=\"aligncenter size-full wp-image-18229\" src=\"http:\/\/putaendouno.cl\/wp-content\/uploads\/2015\/11\/paro.jpg\" alt=\"paro\" width=\"640\" height=\"321\" srcset=\"https:\/\/putaendouno.cl\/wp-content\/uploads\/2015\/11\/paro.jpg 640w, https:\/\/putaendouno.cl\/wp-content\/uploads\/2015\/11\/paro-300x150.jpg 300w\" sizes=\"auto, (max-width: 640px) 100vw, 640px\" \/><\/a>El lunes el servicio atender\u00e1 normalmente. Este s\u00e1bado y domingo tambi\u00e9n se atender\u00e1.-<\/span><\/h2>\n<p>Luego de 39 d\u00edas de movilizaci\u00f3n, este viernes los funcionarios del Registro Civil depusieron el paro tras llegar a un acuerdo con el Gobierno.<\/p>\n<p>Tras la firma del documento que puso el fin de la movilizaci\u00f3n, <b>la presidenta de los trabajadores Nelly D\u00edaz indic\u00f3 que &#8220;hoy podemos confirmar que llegamos a acuerdo<\/b>. Venimos a firmar el protocolo de acuerdo (que) consiste en que tenemos un nuevo\u00a0bono, el que nos merec\u00edamos. Vamos a trabajar con una mesa t\u00e9cnica desde diciembre&#8221;.<\/p>\n<p>Adem\u00e1s, confirm\u00f3 que este fin de semana existir\u00e1 un plan de contigencia para atender al p\u00fablico. De esta forma, este s\u00e1bado de 09:00 a 18:00 horas y el domingo de 09:00 a 14:00 horas se abrir\u00e1 las puertas de la oficina ubicada en Catedral en pleno Santiago Centro.<\/p>\n<p>Cabe recordar que el acuerdo se logr\u00f3 luego que el Ejecutivo entregara este viernes una nueva propuesta a los trabajadores, la cual fue aceptada un\u00e1nimente por los funcionarios de todas las regiones del pa\u00eds.<\/p>\n<p>De esta manera se puso fin a la movilizaci\u00f3n que caus\u00f3 diversos encontrones entre Nelly D\u00edaz, el director del Registro Civil Luis Acevedo y el Gobierno.<\/p>\n<p>Adem\u00e1s, se evit\u00f3 que los funcionarios comenzaran una huelga de hambre, medida que era evaluada por los trabajadores y por lo cual un m\u00e9dico los iba a examinar durante la presente jornada.<\/p>\n<p>(Pub\/P1\/A1)<\/p>\n<\/div>\n<\/div>\n<\/div>\n<\/div>\n<div class=\"fact-related-box\"><\/div>\n","protected":false},"excerpt":{"rendered":"<p>El lunes el servicio atender\u00e1 normalmente. Este s\u00e1bado y domingo tambi\u00e9n se atender\u00e1.- Luego de 39 d\u00edas de movilizaci\u00f3n, este viernes los funcionarios del Registro Civil depusieron el paro tras llegar a un acuerdo con el Gobierno. Tras la firma del documento que puso el fin de la movilizaci\u00f3n, la presidenta de los trabajadores Nelly [&hellip;]<\/p>\n","protected":false},"author":1,"featured_media":18229,"comment_status":"open","ping_status":"open","sticky":false,"template":"","format":"standard","meta":{"footnotes":""},"categories":[15],"tags":[],"class_list":["post-18228","post","type-post","status-publish","format-standard","has-post-thumbnail","hentry","category-general"],"jetpack_sharing_enabled":true,"jetpack_featured_media_url":"https:\/\/putaendouno.cl\/wp-content\/uploads\/2015\/11\/paro.jpg","_links":{"self":[{"href":"https:\/\/putaendouno.cl\/index.php?rest_route=\/wp\/v2\/posts\/18228","targetHints":{"allow":["GET"]}}],"collection":[{"href":"https:\/\/putaendouno.cl\/index.php?rest_route=\/wp\/v2\/posts"}],"about":[{"href":"https:\/\/putaendouno.cl\/index.php?rest_route=\/wp\/v2\/types\/post"}],"author":[{"embeddable":true,"href":"https:\/\/putaendouno.cl\/index.php?rest_route=\/wp\/v2\/users\/1"}],"replies":[{"embeddable":true,"href":"https:\/\/putaendouno.cl\/index.php?rest_route=%2Fwp%2Fv2%2Fcomments&post=18228"}],"version-history":[{"count":1,"href":"https:\/\/putaendouno.cl\/index.php?rest_route=\/wp\/v2\/posts\/18228\/revisions"}],"predecessor-version":[{"id":18230,"href":"https:\/\/putaendouno.cl\/index.php?rest_route=\/wp\/v2\/posts\/18228\/revisions\/18230"}],"wp:featuredmedia":[{"embeddable":true,"href":"https:\/\/putaendouno.cl\/index.php?rest_route=\/wp\/v2\/media\/18229"}],"wp:attachment":[{"href":"https:\/\/putaendouno.cl\/index.php?rest_route=%2Fwp%2Fv2%2Fmedia&parent=18228"}],"wp:term":[{"taxonomy":"category","embeddable":true,"href":"https:\/\/putaendouno.cl\/index.php?rest_route=%2Fwp%2Fv2%2Fcategories&post=18228"},{"taxonomy":"post_tag","embeddable":true,"href":"https:\/\/putaendouno.cl\/index.php?rest_route=%2Fwp%2Fv2%2Ftags&post=18228"}],"curies":[{"name":"wp","href":"https:\/\/api.w.org\/{rel}","templated":true}]}}