{"id":18217,"date":"2015-11-03T10:39:43","date_gmt":"2015-11-03T13:39:43","guid":{"rendered":"http:\/\/putaendouno.cl\/?p=18217"},"modified":"2015-11-03T10:39:43","modified_gmt":"2015-11-03T13:39:43","slug":"educacion-municipal-vuelve-al-estado","status":"publish","type":"post","link":"https:\/\/putaendouno.cl\/?p=18217","title":{"rendered":"Educaci\u00f3n municipal vuelve al Estado"},"content":{"rendered":"<div class=\"lazysocialbuttons\" data-float=\"left\" data-buttons=\"google,twitter,facebook\" data-twshareurl=\"https:\/\/putaendouno.cl\/?p=18217\" data-twtext=\"\" data-shareurl=\"https:\/\/putaendouno.cl\/?p=18217\" data-fbhideflyout=\"false\" data-backgroundtype=\"light\"><\/div><h2><span style=\"color: #0000ff;\"><a href=\"http:\/\/putaendouno.cl\/wp-content\/uploads\/2015\/11\/educ-municipal.jpg\"><img loading=\"lazy\" decoding=\"async\" class=\"aligncenter size-full wp-image-18218\" src=\"http:\/\/putaendouno.cl\/wp-content\/uploads\/2015\/11\/educ-municipal.jpg\" alt=\"educ municipal\" width=\"640\" height=\"320\" srcset=\"https:\/\/putaendouno.cl\/wp-content\/uploads\/2015\/11\/educ-municipal.jpg 640w, https:\/\/putaendouno.cl\/wp-content\/uploads\/2015\/11\/educ-municipal-300x150.jpg 300w\" sizes=\"auto, (max-width: 640px) 100vw, 640px\" \/><\/a>Mandataria firm\u00f3 proyecto de Ley que crea el Sistema Nacional de Educaci\u00f3n P\u00fablica.\u00a0Implementaci\u00f3n del nuevo sistema ser\u00e1 gradual en un plazo de seis a\u00f1os.-<\/span><\/h2>\n<p>La Presidenta de la Rep\u00fablica, Michelle Bachelet, acompa\u00f1ada por los ministros de Educaci\u00f3n, Adriana Delpiano; del Interior y Seguridad P\u00fablica, Jorge Burgos; de Hacienda, Rodrigo Vald\u00e9s; de Secretar\u00eda General de la Presidencia, Nicol\u00e1s Eyzaguirre, y de la Secretar\u00eda General de Gobierno, Marcelo D\u00edaz, firm\u00f3 el Proyecto de Ley que crea el Sistema de Educaci\u00f3n P\u00fablica.<\/p>\n<p>\u201cLa firma de hoy nos llena de alegr\u00eda y de satisfacci\u00f3n, porque le estamos cumpliendo a Chile, estamos completando la construcci\u00f3n institucional de un sistema educativo justo, inclusivo y de calidad, porque es lo que nuestros ni\u00f1os y ni\u00f1as requieren y merecen\u201d, asegur\u00f3 la Mandataria.<\/p>\n<p>Durante la ceremonia que se efectu\u00f3 en el Patio de Las Camelias del Palacio de La Moneda, la Jefa de Estado explic\u00f3 que esta iniciativa establece que la calidad de la educaci\u00f3n p\u00fablica no siga dependiendo de los recursos que dispongan las comunas. La Nueva Educaci\u00f3n P\u00fablica ser\u00e1 asegurada por una provisi\u00f3n permanente y directa del Estado, destinada especialmente a la gesti\u00f3n y administraci\u00f3n de los establecimientos a su cargo.<\/p>\n<p>\u201cEstamos devolviendo al Estado la responsabilidad de administrar y gestionar la educaci\u00f3n p\u00fablica, para que asegure que ella sea de calidad, abierta a todos y un factor de cohesi\u00f3n. La calidad de las escuelas y liceos ya no depender\u00e1n de c\u00f3mo le vaya a cada municipio, sino que ser\u00e1 responsabilidad de todo el pa\u00eds. As\u00ed, vamos a dar el soporte necesario para garantizar que en cada rinc\u00f3n de Chile exista una propuesta educativa de calidad\u201d, agreg\u00f3.<\/p>\n<p>La Mandataria explic\u00f3 que la implementaci\u00f3n del sistema ser\u00e1 en un plazo de seis a\u00f1os, buscando asegurar un adecuado cierre del ciclo de administraci\u00f3n municipal y un exitoso traspaso a la nueva institucionalidad.<\/p>\n<p>\u201cLe he pedido a la ministra y a los responsables del Ministerio de Educaci\u00f3n que expliquen con toda claridad a las familias y a los agentes de la educaci\u00f3n c\u00f3mo se llevar\u00e1 adelante este proceso, que se va a extender por un plazo de 6 a\u00f1os\u201d, subray\u00f3 la Jefa de Estado.<\/p>\n<p>El proyecto contempla una Direcci\u00f3n Nacional de Educaci\u00f3n P\u00fablica, dependiente del ministerio del ramo, que ser\u00e1 el ente coordinador y que supervisar\u00e1 la Red Estatal de Educaci\u00f3n.<\/p>\n<p>Habr\u00e1 67 Servicios Locales de Educaci\u00f3n Descentralizados, que ser\u00e1n los gestores territoriales, que contar\u00e1n con capacidades efectivas para apoyar y administrar los establecimientos; liberando a las escuelas de sus actuales obligaciones de gesti\u00f3n administrativa y as\u00ed centrarse en su tarea primordial, los procesos educativos.<\/p>\n<p>Estos servicios velar\u00e1n porque en cada establecimiento educacional existan las condiciones y los recursos que garanticen la seguridad de todos los ni\u00f1os y ni\u00f1as y la calidad de la educaci\u00f3n que reciben, lo que implica entre otras cosas, un apoyo t\u00e9cnico-pedag\u00f3gico permanente y acorde a las necesidades de cada plantel.<\/p>\n<p>Por \u00faltimo, habr\u00e1 el mismo n\u00famero de Consejos Locales de Educaci\u00f3n, uno por cada Servicio, que estar\u00e1n representados los distintos actores territoriales de la comunidad educativa. Ah\u00ed, estar\u00e1 expresada org\u00e1nicamente la voz de alcaldes, apoderados, estudiantes, entre otros.<\/p>\n<p>\u201cEsta nueva institucionalidad busca mejorar el uso de los recursos por medio de econom\u00edas de escala, reemplazar la competencia por la cooperaci\u00f3n entre establecimientos y permitir que todos los servicios locales, escuelas y liceos, posean similares capacidades que les permitan cumplir de buena forma con sus respectivas labores\u201d, sostuvo la Mandataria.<\/p>\n<p>Finalmente, se\u00f1al\u00f3 que el financiamiento \u201cde este nuevo Sistema de Educaci\u00f3n P\u00fablica provendr\u00e1 directamente del Presupuesto Nacional y la asignaci\u00f3n de recursos considerar\u00e1 criterios compensatorios; es decir, se destinar\u00e1n m\u00e1s recursos donde existan m\u00e1s necesidades\u201d.<\/p>\n<h3><span style=\"color: #0000ff;\"><a style=\"color: #0000ff;\" href=\"http:\/\/www.gob.cl\/2015\/11\/02\/conoce-el-proyecto-de-ley-que-crea-el-sistema-nacional-de-educacion-publica\/\" target=\"_blank\">CONOCE M\u00c1S DEL PROYECTO DE LEY<\/a><\/span><\/h3>\n","protected":false},"excerpt":{"rendered":"<p>Mandataria firm\u00f3 proyecto de Ley que crea el Sistema Nacional de Educaci\u00f3n P\u00fablica.\u00a0Implementaci\u00f3n del nuevo sistema ser\u00e1 gradual en un plazo de seis a\u00f1os.- La Presidenta de la Rep\u00fablica, Michelle Bachelet, acompa\u00f1ada por los ministros de Educaci\u00f3n, Adriana Delpiano; del Interior y Seguridad P\u00fablica, Jorge Burgos; de Hacienda, Rodrigo Vald\u00e9s; de Secretar\u00eda General de la [&hellip;]<\/p>\n","protected":false},"author":1,"featured_media":18218,"comment_status":"open","ping_status":"open","sticky":false,"template":"","format":"standard","meta":{"footnotes":""},"categories":[15],"tags":[],"class_list":["post-18217","post","type-post","status-publish","format-standard","has-post-thumbnail","hentry","category-general"],"jetpack_sharing_enabled":true,"jetpack_featured_media_url":"https:\/\/putaendouno.cl\/wp-content\/uploads\/2015\/11\/educ-municipal.jpg","_links":{"self":[{"href":"https:\/\/putaendouno.cl\/index.php?rest_route=\/wp\/v2\/posts\/18217","targetHints":{"allow":["GET"]}}],"collection":[{"href":"https:\/\/putaendouno.cl\/index.php?rest_route=\/wp\/v2\/posts"}],"about":[{"href":"https:\/\/putaendouno.cl\/index.php?rest_route=\/wp\/v2\/types\/post"}],"author":[{"embeddable":true,"href":"https:\/\/putaendouno.cl\/index.php?rest_route=\/wp\/v2\/users\/1"}],"replies":[{"embeddable":true,"href":"https:\/\/putaendouno.cl\/index.php?rest_route=%2Fwp%2Fv2%2Fcomments&post=18217"}],"version-history":[{"count":1,"href":"https:\/\/putaendouno.cl\/index.php?rest_route=\/wp\/v2\/posts\/18217\/revisions"}],"predecessor-version":[{"id":18219,"href":"https:\/\/putaendouno.cl\/index.php?rest_route=\/wp\/v2\/posts\/18217\/revisions\/18219"}],"wp:featuredmedia":[{"embeddable":true,"href":"https:\/\/putaendouno.cl\/index.php?rest_route=\/wp\/v2\/media\/18218"}],"wp:attachment":[{"href":"https:\/\/putaendouno.cl\/index.php?rest_route=%2Fwp%2Fv2%2Fmedia&parent=18217"}],"wp:term":[{"taxonomy":"category","embeddable":true,"href":"https:\/\/putaendouno.cl\/index.php?rest_route=%2Fwp%2Fv2%2Fcategories&post=18217"},{"taxonomy":"post_tag","embeddable":true,"href":"https:\/\/putaendouno.cl\/index.php?rest_route=%2Fwp%2Fv2%2Ftags&post=18217"}],"curies":[{"name":"wp","href":"https:\/\/api.w.org\/{rel}","templated":true}]}}