{"id":12046,"date":"2014-04-01T15:22:03","date_gmt":"2014-04-01T18:22:03","guid":{"rendered":"http:\/\/putaendouno.cl\/?p=12046"},"modified":"2014-04-01T16:52:22","modified_gmt":"2014-04-01T19:52:22","slug":"hijo-de-nana-responde-a-quienes-insultaron-a-ana-tijoux-gritandole-cara-de-nana","status":"publish","type":"post","link":"https:\/\/putaendouno.cl\/?p=12046","title":{"rendered":"Hijo de nana responde a quienes &#8220;insultaron&#8221; a Ana Tijoux grit\u00e1ndole &#8220;cara de nana&#8221;"},"content":{"rendered":"<div class=\"lazysocialbuttons\" data-float=\"left\" data-buttons=\"google,twitter,facebook\" data-twshareurl=\"https:\/\/putaendouno.cl\/?p=12046\" data-twtext=\"\" data-shareurl=\"https:\/\/putaendouno.cl\/?p=12046\" data-fbhideflyout=\"false\" data-backgroundtype=\"light\"><\/div><h3><span style=\"color: #0000ff;\"><a href=\"http:\/\/putaendouno.cl\/wp-content\/uploads\/2014\/04\/anita-tijoux.jpg\"><img loading=\"lazy\" decoding=\"async\" class=\"aligncenter size-full wp-image-12047\" alt=\"anita tijoux\" src=\"http:\/\/putaendouno.cl\/wp-content\/uploads\/2014\/04\/anita-tijoux.jpg\" width=\"640\" height=\"320\" srcset=\"https:\/\/putaendouno.cl\/wp-content\/uploads\/2014\/04\/anita-tijoux.jpg 640w, https:\/\/putaendouno.cl\/wp-content\/uploads\/2014\/04\/anita-tijoux-300x150.jpg 300w\" sizes=\"auto, (max-width: 640px) 100vw, 640px\" \/><\/a>&#8220;Esa cara de nana, esa cara que te prepara el desayuno y plancha tu ropa, es la cara mas hermosa que tiene este pa\u00eds&#8221;, reza texto de carta p\u00fablica.-<\/span><\/h3>\n<p>Emmanuel Ortega, hijo de una trabajadora de casa particular, a quienes se las llama &#8220;nanas&#8221;, escribi\u00f3 una carta abierta a quienes &#8220;insultaron&#8221; a Anita Tijoux durante su presentaci\u00f3n en Lollapalooza el fin de semana, grit\u00e1ndole &#8220;cara de nana&#8221;.<\/p>\n<p>En todo el pa\u00eds, y en las redes sociales, no cay\u00f3 bien el comentado &#8220;insulto&#8221;, que fue calificado como nazista, racista, discriminatorio, clasista y otro ep\u00edtetos m\u00e1s fuertes. M\u00e1s aun despu\u00e9s de la marcha que realizaron por calles de Las Condes unas cien valientes mujeres que tienen este oficio, asociadas a ANECAP, y que encabezadas por Bernardina Mu\u00f1oz Barraza, luchan por conseguir que se respeten sus derechos y condiciones laborales. La misma Ana Tijox se encarg\u00f3 de enviar <a title=\"Ana Tijoux en Lollapalooza: \u201cOrgullosa de mi \u201ccara de nana\u201d\" href=\"http:\/\/putaendouno.cl\/?p=12040\" target=\"_blank\">su propia respuesta<\/a> v\u00eda twitter<\/p>\n<p><span style=\"color: #0000ff;\">Putaendo Uno<\/span> rescata el texto \u00edntegro de dicha carta, para que los lectores puedan opinar. Aqu\u00ed va:<\/p>\n<p><span style=\"color: #0000ff;\">________________________________________________________________________________________________________________________<\/span><\/p>\n<p>Seguramente no tienes idea quien soy y quiz\u00e1s poco te importe. Te contar\u00e9 que no soy socialista, tampoco simpatizo con la derecha, mucho menos soy fan de Anita Tijoux, mas tengo algo contra ti que no me deja tranquilo.<\/p>\n<p>\u00bfAs\u00ed que la se\u00f1orita Tijoux tiene cara de nana? Que insulto mas descalificativo que se te ocurri\u00f3. Quiz\u00e1s tu mente bajo ese cabello rubiecito encontr\u00f3 que era un insulto \u201cfilete\u201d para la ocasi\u00f3n y mientras mojabas tus labios para gritar a todo pulm\u00f3n ese descalificativo, tus amigos, tambi\u00e9n rubios lo encontraron chistoso y hasta te apoyaron grit\u00e1ndole a la \u201cmorenita\u201d que estaba en el escenario.<\/p>\n<p>Todos los medios lo encontraron terrible, inaceptable que Anita Tijoux fuese descalificada de esa manera. Pero quiero ir mucho mas all\u00e1. \u00bfDesde cuando ser nana es un insulto? Me lo pregunto por que veo esa cara de nana todos los d\u00edas en mi madre cuando llega de su trabajo. Esa misma cara que viste tantas veces y que estuvo contigo mientras tus padres trabajaban para poder costearte los viajes a Brasil, las salidas a la nieve y las entradas a Lollapalooza.<\/p>\n<p>Esa cara de nana te conoce en algunos casos mejor que tus mismos padres, esa cara de nana conoce tus gustos, tus frustraciones y hasta sabe que color te gusta, que comida te encanta y aunque no te has dado cuenta siempre ha estado ah\u00ed. Por que el v\u00ednculo que genera una nana con los ni\u00f1os que cuida es casi tan fuerte como cualquier otro amor. \u00bfCu\u00e1ntas veces esa nana estuvo contigo mientras dejaba a sus hijos, no por que quisiera, si no por que era su responsabilidad?<\/p>\n<p>Esa cara de nana esta en muchos hogares del barrio alto. Es la que duerme en la pieza chica, la que come en la cocina y la que debe usar ese uniforme para que todos quienes entren a la casa sepan cual es su rol. Pero tambi\u00e9n esa cara de nana fue la que viste cuando acariciaba tus heridas de ni\u00f1o, esa misma cara fue la que te cuid\u00f3 cuando estabas enfermo, que te conoce incluso mejor que nadie y hasta atendi\u00f3 a la polola nueva que trajiste a la casa.<\/p>\n<p>Ese rol que corresponde a los padres, una cara de nana lo representa muy bien y con orgullo. \u00bfSab\u00edas que esa mujer llega a su casa contando tus logros y lo orgullosa que esta de ti? Es mas, es ella la que siempre te desea lo mejor en todo, pese a todas las cagadas de hijito de pap\u00e1 que te has pegado.<\/p>\n<p>Por eso pido que recapacites, no soy nadie para juzgarte, pero considero que Anita Tijoux deber\u00eda sentirse halagada, y los medios deber\u00edan mostrar ese enfoque, ya que esa cara de nana, esa cara que te prepara el desayuno y plancha tu ropa, es la cara mas hermosa que tiene este pa\u00eds. Yo doy gracias a la vida por ver esa carita en mi madre que con mucho esfuerzo y trabajando de nana ha sacado a sus hijos adelante. Si esta carta te ofende, te pido disculpas pero supongo alguien ten\u00eda que dec\u00edrtelo.<\/p>\n<p>Se despide atentamente, un hijo de nana de este pa\u00eds.<\/p>\n<p>Emmanuel Ortega Villagr\u00e1n<\/p>\n","protected":false},"excerpt":{"rendered":"<p>&#8220;Esa cara de nana, esa cara que te prepara el desayuno y plancha tu ropa, es la cara mas hermosa que tiene este pa\u00eds&#8221;, reza texto de carta p\u00fablica.- Emmanuel Ortega, hijo de una trabajadora de casa particular, a quienes se las llama &#8220;nanas&#8221;, escribi\u00f3 una carta abierta a quienes &#8220;insultaron&#8221; a Anita Tijoux durante [&hellip;]<\/p>\n","protected":false},"author":1,"featured_media":12047,"comment_status":"open","ping_status":"open","sticky":false,"template":"","format":"standard","meta":{"footnotes":""},"categories":[21,15],"tags":[],"class_list":["post-12046","post","type-post","status-publish","format-standard","has-post-thumbnail","hentry","category-cartas","category-general"],"jetpack_sharing_enabled":true,"jetpack_featured_media_url":"https:\/\/putaendouno.cl\/wp-content\/uploads\/2014\/04\/anita-tijoux.jpg","_links":{"self":[{"href":"https:\/\/putaendouno.cl\/index.php?rest_route=\/wp\/v2\/posts\/12046","targetHints":{"allow":["GET"]}}],"collection":[{"href":"https:\/\/putaendouno.cl\/index.php?rest_route=\/wp\/v2\/posts"}],"about":[{"href":"https:\/\/putaendouno.cl\/index.php?rest_route=\/wp\/v2\/types\/post"}],"author":[{"embeddable":true,"href":"https:\/\/putaendouno.cl\/index.php?rest_route=\/wp\/v2\/users\/1"}],"replies":[{"embeddable":true,"href":"https:\/\/putaendouno.cl\/index.php?rest_route=%2Fwp%2Fv2%2Fcomments&post=12046"}],"version-history":[{"count":4,"href":"https:\/\/putaendouno.cl\/index.php?rest_route=\/wp\/v2\/posts\/12046\/revisions"}],"predecessor-version":[{"id":12051,"href":"https:\/\/putaendouno.cl\/index.php?rest_route=\/wp\/v2\/posts\/12046\/revisions\/12051"}],"wp:featuredmedia":[{"embeddable":true,"href":"https:\/\/putaendouno.cl\/index.php?rest_route=\/wp\/v2\/media\/12047"}],"wp:attachment":[{"href":"https:\/\/putaendouno.cl\/index.php?rest_route=%2Fwp%2Fv2%2Fmedia&parent=12046"}],"wp:term":[{"taxonomy":"category","embeddable":true,"href":"https:\/\/putaendouno.cl\/index.php?rest_route=%2Fwp%2Fv2%2Fcategories&post=12046"},{"taxonomy":"post_tag","embeddable":true,"href":"https:\/\/putaendouno.cl\/index.php?rest_route=%2Fwp%2Fv2%2Ftags&post=12046"}],"curies":[{"name":"wp","href":"https:\/\/api.w.org\/{rel}","templated":true}]}}