{"id":10170,"date":"2013-12-26T01:26:12","date_gmt":"2013-12-26T04:26:12","guid":{"rendered":"http:\/\/putaendouno.cl\/?p=10170"},"modified":"2013-12-26T01:26:12","modified_gmt":"2013-12-26T04:26:12","slug":"vuelca-bus-con-peregrinos-de-andacollo","status":"publish","type":"post","link":"https:\/\/putaendouno.cl\/?p=10170","title":{"rendered":"\u00a1Vuelca bus con peregrinos de Andacollo!"},"content":{"rendered":"<div class=\"lazysocialbuttons\" data-float=\"left\" data-buttons=\"google,twitter,facebook\" data-twshareurl=\"https:\/\/putaendouno.cl\/?p=10170\" data-twtext=\"\" data-shareurl=\"https:\/\/putaendouno.cl\/?p=10170\" data-fbhideflyout=\"false\" data-backgroundtype=\"light\"><\/div><h3><span style=\"color: #0000ff;\"><a href=\"http:\/\/putaendouno.cl\/wp-content\/uploads\/2013\/12\/accid-andacollo.png\"><img loading=\"lazy\" decoding=\"async\" class=\"aligncenter size-full wp-image-10171\" alt=\"accid andacollo\" src=\"http:\/\/putaendouno.cl\/wp-content\/uploads\/2013\/12\/accid-andacollo.png\" width=\"640\" height=\"316\" srcset=\"https:\/\/putaendouno.cl\/wp-content\/uploads\/2013\/12\/accid-andacollo.png 640w, https:\/\/putaendouno.cl\/wp-content\/uploads\/2013\/12\/accid-andacollo-300x148.png 300w\" sizes=\"auto, (max-width: 640px) 100vw, 640px\" \/><\/a>Una mujer de 51 a\u00f1os se encuentra en riesgo vital en el Hospital de Coquimbo y cerca de 30 personas resultaron heridas.-<\/span><\/h3>\n<p><strong>Un bus que transportaba peregrinos de la Fiesta de la Virgen de Andacollo protagoniz\u00f3 un volcamiento a la altura del Kil\u00f3metro 22 de la Ruta D-43<\/strong>, en la cuesta Las Cardas, a unos 35 kil\u00f3metros de Ovalle.<\/p>\n<p><strong>De acuerdo a los primeros reportes, cerca de 30 personas resultaron lesionadas en el accidente.<\/strong><\/p>\n<p>El chofer identificado como Carlos D\u00edaz, al adelantar un veh\u00edculo que circulaba en sentido contrario, perdi\u00f3 el control de la m\u00e1quina y volc\u00f3 en el lugar.<\/p>\n<p>Efectivos de Carabineros y ambulancias se desplazaron al lugar para prestar asistencia a los heridos, mientras se investigan las razones por las que el conductor de la m\u00e1quina perdi\u00f3 el control del veh\u00edculo.<\/p>\n<p>El prefecto de Carabineros de la Regi\u00f3n de Coquimbo,<strong>\u00a0Julio Gordon<\/strong>, se\u00f1al\u00f3 que solo una persona result\u00f3 grave: &#8220;El conductor del veh\u00edculo, en momento que estaba efectuando el adelantamiento, por situaciones que se investigan habr\u00eda perdido el control del veh\u00edculo, volc\u00e1ndose hacia la izquierda de la calzada&#8221;.<\/p>\n<p><strong>&#8220;Hay aproximadamente 30 personas lesionadas de los 32 ocupantes y solamente una estar\u00eda con riesgo vital, una se\u00f1ora de 51 a\u00f1os que fue trasladada en el helic\u00f3ptero de Carabineros de ac\u00e1 de la regi\u00f3n hacia el Hospital de Coquimbo, donde est\u00e1 recibiendo la atenci\u00f3n m\u00e9dica&#8221;,<\/strong>\u00a0indic\u00f3.<\/p>\n<p>(Cp\/P1)<\/p>\n<p><strong>La mujer fue identificada como Lucy Olivares Rodr\u00edguez, de 51 a\u00f1os<\/strong>, y el resto de los ocupantes de la m\u00e1quina resultaron con lesiones leves.<\/p>\n","protected":false},"excerpt":{"rendered":"<p>Una mujer de 51 a\u00f1os se encuentra en riesgo vital en el Hospital de Coquimbo y cerca de 30 personas resultaron heridas.- Un bus que transportaba peregrinos de la Fiesta de la Virgen de Andacollo protagoniz\u00f3 un volcamiento a la altura del Kil\u00f3metro 22 de la Ruta D-43, en la cuesta Las Cardas, a unos [&hellip;]<\/p>\n","protected":false},"author":1,"featured_media":10171,"comment_status":"open","ping_status":"open","sticky":false,"template":"","format":"standard","meta":{"footnotes":""},"categories":[7,15],"tags":[],"class_list":["post-10170","post","type-post","status-publish","format-standard","has-post-thumbnail","hentry","category-nacionales-y-otras","category-general"],"jetpack_sharing_enabled":true,"jetpack_featured_media_url":"https:\/\/putaendouno.cl\/wp-content\/uploads\/2013\/12\/accid-andacollo.png","_links":{"self":[{"href":"https:\/\/putaendouno.cl\/index.php?rest_route=\/wp\/v2\/posts\/10170","targetHints":{"allow":["GET"]}}],"collection":[{"href":"https:\/\/putaendouno.cl\/index.php?rest_route=\/wp\/v2\/posts"}],"about":[{"href":"https:\/\/putaendouno.cl\/index.php?rest_route=\/wp\/v2\/types\/post"}],"author":[{"embeddable":true,"href":"https:\/\/putaendouno.cl\/index.php?rest_route=\/wp\/v2\/users\/1"}],"replies":[{"embeddable":true,"href":"https:\/\/putaendouno.cl\/index.php?rest_route=%2Fwp%2Fv2%2Fcomments&post=10170"}],"version-history":[{"count":1,"href":"https:\/\/putaendouno.cl\/index.php?rest_route=\/wp\/v2\/posts\/10170\/revisions"}],"predecessor-version":[{"id":10172,"href":"https:\/\/putaendouno.cl\/index.php?rest_route=\/wp\/v2\/posts\/10170\/revisions\/10172"}],"wp:featuredmedia":[{"embeddable":true,"href":"https:\/\/putaendouno.cl\/index.php?rest_route=\/wp\/v2\/media\/10171"}],"wp:attachment":[{"href":"https:\/\/putaendouno.cl\/index.php?rest_route=%2Fwp%2Fv2%2Fmedia&parent=10170"}],"wp:term":[{"taxonomy":"category","embeddable":true,"href":"https:\/\/putaendouno.cl\/index.php?rest_route=%2Fwp%2Fv2%2Fcategories&post=10170"},{"taxonomy":"post_tag","embeddable":true,"href":"https:\/\/putaendouno.cl\/index.php?rest_route=%2Fwp%2Fv2%2Ftags&post=10170"}],"curies":[{"name":"wp","href":"https:\/\/api.w.org\/{rel}","templated":true}]}}