{"id":10162,"date":"2013-12-25T23:28:14","date_gmt":"2013-12-26T02:28:14","guid":{"rendered":"http:\/\/putaendouno.cl\/?p=10162"},"modified":"2013-12-25T23:29:20","modified_gmt":"2013-12-26T02:29:20","slug":"bruno-baranda-allamand-no-puso-reparos-mientras-fue-ministro","status":"publish","type":"post","link":"https:\/\/putaendouno.cl\/?p=10162","title":{"rendered":"Bruno Baranda: &#8220;Allamand no puso reparos mientras fue Ministro&#8221;"},"content":{"rendered":"<div class=\"lazysocialbuttons\" data-float=\"left\" data-buttons=\"google,twitter,facebook\" data-twshareurl=\"https:\/\/putaendouno.cl\/?p=10162\" data-twtext=\"\" data-shareurl=\"https:\/\/putaendouno.cl\/?p=10162\" data-fbhideflyout=\"false\" data-backgroundtype=\"light\"><\/div><h3><span style=\"color: #0000ff;\"><a href=\"http:\/\/putaendouno.cl\/wp-content\/uploads\/2013\/12\/Baranda.jpg\"><img loading=\"lazy\" decoding=\"async\" class=\"aligncenter size-full wp-image-10163\" alt=\"Baranda\" src=\"http:\/\/putaendouno.cl\/wp-content\/uploads\/2013\/12\/Baranda.jpg\" width=\"649\" height=\"318\" srcset=\"https:\/\/putaendouno.cl\/wp-content\/uploads\/2013\/12\/Baranda.jpg 649w, https:\/\/putaendouno.cl\/wp-content\/uploads\/2013\/12\/Baranda-300x146.jpg 300w\" sizes=\"auto, (max-width: 649px) 100vw, 649px\" \/><\/a>Ministro de Desarrollo Social critic\u00f3 duramente a electo Senador RN.-<\/span><\/h3>\n<p>El ministro de Desarrollo Social,\u00a0<strong>Bruno Baranda (RN)<\/strong>, asegur\u00f3 este mi\u00e9rcoles que &#8220;ning\u00fan ex ministro&#8221; puede criticar la gesti\u00f3n del Gobierno sin haber manifestado sus reparos desde el interior, tras la pol\u00e9mica por los dichos del senador electo por Santiago Poniente, Andr\u00e9s Allamand, que culp\u00f3 al Presidente Sebasti\u00e1n Pi\u00f1era por la derrota en las pasadas elecciones.<\/p>\n<p>&#8220;Yo he tenido la oportunidad de conversar con todos los ministros, y todos se sienten profundamente representados en la posici\u00f3n que, tanto el ministro del Interior y otros ministros, han expresado.\u00a0<strong>No puede ser que un ex ministro hoy analice con la forma y el fondo con que Allamand lo est\u00e1 haciendo<\/strong>, habiendo participado en un gobierno, y no habiendo hecho presentes las mismas inquietudes, ni siquiera reparos, al momentos en que asumi\u00f3 un cargo&#8221;, indic\u00f3.<\/p>\n<p>Baranda reuni\u00f3 el martes con los ministros de Defensa (Rodrigo Hinzpeter) y Segegob (Cecilia P\u00e9rez), tambi\u00e9n militantes RN, para analizar los dichos de Allamand. El conflicto se agudiza de cara a los consejos nacionales de los partidos de la Alianza -RN y UDI- que est\u00e1n agendados para la primera quincena de enero.<\/p>\n<p>Ante esta situaci\u00f3n, el senador electo de la UDI por Los Lagos,\u00a0<strong>Iv\u00e1n Moreira<\/strong>, se\u00f1al\u00f3 que la instancia ser\u00e1 &#8220;esencial&#8221; para realizar una autocr\u00edtica y nunca m\u00e1s tener una selecci\u00f3n &#8220;vejatoria&#8221; de candidatos presidenciales.<\/p>\n<p>&#8220;Esta tempestad va a pasar, hemos estado acostumbrados en la derecha a que estas situaciones ocurran siempre,\u00a0<strong>pero yo espero que en el consejo ampliado nosotros nos hagamos una autocr\u00edtica y tambi\u00e9n que no vuelva m\u00e1s a suceder que dentro de la UDI ocurra un proceso de selecci\u00f3n de candidatos bastante vejatorio para muchos<\/strong>&#8220;, indic\u00f3.<\/p>\n<p>Manifest\u00f3 que\u00a0<strong>&#8220;hay muchas personas, incluido yo, que estamos muy desilusionados con lo que est\u00e1 pasando. La unidad es la palabra clave en momentos dif\u00edcil&#8221;.<\/strong><\/p>\n<p>A estas discrepancias se suma el senador electo por Santiago Oriente, el RN\u00a0<strong>Manuel Jos\u00e9 Ossand\u00f3n<\/strong>, quien acus\u00f3 &#8220;deslealtad&#8221; de Ev\u00f3poli, movimiento al que acus\u00f3 de &#8220;levantar&#8221; adherentes.<\/p>\n<p>Se espera que todos los involucrados se vean las caras el pr\u00f3ximo 18 de enero, cuando se realice el consejo ampliado de Renovaci\u00f3n Nacional.<\/p>\n<p>(Cp\/P1)<\/p>\n","protected":false},"excerpt":{"rendered":"<p>Ministro de Desarrollo Social critic\u00f3 duramente a electo Senador RN.- El ministro de Desarrollo Social,\u00a0Bruno Baranda (RN), asegur\u00f3 este mi\u00e9rcoles que &#8220;ning\u00fan ex ministro&#8221; puede criticar la gesti\u00f3n del Gobierno sin haber manifestado sus reparos desde el interior, tras la pol\u00e9mica por los dichos del senador electo por Santiago Poniente, Andr\u00e9s Allamand, que culp\u00f3 al [&hellip;]<\/p>\n","protected":false},"author":1,"featured_media":10163,"comment_status":"open","ping_status":"open","sticky":false,"template":"","format":"standard","meta":{"footnotes":""},"categories":[15],"tags":[],"class_list":["post-10162","post","type-post","status-publish","format-standard","has-post-thumbnail","hentry","category-general"],"jetpack_sharing_enabled":true,"jetpack_featured_media_url":"https:\/\/putaendouno.cl\/wp-content\/uploads\/2013\/12\/Baranda.jpg","_links":{"self":[{"href":"https:\/\/putaendouno.cl\/index.php?rest_route=\/wp\/v2\/posts\/10162","targetHints":{"allow":["GET"]}}],"collection":[{"href":"https:\/\/putaendouno.cl\/index.php?rest_route=\/wp\/v2\/posts"}],"about":[{"href":"https:\/\/putaendouno.cl\/index.php?rest_route=\/wp\/v2\/types\/post"}],"author":[{"embeddable":true,"href":"https:\/\/putaendouno.cl\/index.php?rest_route=\/wp\/v2\/users\/1"}],"replies":[{"embeddable":true,"href":"https:\/\/putaendouno.cl\/index.php?rest_route=%2Fwp%2Fv2%2Fcomments&post=10162"}],"version-history":[{"count":2,"href":"https:\/\/putaendouno.cl\/index.php?rest_route=\/wp\/v2\/posts\/10162\/revisions"}],"predecessor-version":[{"id":10165,"href":"https:\/\/putaendouno.cl\/index.php?rest_route=\/wp\/v2\/posts\/10162\/revisions\/10165"}],"wp:featuredmedia":[{"embeddable":true,"href":"https:\/\/putaendouno.cl\/index.php?rest_route=\/wp\/v2\/media\/10163"}],"wp:attachment":[{"href":"https:\/\/putaendouno.cl\/index.php?rest_route=%2Fwp%2Fv2%2Fmedia&parent=10162"}],"wp:term":[{"taxonomy":"category","embeddable":true,"href":"https:\/\/putaendouno.cl\/index.php?rest_route=%2Fwp%2Fv2%2Fcategories&post=10162"},{"taxonomy":"post_tag","embeddable":true,"href":"https:\/\/putaendouno.cl\/index.php?rest_route=%2Fwp%2Fv2%2Ftags&post=10162"}],"curies":[{"name":"wp","href":"https:\/\/api.w.org\/{rel}","templated":true}]}}