{"id":10111,"date":"2013-12-23T20:49:03","date_gmt":"2013-12-23T23:49:03","guid":{"rendered":"http:\/\/putaendouno.cl\/?p=10111"},"modified":"2013-12-23T20:49:23","modified_gmt":"2013-12-23T23:49:23","slug":"gobernadora-boffa-se-matricula-en-universidad-de-aconcagua","status":"publish","type":"post","link":"https:\/\/putaendouno.cl\/?p=10111","title":{"rendered":"\u00a1Gobernadora Boffa se matricula en Universidad de Aconcagua!"},"content":{"rendered":"<div class=\"lazysocialbuttons\" data-float=\"left\" data-buttons=\"google,twitter,facebook\" data-twshareurl=\"https:\/\/putaendouno.cl\/?p=10111\" data-twtext=\"\" data-shareurl=\"https:\/\/putaendouno.cl\/?p=10111\" data-fbhideflyout=\"false\" data-backgroundtype=\"light\"><\/div><h3><span style=\"color: #0000ff;\"><a href=\"http:\/\/putaendouno.cl\/wp-content\/uploads\/2013\/12\/Boffa-va-la-U.jpg\"><img loading=\"lazy\" decoding=\"async\" class=\"aligncenter size-full wp-image-10112\" alt=\"Boffa va  la U\" src=\"http:\/\/putaendouno.cl\/wp-content\/uploads\/2013\/12\/Boffa-va-la-U.jpg\" width=\"640\" height=\"320\" srcset=\"https:\/\/putaendouno.cl\/wp-content\/uploads\/2013\/12\/Boffa-va-la-U.jpg 640w, https:\/\/putaendouno.cl\/wp-content\/uploads\/2013\/12\/Boffa-va-la-U-300x150.jpg 300w\" sizes=\"auto, (max-width: 640px) 100vw, 640px\" \/><\/a>Estudiar\u00e1 Trabajo Social a partir de marzo.-<\/span><\/h3>\n<p>La Gobernadora de San Felipe, Patricia Boffa, anunci\u00f3 esta tarde que se matricul\u00f3 en la Universidad de Aconcagua, sede San Felipe, para estudiar la carrera Trabajo Social, a partir de marzo 2014.<\/p>\n<p>Cumpliendo un anhelo guardado desde su juventud, la autoridad iniciar\u00e1 sus estudios superiores el pr\u00f3ximo 24 de marzo. La Gobernadora, que debe dejar su cargo el 11 de marzo, cuando se produzca el traspaso de Gobierno, comenzar\u00e1 as\u00ed una nueva etapa, postergada por responsabilidades familiares. Pero hoy, que ya tiene buena parte de la tarea familiar resuelta, pues es -seg\u00fan ella misma se\u00f1ala- &#8220;esposa y madre&#8221;, y desde hace poco, tambi\u00e9n abuela, puede concretar este antiguo sue\u00f1o. &#8220;Un sue\u00f1o que no pude concretar en mi juventud y ahora que soy esposa y madre lo voy a llevar a cabo, solo ruego a Dios que me acompa\u00f1e&#8221;, se\u00f1al\u00f3.<\/p>\n<p>Un lindo desaf\u00edo para una persona que ya est\u00e1 en la median\u00eda de su vida, y que, con valent\u00eda, deber\u00e1 enfrentar a partir de marzo. El &#8220;mechoneo&#8221;, las protestas y marchas estudiantiles, las demandas por una mejor educaci\u00f3n, ahora la encontrar\u00e1n al otro lado del mes\u00f3n. Desaf\u00edos que no la arredran, pues durante el ejercicio de su cargo, demostr\u00f3 bastante coraje para enfrentar situaciones dif\u00edciles.<\/p>\n<p>Con la sabidur\u00eda y experiencia de su trayectoria, sin duda ser\u00e1 otra tarea exitosa.<\/p>\n<p>&nbsp;<\/p>\n","protected":false},"excerpt":{"rendered":"<p>Estudiar\u00e1 Trabajo Social a partir de marzo.- La Gobernadora de San Felipe, Patricia Boffa, anunci\u00f3 esta tarde que se matricul\u00f3 en la Universidad de Aconcagua, sede San Felipe, para estudiar la carrera Trabajo Social, a partir de marzo 2014. Cumpliendo un anhelo guardado desde su juventud, la autoridad iniciar\u00e1 sus estudios superiores el pr\u00f3ximo 24 [&hellip;]<\/p>\n","protected":false},"author":1,"featured_media":10112,"comment_status":"open","ping_status":"open","sticky":false,"template":"","format":"standard","meta":{"footnotes":""},"categories":[15,5],"tags":[],"class_list":["post-10111","post","type-post","status-publish","format-standard","has-post-thumbnail","hentry","category-general","category-aconcagua"],"jetpack_sharing_enabled":true,"jetpack_featured_media_url":"https:\/\/putaendouno.cl\/wp-content\/uploads\/2013\/12\/Boffa-va-la-U.jpg","_links":{"self":[{"href":"https:\/\/putaendouno.cl\/index.php?rest_route=\/wp\/v2\/posts\/10111","targetHints":{"allow":["GET"]}}],"collection":[{"href":"https:\/\/putaendouno.cl\/index.php?rest_route=\/wp\/v2\/posts"}],"about":[{"href":"https:\/\/putaendouno.cl\/index.php?rest_route=\/wp\/v2\/types\/post"}],"author":[{"embeddable":true,"href":"https:\/\/putaendouno.cl\/index.php?rest_route=\/wp\/v2\/users\/1"}],"replies":[{"embeddable":true,"href":"https:\/\/putaendouno.cl\/index.php?rest_route=%2Fwp%2Fv2%2Fcomments&post=10111"}],"version-history":[{"count":2,"href":"https:\/\/putaendouno.cl\/index.php?rest_route=\/wp\/v2\/posts\/10111\/revisions"}],"predecessor-version":[{"id":10114,"href":"https:\/\/putaendouno.cl\/index.php?rest_route=\/wp\/v2\/posts\/10111\/revisions\/10114"}],"wp:featuredmedia":[{"embeddable":true,"href":"https:\/\/putaendouno.cl\/index.php?rest_route=\/wp\/v2\/media\/10112"}],"wp:attachment":[{"href":"https:\/\/putaendouno.cl\/index.php?rest_route=%2Fwp%2Fv2%2Fmedia&parent=10111"}],"wp:term":[{"taxonomy":"category","embeddable":true,"href":"https:\/\/putaendouno.cl\/index.php?rest_route=%2Fwp%2Fv2%2Fcategories&post=10111"},{"taxonomy":"post_tag","embeddable":true,"href":"https:\/\/putaendouno.cl\/index.php?rest_route=%2Fwp%2Fv2%2Ftags&post=10111"}],"curies":[{"name":"wp","href":"https:\/\/api.w.org\/{rel}","templated":true}]}}