{"id":10107,"date":"2013-12-23T16:40:05","date_gmt":"2013-12-23T19:40:05","guid":{"rendered":"http:\/\/putaendouno.cl\/?p=10107"},"modified":"2013-12-23T16:40:05","modified_gmt":"2013-12-23T19:40:05","slug":"ya-van-3-200-hectareas-arrasadas-por-incendio-en-arauco","status":"publish","type":"post","link":"https:\/\/putaendouno.cl\/?p=10107","title":{"rendered":"\u00a1Ya van 3.200 hect\u00e1reas arrasadas por incendio en Arauco"},"content":{"rendered":"<div class=\"lazysocialbuttons\" data-float=\"left\" data-buttons=\"google,twitter,facebook\" data-twshareurl=\"https:\/\/putaendouno.cl\/?p=10107\" data-twtext=\"\" data-shareurl=\"https:\/\/putaendouno.cl\/?p=10107\" data-fbhideflyout=\"false\" data-backgroundtype=\"light\"><\/div><h3><span style=\"color: #0000ff;\"><a href=\"http:\/\/putaendouno.cl\/wp-content\/uploads\/2013\/12\/if-arauco1.jpg\"><img loading=\"lazy\" decoding=\"async\" class=\"aligncenter size-full wp-image-10108\" alt=\"if arauco\" src=\"http:\/\/putaendouno.cl\/wp-content\/uploads\/2013\/12\/if-arauco1.jpg\" width=\"640\" height=\"319\" srcset=\"https:\/\/putaendouno.cl\/wp-content\/uploads\/2013\/12\/if-arauco1.jpg 640w, https:\/\/putaendouno.cl\/wp-content\/uploads\/2013\/12\/if-arauco1-300x149.jpg 300w\" sizes=\"auto, (max-width: 640px) 100vw, 640px\" \/><\/a>Brigadas de Conaf, del Ej\u00e9rcito, de Bosques Arauco y Bomberos combaten el fuego.-<\/span><\/h3>\n<p>Incontrolable se mantiene el incendio forestal que afecta a la provincia de Arauco y que tiene en alerta a las localidades de Llico, Rumena y Punta Lavapi\u00e9: ya son 3.200 las hect\u00e1reas destruidas.<\/p>\n<p>El siniestro se inici\u00f3 durante el fin de semana y\u00a0ha avanzado sin parar\u00a0a causa del fuerte viento y las altas temperaturas, lo que signific\u00f3 que ya tres casas resultaran quemadas y cerca de 50 personas fueran trasladadas a albergues.<\/p>\n<p>Siete aeronaves est\u00e1n combatiendo el fuego, cinco brigadas de Conaf, dos del Ej\u00e9rcito, nueve de Bosques Arauco y 15 unidades de Bomberos.<\/p>\n<p><strong>Francisco Pozo<\/strong>, director regional de Conaf, detall\u00f3 que &#8220;lleva hoy un avance de 3.200 hect\u00e1reas que tenemos monitoreadas.\u00a0<strong>Probabilidades de control durante el d\u00eda son inciertas. No est\u00e1 tan claro porque hay vientos de hasta 50 kil\u00f3metros por hora y temperaturas sobre 30 grados<\/strong>. Una continuidad de combustible bastante extensa. Un sotobosque muy sucio que ayuda a la ignici\u00f3n&#8221;.<\/p>\n<h3 id=\"vtxt_cuerpo_T0\"><span style=\"color: #0000ff;\">Provincia de Biob\u00edo<\/span><\/h3>\n<p>Dentro de la misma regi\u00f3n est\u00e1 afectada por\u00a0<strong>varios focos de incendio la Provincia de Biob\u00edo, donde una casa result\u00f3 quemada y 250 hect\u00e1reas de bosque han sido consumidas<\/strong>.<\/p>\n<p><strong>Pilar L\u00f3pez<\/strong>, gobernadora subrogante de B\u00edob\u00edo, enumer\u00f3 que &#8220;el primer foco son 20 hect\u00e1reas involucradas, en el segundo 80 hect\u00e1reas y en el tercero 150 hect\u00e1reas.\u00a0<strong>No se descarta que se puedan solicitar recursos a otras regiones<\/strong>&#8220;.<\/p>\n<h3 id=\"vtxt_cuerpo_T1\"><span style=\"color: #0000ff;\">Emergencia en Palena<\/span><\/h3>\n<p>La provincia de Palena, en la Regi\u00f3n de Los Lagos, tambi\u00e9n enfrenta una emergencia por incendios forestales sin control y\u00a0<strong>m\u00e1s de 700 hect\u00e1reas han resultado quemadas<\/strong>.<\/p>\n<p>El intendente\u00a0<strong>Jaime Brahm<\/strong>\u00a0sospecha que se inici\u00f3 &#8220;<strong>este incendio a trav\u00e9s de un descuido de un turista o de un lugare\u00f1o<\/strong>. Si bien no vive nadie es una zona que puede ser transitada a caballo o a pie con bastante esfuerzo&#8221;.<\/p>\n<p>Y\u00a0<strong>Juvenal Bosnic<\/strong>, encargado de manejo de fuego de Conaf, dijo que &#8220;el p\u00fablico debe tener la certeza de que vamos a hacer todos los esfuerzos t\u00e9cnicos como especialistas en este tema del fuego. Sin embargo, tienen que comprender que\u00a0<strong>no podemos arriesgar al personal en una acci\u00f3n temeraria para tratar de minimizar el impacto del fuego<\/strong>&#8220;.<\/p>\n<p>(Cp\/P1)<\/p>\n","protected":false},"excerpt":{"rendered":"<p>Brigadas de Conaf, del Ej\u00e9rcito, de Bosques Arauco y Bomberos combaten el fuego.- Incontrolable se mantiene el incendio forestal que afecta a la provincia de Arauco y que tiene en alerta a las localidades de Llico, Rumena y Punta Lavapi\u00e9: ya son 3.200 las hect\u00e1reas destruidas. El siniestro se inici\u00f3 durante el fin de semana [&hellip;]<\/p>\n","protected":false},"author":1,"featured_media":10108,"comment_status":"open","ping_status":"open","sticky":false,"template":"","format":"standard","meta":{"footnotes":""},"categories":[7,15],"tags":[],"class_list":["post-10107","post","type-post","status-publish","format-standard","has-post-thumbnail","hentry","category-nacionales-y-otras","category-general"],"jetpack_sharing_enabled":true,"jetpack_featured_media_url":"https:\/\/putaendouno.cl\/wp-content\/uploads\/2013\/12\/if-arauco1.jpg","_links":{"self":[{"href":"https:\/\/putaendouno.cl\/index.php?rest_route=\/wp\/v2\/posts\/10107","targetHints":{"allow":["GET"]}}],"collection":[{"href":"https:\/\/putaendouno.cl\/index.php?rest_route=\/wp\/v2\/posts"}],"about":[{"href":"https:\/\/putaendouno.cl\/index.php?rest_route=\/wp\/v2\/types\/post"}],"author":[{"embeddable":true,"href":"https:\/\/putaendouno.cl\/index.php?rest_route=\/wp\/v2\/users\/1"}],"replies":[{"embeddable":true,"href":"https:\/\/putaendouno.cl\/index.php?rest_route=%2Fwp%2Fv2%2Fcomments&post=10107"}],"version-history":[{"count":1,"href":"https:\/\/putaendouno.cl\/index.php?rest_route=\/wp\/v2\/posts\/10107\/revisions"}],"predecessor-version":[{"id":10109,"href":"https:\/\/putaendouno.cl\/index.php?rest_route=\/wp\/v2\/posts\/10107\/revisions\/10109"}],"wp:featuredmedia":[{"embeddable":true,"href":"https:\/\/putaendouno.cl\/index.php?rest_route=\/wp\/v2\/media\/10108"}],"wp:attachment":[{"href":"https:\/\/putaendouno.cl\/index.php?rest_route=%2Fwp%2Fv2%2Fmedia&parent=10107"}],"wp:term":[{"taxonomy":"category","embeddable":true,"href":"https:\/\/putaendouno.cl\/index.php?rest_route=%2Fwp%2Fv2%2Fcategories&post=10107"},{"taxonomy":"post_tag","embeddable":true,"href":"https:\/\/putaendouno.cl\/index.php?rest_route=%2Fwp%2Fv2%2Ftags&post=10107"}],"curies":[{"name":"wp","href":"https:\/\/api.w.org\/{rel}","templated":true}]}}